{"id":1149453,"date":"2026-07-07T13:49:13","date_gmt":"2026-07-07T13:49:13","guid":{"rendered":"https:\/\/www.europesays.com\/de\/1149453\/"},"modified":"2026-07-07T13:49:13","modified_gmt":"2026-07-07T13:49:13","slug":"muenchen-ob-krause-spricht-sich-gegen-neues-abschiebeterminal-am-flughafen-aus-muenchen","status":"publish","type":"post","link":"https:\/\/www.europesays.com\/de\/1149453\/","title":{"rendered":"M\u00fcnchen: OB Krause spricht sich gegen neues Abschiebeterminal am Flughafen aus &#8211; M\u00fcnchen"},"content":{"rendered":"<p data-manual=\"paragraph\" data-schema-org-speakable=\"true\" class=\"css-1eosz7k\">Oberb\u00fcrgermeister Dominik Krause (Gr\u00fcne) spricht sich gegen den Bau eines Abschiebeterminals am M\u00fcnchner Flughafen aus. \u201eIch will nicht, dass <a href=\"https:\/\/www.sueddeutsche.de\/thema\/M%C3%BCnchen\" rel=\"nofollow noopener\" target=\"_blank\">M\u00fcnchen<\/a> zum deutschen oder gar europ\u00e4ischen Drehkreuz f\u00fcr Abschiebungen wird\u201c, sagte er. \u201eAbschiebungen im gro\u00dfen Stil sollten nicht Teil des Gesch\u00e4ftsmodells des M\u00fcnchner Flughafens sein.\u201c Aus Krauses Sicht w\u00e4re das ein \u201eImage-Verlust f\u00fcr M\u00fcnchen\u201c und st\u00fcnde \u201eim Widerspruch zu unserem guten Ruf als Weltstadt mit Herz\u201c. Zuerst hatte die Abendzeitung \u00fcber Krauses Positionierung berichtet.<\/p>\n<p data-manual=\"paragraph\" data-schema-org-speakable=\"true\" class=\"css-1eosz7k\">Es ist das erste Mal, dass der neue OB sich \u00f6ffentlich zu dem geplanten Bau \u00e4u\u00dfert. Die \u201eenorme Dimensionierung\u201c des Terminals bei gleichzeitig deutlich sinkenden Asylzahlen in Deutschland lasse vermuten, \u201edass hier nicht nur Abschiebungen aus Bayern oder dem Bundesgebiet, sondern aus ganz Europa stattfinden sollen\u201c, so Krause weiter. Er k\u00fcndigte an, bei der Sitzung des Flughafen-Aufsichtsrats am kommenden Dienstag gegen den Bau zu stimmen.<\/p>\n<p data-manual=\"paragraph\" data-schema-org-speakable=\"true\" class=\"css-1eosz7k\">An dem geplanten Terminal sollen von 2028 an 100 Menschen in ihre Heimatl\u00e4nder zur\u00fcckgeschickt werden k\u00f6nnen \u2013 jeden Tag. Die <a href=\"https:\/\/www.sueddeutsche.de\/thema\/Flughafen_M%C3%BCnchen\" rel=\"nofollow noopener\" target=\"_blank\">Flughafen M\u00fcnchen<\/a> GmbH soll es bauen, nutzen wird es dann der R\u00fcckf\u00fchrungsdienst der Bundespolizei. Daf\u00fcr wird der Bund j\u00e4hrlich 4,2 Millionen Euro Miete bezahlen. Zuletzt wurde bekannt, <a href=\"https:\/\/www.sueddeutsche.de\/muenchen\/freising\/muenchen-flughafen-abschiebeterminal-freising-bundespolizei-einreise-abschiebungen-li.3505318\" rel=\"nofollow noopener\" target=\"_blank\">dass das Geb\u00e4ude mit einer Grundfl\u00e4che von 4860 Quadratmetern noch gr\u00f6\u00dfer werden soll als zun\u00e4chst geplant<\/a>.<\/p>\n<p data-manual=\"paragraph\" data-schema-org-speakable=\"true\" class=\"css-1eosz7k\">Unterdessen rufen die Pl\u00e4ne viel Kritik hervor. Im Februar forderten mehr als 45 Organisationen, darunter der M\u00fcnchner und der Bayerische Fl\u00fcchtlingsrat, die Stadt in dem Appell \u201eKeine Abschiebehauptstadt M\u00fcnchen!\u201c auf, sich gegen das Vorhaben auszusprechen. Im M\u00e4rz demonstrierten etwa 1000 Menschen gegen das Projekt. Das Selbstverst\u00e4ndnis von M\u00fcnchen als weltoffene Stadt steht f\u00fcr die Kritiker im Widerspruch zu dem geplanten Terminal. <a href=\"https:\/\/www.sueddeutsche.de\/muenchen\/muenchen-abschiebeterminal-flughafen-asyl-fluechtlinge-li.3395939\" rel=\"nofollow noopener\" target=\"_blank\">Sie halten die Pl\u00e4ne zudem f\u00fcr \u00fcberdimensioniert.<\/a> 2025 wurden 22 787 Menschen aus Deutschland abgeschoben \u2013 das neue Geb\u00e4ude k\u00f6nnte 36 500 Abschiebungen pro Jahr erm\u00f6glichen.<\/p>\n<p data-manual=\"paragraph\" data-schema-org-speakable=\"true\" class=\"css-1eosz7k\">So \u00e4hnlich sieht das nun auch OB Krause. Im Aufsichtsrat hat er einen von zwei Sitzen der Stadt inne, neben ihm geh\u00f6rt Wirtschaftsreferent Christian Scharpf (SPD) dem Kontrollgremium an. Die Stadt h\u00e4lt 23 Prozent der Anteile am Flughafen. Insgesamt sitzen 16 Personen im Aufsichtsrat. Auf der Gesellschafterseite gibt es neben den beiden st\u00e4dtischen Sitzen vier f\u00fcr den Freistaat Bayern und zwei f\u00fcr den Bund. Die Arbeitnehmerseite hat ebenfalls insgesamt acht Sitze.<\/p>\n<p data-manual=\"paragraph\" data-schema-org-speakable=\"true\" class=\"css-1eosz7k\">Die Stimmen der Stadt im Aufsichtsrat k\u00f6nnten nun offenbar geteilt ausfallen. Scharpf war am Dienstag nicht f\u00fcr eine Stellungnahme zu erreichen. Auf SZ-Anfrage hatte er aber Anfang M\u00e4rz seine Zustimmung signalisiert: Der geplante Bau sei vor allem als \u201einfrastrukturelle Ma\u00dfnahme zu verstehen\u201c, sagte er damals. Als Aufsichtsrat handle er im Interesse des Flughafens. \u201eDas geplante Terminal \u00e4ndert nichts an der humanit\u00e4ren Grundhaltung der Stadt M\u00fcnchen\u201c, so Scharpf im M\u00e4rz.<\/p>\n<p data-manual=\"paragraph\" data-schema-org-speakable=\"true\" class=\"css-1eosz7k\">Die Fraktion der Gr\u00fcnen im Stadtrat bef\u00fcrwortete Krauses Ank\u00fcndigung, den Bau abzulehnen. Der Freistaat setze auf \u201eteure Symbolpolitik ohne Ma\u00df und Ziel\u201c, sagte Fraktionschefin Clara Nitsche. \u201eDas M\u00fcnchner Veto wird die Pl\u00e4ne leider nicht stoppen k\u00f6nnen, doch es ist ein wichtiges Zeichen f\u00fcr eine menschliche Asylpolitik.\u201c Seinen Worten m\u00fcsse OB Krause nun Taten folgen lassen, forderte Johannes K\u00f6nig, Kreissprecher der M\u00fcnchner Linken. Er solle \u201eseinen Einfluss nutzen, um diese Entscheidung noch aufzuhalten\u201c.<\/p>\n","protected":false},"excerpt":{"rendered":"Oberb\u00fcrgermeister Dominik Krause (Gr\u00fcne) spricht sich gegen den Bau eines Abschiebeterminals am M\u00fcnchner Flughafen aus. \u201eIch will nicht,&hellip;\n","protected":false},"author":2,"featured_media":1149454,"comment_status":"","ping_status":"","sticky":false,"template":"","format":"standard","meta":{"footnotes":"","_share_on_mastodon":"0"},"categories":[1827],"tags":[1680,772,29,2177,10647,30,48652,8059,1268,3661,5909,149,13708],"class_list":["post-1149453","post","type-post","status-publish","format-standard","has-post-thumbnail","category-muenchen","tag-asylpolitik","tag-bayern","tag-deutschland","tag-dominik-krause","tag-flughafen-muenchen","tag-germany","tag-gruene-muenchen","tag-migrations-und-asylpolitik","tag-muenchen","tag-politik-muenchen","tag-stadtrat-muenchen","tag-sueddeutsche-zeitung","tag-verkehr-in-bayern"],"share_on_mastodon":{"url":"https:\/\/pubeurope.com\/@de\/116879017079356333","error":""},"_links":{"self":[{"href":"https:\/\/www.europesays.com\/de\/wp-json\/wp\/v2\/posts\/1149453","targetHints":{"allow":["GET"]}}],"collection":[{"href":"https:\/\/www.europesays.com\/de\/wp-json\/wp\/v2\/posts"}],"about":[{"href":"https:\/\/www.europesays.com\/de\/wp-json\/wp\/v2\/types\/post"}],"author":[{"embeddable":true,"href":"https:\/\/www.europesays.com\/de\/wp-json\/wp\/v2\/users\/2"}],"replies":[{"embeddable":true,"href":"https:\/\/www.europesays.com\/de\/wp-json\/wp\/v2\/comments?post=1149453"}],"version-history":[{"count":0,"href":"https:\/\/www.europesays.com\/de\/wp-json\/wp\/v2\/posts\/1149453\/revisions"}],"wp:featuredmedia":[{"embeddable":true,"href":"https:\/\/www.europesays.com\/de\/wp-json\/wp\/v2\/media\/1149454"}],"wp:attachment":[{"href":"https:\/\/www.europesays.com\/de\/wp-json\/wp\/v2\/media?parent=1149453"}],"wp:term":[{"taxonomy":"category","embeddable":true,"href":"https:\/\/www.europesays.com\/de\/wp-json\/wp\/v2\/categories?post=1149453"},{"taxonomy":"post_tag","embeddable":true,"href":"https:\/\/www.europesays.com\/de\/wp-json\/wp\/v2\/tags?post=1149453"}],"curies":[{"name":"wp","href":"https:\/\/api.w.org\/{rel}","templated":true}]}}