{"id":1149584,"date":"2026-07-07T15:05:20","date_gmt":"2026-07-07T15:05:20","guid":{"rendered":"https:\/\/www.europesays.com\/de\/1149584\/"},"modified":"2026-07-07T15:05:20","modified_gmt":"2026-07-07T15:05:20","slug":"pater-elias-fuellenbach-vom-duesseldorfer-prior-zum-provinzial","status":"publish","type":"post","link":"https:\/\/www.europesays.com\/de\/1149584\/","title":{"rendered":"Pater Elias F\u00fcllenbach: vom D\u00fcsseldorfer Prior zum Provinzial"},"content":{"rendered":"<p class=\"text_ohne_einzug richtext text-em-55 !leading-serif mx-6 desktop:mx-0\">Ab sofort lenkt Pater Elias F\u00fcllenbach (OP) die Geschicke der Dominikanerprovinz des Hl. Albert, die Deutschland und <a href=\"https:\/\/rp-online.de\/thema\/oesterreich\/\" rel=\"nofollow noopener\" target=\"_blank\">\u00d6sterreich<\/a> umfasst. F\u00fcllenbach ist den D\u00fcsseldorfern bestens bekannt. Hier im Jahr 1977 geboren, wuchs der Ordensmann zun\u00e4chst nahe der Inselstra\u00dfe auf (\u201eder Hofgarten war meine Spielwiese\u201c), sp\u00e4ter zog die Familie nach Niederkassel, wo F\u00fcllenbach 1996 am Cecilien-Gymnasium sein <a href=\"https:\/\/rp-online.de\/thema\/abitur\/\" rel=\"nofollow noopener\" target=\"_blank\">Abitur<\/a> machte. Sp\u00e4ter leitete er gut neun Jahre lang als Prior das Dominikanerkloster in der Altstadt und war vielen B\u00fcrgern nicht zuletzt durch seine Messen in der gegen\u00fcberliegenden St. Andreas-Kirche bekannt.<\/p>\n<p class=\"richtext text-em-55 !leading-serif mx-6 desktop:mx-0\">Jetzt wurde der 49-J\u00e4hrige im Wiener Dominikanerkonvent Sancta Maria Rotunda zum neuen Provinzial der Ordensprovinz gew\u00e4hlt. \u201eIch danke den Br\u00fcdern f\u00fcr ihr Vertrauen sehr herzlich und werde versuchen, mein Amt nach bestem Wissen und Gewissen zu erf\u00fcllen\u201c, sagte F\u00fcllenbach nach seiner Wahl. Der D\u00fcsseldorfer folgt Peter Kreutzwald nach, der dieses Amt im Fr\u00fchjahr aus gesundheitlichen Gr\u00fcnden vorzeitig niedergelegt hatte. Dessen bisheriger Stellvertreter, Christophe Holzer, wird auch dem neuen Provinzial als Socius zur Seite stehen. Vor der Wahl F\u00fcllenbachs hatten die Br\u00fcder der Provinz die kanonisch vorgeschriebene \u201eBittmesse zum Heiligen Geist\u201c gefeiert und anschlie\u00dfend \u00fcber die Kandidaten beraten. Wie der Orden mitteilt, sei dann die Abstimmung am darauffolgenden Tag \u201eganz schnell\u201c gegangen.<\/p>\n<p class=\"richtext text-em-55 !leading-serif mx-6 desktop:mx-0\">Der neue Ordensobere, der mit vollem Namen Elias Hieronymus hei\u00dft, sp\u00fcrte seine Berufung schon als \u00e4lterer Sch\u00fcler, trat bald nach dem Abitur in den Orden ein, lebte und studierte in <a href=\"https:\/\/rp-online.de\/thema\/berlin\/\" rel=\"nofollow noopener\" target=\"_blank\">Berlin<\/a>, Worms, K\u00f6ln, Bonn und Oxford. 2006 wurde er in K\u00f6ln zum Priester geweiht. Seine Interessen gehen weit \u00fcber die Theologie hinaus. So studierte F\u00fcllenbach auch Geschichte, Judaistik und Kunstgeschichte. Zuletzt arbeitete er in der Citypastoral an St. Andreas und war Archivar der deutschen Dominikanerprovinz sowie Leiter des \u201eInstituts zur Erforschung der Geschichte des Dominikanerordens im deutschen Sprachraum&#8220; (IGDom).<\/p>\n<p class=\"richtext text-em-55 !leading-serif mx-6 desktop:mx-0\">In seinem wissenschaftlichen Wirken hat sich der D\u00fcsseldorfer vor allem mit dem christlich-j\u00fcdischen Verh\u00e4ltnis und der Zeit des Nationalsozialismus besch\u00e4ftigt. Im Auftrag der deutschen Ordensprovinz initiierte er 2016 in <a href=\"https:\/\/rp-online.de\/thema\/regensburg\/\" rel=\"nofollow noopener\" target=\"_blank\">Regensburg<\/a> eine Ausstellung zum 800-j\u00e4hrigen Jubil\u00e4um des Dominikanerordens unter dem Titel \u201eMehr als Schwarz &amp; Wei\u00df\u201c.<\/p>\n<p class=\"richtext text-em-55 !leading-serif mx-6 desktop:mx-0\">Die deutsch-\u00f6sterreichische Dominikanerprovinz des Hl. Albert vereint seit ihrer Gr\u00fcndung im Januar 2024 rund 130 Ordensm\u00e4nner, das Provinzialat hat seinen Sitz in Mainz. Pater Elias werde aber weiterhin regelm\u00e4\u00dfig in <a href=\"https:\/\/rp-online.de\/thema\/duesseldorf\/\" rel=\"nofollow noopener\" target=\"_blank\">D\u00fcsseldorf<\/a> anzutreffen sein, betont der Orden.<\/p>\n","protected":false},"excerpt":{"rendered":"Ab sofort lenkt Pater Elias F\u00fcllenbach (OP) die Geschicke der Dominikanerprovinz des Hl. Albert, die Deutschland und \u00d6sterreich&hellip;\n","protected":false},"author":2,"featured_media":1149585,"comment_status":"","ping_status":"","sticky":false,"template":"","format":"standard","meta":{"footnotes":"","_share_on_mastodon":"0"},"categories":[1831],"tags":[242,32169,3364,29,117520,121409,241450,241447,3405,11363,241446,30,1209,85531,241452,1433,46787,241449,75624,241448,46831,241451],"class_list":["post-1149584","post","type-post","status-publish","format-standard","has-post-thumbnail","category-duesseldorf","tag-242","tag-albert","tag-de","tag-deutschland","tag-dominikaner","tag-dominikanerkonvents","tag-dominikanerordens","tag-dominikanerprovinz","tag-duesseldorf","tag-elias","tag-fuellenbach","tag-germany","tag-nordrhein-westfalen","tag-orden","tag-ordensprovinz","tag-oesterreich","tag-pater","tag-peter-carl-aloys-kreutzwald","tag-provinz","tag-provinzen","tag-provinzial","tag-provinzialat"],"share_on_mastodon":{"url":"https:\/\/pubeurope.com\/@de\/116879315853030985","error":""},"_links":{"self":[{"href":"https:\/\/www.europesays.com\/de\/wp-json\/wp\/v2\/posts\/1149584","targetHints":{"allow":["GET"]}}],"collection":[{"href":"https:\/\/www.europesays.com\/de\/wp-json\/wp\/v2\/posts"}],"about":[{"href":"https:\/\/www.europesays.com\/de\/wp-json\/wp\/v2\/types\/post"}],"author":[{"embeddable":true,"href":"https:\/\/www.europesays.com\/de\/wp-json\/wp\/v2\/users\/2"}],"replies":[{"embeddable":true,"href":"https:\/\/www.europesays.com\/de\/wp-json\/wp\/v2\/comments?post=1149584"}],"version-history":[{"count":0,"href":"https:\/\/www.europesays.com\/de\/wp-json\/wp\/v2\/posts\/1149584\/revisions"}],"wp:featuredmedia":[{"embeddable":true,"href":"https:\/\/www.europesays.com\/de\/wp-json\/wp\/v2\/media\/1149585"}],"wp:attachment":[{"href":"https:\/\/www.europesays.com\/de\/wp-json\/wp\/v2\/media?parent=1149584"}],"wp:term":[{"taxonomy":"category","embeddable":true,"href":"https:\/\/www.europesays.com\/de\/wp-json\/wp\/v2\/categories?post=1149584"},{"taxonomy":"post_tag","embeddable":true,"href":"https:\/\/www.europesays.com\/de\/wp-json\/wp\/v2\/tags?post=1149584"}],"curies":[{"name":"wp","href":"https:\/\/api.w.org\/{rel}","templated":true}]}}