{"id":1149596,"date":"2026-07-07T15:11:19","date_gmt":"2026-07-07T15:11:19","guid":{"rendered":"https:\/\/www.europesays.com\/de\/1149596\/"},"modified":"2026-07-07T15:11:19","modified_gmt":"2026-07-07T15:11:19","slug":"waldbrand-bei-koeln-geloescht-nrw","status":"publish","type":"post","link":"https:\/\/www.europesays.com\/de\/1149596\/","title":{"rendered":"Waldbrand bei K\u00f6ln gel\u00f6scht | NRW"},"content":{"rendered":"<p>Seit Montagnachmittag brannte es in der Wahner Heide in der N\u00e4he des K\u00f6ln\/Bonner Flughafens. Doch jetzt wurde Entwarnung gegeben.<\/p>\n<p id=\"absatz1\" class=\"em_text\">Der Waldbrand in der Wahner Heide \u00f6stlich von K\u00f6ln ist zu Ende. Gegen 14.00 Uhr habe \u201cFeuer aus\u201d gemeldet werden k\u00f6nnen, teilte die Feuerwehr R\u00f6srath mit. Eine Gefahr f\u00fcr die Bev\u00f6lkerung habe w\u00e4hrend des gesamten Einsatzes nicht bestanden. \u201cAuch der Flugbetrieb des K\u00f6ln\/Bonner Flughafens war zu keinem Zeitpunkt beeintr\u00e4chtigt\u201d, so die Feuerwehr.<\/p>\n<p id=\"absatz2\" class=\"em_text\">Das Feuer war am Montag aus bislang unbekannter Ursache ausgebrochen. Laut Feuerwehr war bei den L\u00f6scharbeiten besondere Vorsicht geboten, weil sich im Boden des fr\u00fcheren milit\u00e4rischen \u00dcbungsgel\u00e4ndes gef\u00e4hrliche Munitionsreste und Blindg\u00e4nger aus dem Zweiten Weltkrieg befinden k\u00f6nnten. Um die Feuerwehrleute zu sch\u00fctzen, betraten diese deshalb das Brandgebiet nicht, sondern bek\u00e4mpften das Feuer von sicheren Waldwegen aus. Ein L\u00f6schhubschrauber unterst\u00fctzte sie aus der Luft.<\/p>\n<p><a class=\"link-img\" href=\"https:\/\/www.mt.de\/_em_daten\/_cache\/image\/1xRG40QnZPblJGUERFT2htK3BoVmI1b2dPUE1NVGdxRkJYSnFvNFJEaWJQSFpOSWptSmszeVJOQ3R5TVRObEhSa3hkMHdyVGJ0MDh6cFAzbVozMGtDTUNVSmwrZzBCTGhVMlk4TkZQZnR5VkxJR3hFeGpBL2EwcG9SQ0lGM3lVRmU\/260707-0743-urn-newsml-dpa-com-20090101-260707-935-1462880.webp\" data-fancybox=\"images\" data-caption=\"Es besteht der Verdacht, dass im Boden des fr\u00fcheren milit\u00e4rischen \u00dcbungsgel\u00e4ndes Munitionsreste liegen, die durch das Feuer explodieren k\u00f6nnten. - \u00a9 str\/dpa\" rel=\"nofollow noopener\" target=\"_blank\"><br \/>\n<img decoding=\"async\"  src=\"https:\/\/www.europesays.com\/de\/wp-content\/uploads\/2026\/07\/260707-0743-urn-newsml-dpa-com-20090101-260707-935-1462880.webp\" loading=\"lazy\" width=\"1000\" alt=\"Es besteht der Verdacht, dass im Boden des fr\u00fcheren milit\u00e4rischen \u00dcbungsgel\u00e4ndes Munitionsreste liegen, die durch das Feuer explodieren k\u00f6nnten. - \u00a9 str\/dpa\"\/><\/p>\n<p><\/a><\/p>\n<p>Es besteht der Verdacht, dass im Boden des fr\u00fcheren milit\u00e4rischen \u00dcbungsgel\u00e4ndes Munitionsreste liegen, die durch das Feuer explodieren k\u00f6nnten. &#8211; \u00a9 str\/dpa<\/p>\n","protected":false},"excerpt":{"rendered":"Seit Montagnachmittag brannte es in der Wahner Heide in der N\u00e4he des K\u00f6ln\/Bonner Flughafens. Doch jetzt wurde Entwarnung&hellip;\n","protected":false},"author":2,"featured_media":1149597,"comment_status":"","ping_status":"","sticky":false,"template":"","format":"standard","meta":{"footnotes":"","_share_on_mastodon":"0"},"categories":[1828],"tags":[29,985,30,1420,1209,2215,5666],"class_list":["post-1149596","post","type-post","status-publish","format-standard","has-post-thumbnail","category-koeln","tag-deutschland","tag-feuerwehr","tag-germany","tag-koeln","tag-nordrhein-westfalen","tag-roesrath","tag-waldbrand"],"share_on_mastodon":{"url":"https:\/\/pubeurope.com\/@de\/116879340911334640","error":""},"_links":{"self":[{"href":"https:\/\/www.europesays.com\/de\/wp-json\/wp\/v2\/posts\/1149596","targetHints":{"allow":["GET"]}}],"collection":[{"href":"https:\/\/www.europesays.com\/de\/wp-json\/wp\/v2\/posts"}],"about":[{"href":"https:\/\/www.europesays.com\/de\/wp-json\/wp\/v2\/types\/post"}],"author":[{"embeddable":true,"href":"https:\/\/www.europesays.com\/de\/wp-json\/wp\/v2\/users\/2"}],"replies":[{"embeddable":true,"href":"https:\/\/www.europesays.com\/de\/wp-json\/wp\/v2\/comments?post=1149596"}],"version-history":[{"count":0,"href":"https:\/\/www.europesays.com\/de\/wp-json\/wp\/v2\/posts\/1149596\/revisions"}],"wp:featuredmedia":[{"embeddable":true,"href":"https:\/\/www.europesays.com\/de\/wp-json\/wp\/v2\/media\/1149597"}],"wp:attachment":[{"href":"https:\/\/www.europesays.com\/de\/wp-json\/wp\/v2\/media?parent=1149596"}],"wp:term":[{"taxonomy":"category","embeddable":true,"href":"https:\/\/www.europesays.com\/de\/wp-json\/wp\/v2\/categories?post=1149596"},{"taxonomy":"post_tag","embeddable":true,"href":"https:\/\/www.europesays.com\/de\/wp-json\/wp\/v2\/tags?post=1149596"}],"curies":[{"name":"wp","href":"https:\/\/api.w.org\/{rel}","templated":true}]}}