{"id":1149810,"date":"2026-07-07T17:09:13","date_gmt":"2026-07-07T17:09:13","guid":{"rendered":"https:\/\/www.europesays.com\/de\/1149810\/"},"modified":"2026-07-07T17:09:13","modified_gmt":"2026-07-07T17:09:13","slug":"schock-auf-der-hochstrasse-warum-ernst-merkel-bei-zeremonie-zusammenbricht-ludwigshafen","status":"publish","type":"post","link":"https:\/\/www.europesays.com\/de\/1149810\/","title":{"rendered":"Schock auf der Hochstra\u00dfe: Warum Ernst Merkel bei Zeremonie zusammenbricht &#8211; Ludwigshafen"},"content":{"rendered":"<p class=\"rhp-dpa-teaser\"><b>Bei der  Einweihung der Hochstra\u00dfe S\u00fcd sorgte der ehemalige Ludwigshafener Baudezernent  f\u00fcr Aufregung. Er wurde im Rettungswagen abtransportiert. Was er selbst dazu sagt.<\/b><\/p>\n<p>Ausgerechnet <a href=\"https:\/\/www.rheinpfalz.de\/lokal\/ludwigshafen_artikel,-baudezernent-und-gag-chef-ernst-merkel-wird-75-jahre-alt-_arid,5735564.html\" class=\"external-link-new-window\" title=\"\" target=\"_self\" rel=\"nofollow noopener\">Ernst Merkel<\/a>: Ein Mann wie ein Baum, fr\u00fcherer Zehnk\u00e4mpfer, \u00fcber 1,90 Meter gro\u00df,  H\u00e4ndedruck wie ein Maurer \u2013 am vergangenen Freitag sorgte der ehemalige  Baudezernent <a href=\"https:\/\/www.rheinpfalz.de\/lokal\/ludwigshafen_artikel,-neue-hochstra%C3%9Fe-s%C3%BCd-offiziell-freigegeben-prominenter-besuch-und-ein-schockmoment-_arid,5906735.html\" class=\"external-link-new-window\" title=\"\" target=\"_self\" rel=\"nofollow noopener\">bei der offiziellen Einweihung der neuen Hochstra\u00dfe S\u00fcd<\/a> f\u00fcr einen Schockmoment. Ministerpr\u00e4sident <a class=\"rtr-entity\" data-rtr-entity=\"Gordon Schnieder\" data-rtr-id=\"877f98d501f2b05e89d26098bcb898f06047171a\" data-rtr-score=\"26.92866296454507\" data-rtr-etype=\"person\" data-rtr-index=\"3\" href=\"https:\/\/www.rheinpfalz.de\/themen\/gordon-schnieder\" rel=\"nofollow noopener\" target=\"_blank\">Gordon Schnieder<\/a> hatte vor den 250 geladenen G\u00e4sten gerade ein paar salbungsvolle Worte gesprochen, da ging pl\u00f6tzlich ein Raunen durch die Menge.  <a class=\"rtr-entity\" data-rtr-entity=\"Ernst Merkel\" data-rtr-id=\"88bf707b9214f067db343a0bb7426b51ecc34a1b\" data-rtr-score=\"494.09653994019646\" data-rtr-etype=\"person\" data-rtr-index=\"22\" href=\"https:\/\/www.rheinpfalz.de\/themen\/ernst-merkel\" rel=\"nofollow noopener\" target=\"_blank\">Merkel<\/a> war wegen Kreislaufproblemen umgekippt und  auf den Asphalt gest\u00fcrzt.<\/p>\n<p> Gordon Schnieder verlie\u00df<\/p>\n<p class=\"rhp-teaser\"><b>Bei der  Einweihung der Hochstra\u00dfe S\u00fcd sorgte der ehemalige Ludwigshafener Baudezernent  f\u00fcr Aufregung. Er wurde im Rettungswagen abtransportiert. Was er selbst dazu sagt.<\/b><\/p>\n","protected":false},"excerpt":{"rendered":"Bei der Einweihung der Hochstra\u00dfe S\u00fcd sorgte der ehemalige Ludwigshafener Baudezernent f\u00fcr Aufregung. Er wurde im Rettungswagen abtransportiert.&hellip;\n","protected":false},"author":2,"featured_media":1149811,"comment_status":"","ping_status":"","sticky":false,"template":"","format":"standard","meta":{"footnotes":"","_share_on_mastodon":"0"},"categories":[1845],"tags":[1634,685,31,3364,29,241480,548,663,3934,30,49493,13,4060,25476,2096,14,15,74903,241481,12,9914],"class_list":["post-1149810","post","type-post","status-publish","format-standard","has-post-thumbnail","category-mannheim","tag-baden-wuerttemberg","tag-bundeswehr","tag-cdu","tag-de","tag-deutschland","tag-ernst-merkel","tag-eu","tag-europa","tag-europe","tag-germany","tag-gordon-schnieder","tag-headlines","tag-lokal","tag-ludwigshafen","tag-mannheim","tag-nachrichten","tag-news","tag-patrick-schnieder","tag-peter-ramsauer","tag-schlagzeilen","tag-sued"],"share_on_mastodon":{"url":"https:\/\/pubeurope.com\/@de\/116879803220164399","error":""},"_links":{"self":[{"href":"https:\/\/www.europesays.com\/de\/wp-json\/wp\/v2\/posts\/1149810","targetHints":{"allow":["GET"]}}],"collection":[{"href":"https:\/\/www.europesays.com\/de\/wp-json\/wp\/v2\/posts"}],"about":[{"href":"https:\/\/www.europesays.com\/de\/wp-json\/wp\/v2\/types\/post"}],"author":[{"embeddable":true,"href":"https:\/\/www.europesays.com\/de\/wp-json\/wp\/v2\/users\/2"}],"replies":[{"embeddable":true,"href":"https:\/\/www.europesays.com\/de\/wp-json\/wp\/v2\/comments?post=1149810"}],"version-history":[{"count":0,"href":"https:\/\/www.europesays.com\/de\/wp-json\/wp\/v2\/posts\/1149810\/revisions"}],"wp:featuredmedia":[{"embeddable":true,"href":"https:\/\/www.europesays.com\/de\/wp-json\/wp\/v2\/media\/1149811"}],"wp:attachment":[{"href":"https:\/\/www.europesays.com\/de\/wp-json\/wp\/v2\/media?parent=1149810"}],"wp:term":[{"taxonomy":"category","embeddable":true,"href":"https:\/\/www.europesays.com\/de\/wp-json\/wp\/v2\/categories?post=1149810"},{"taxonomy":"post_tag","embeddable":true,"href":"https:\/\/www.europesays.com\/de\/wp-json\/wp\/v2\/tags?post=1149810"}],"curies":[{"name":"wp","href":"https:\/\/api.w.org\/{rel}","templated":true}]}}