{"id":114984,"date":"2025-05-16T11:22:17","date_gmt":"2025-05-16T11:22:17","guid":{"rendered":"https:\/\/www.europesays.com\/de\/114984\/"},"modified":"2025-05-16T11:22:17","modified_gmt":"2025-05-16T11:22:17","slug":"fundbuero-versteigert-fahrraeder-muenchen-de","status":"publish","type":"post","link":"https:\/\/www.europesays.com\/de\/114984\/","title":{"rendered":"Fundb\u00fcro versteigert Fahrr\u00e4der &#8211; muenchen.de"},"content":{"rendered":"<p>Das Fundb\u00fcro M\u00fcnchen versteigert am Donnerstag, 22. Mai, ab 9.30 Uhr nicht abgeholte Fundfahrr\u00e4der. Die Versteigerung findet im Kreisverwaltungsreferat, im Saal im Erdgeschoss, Ruppertstra\u00dfe 11, statt. Zur Auktion stehen etwa 60 Damen-, Herren- und Jugendfahrr\u00e4der. Die Fahrr\u00e4der sind gebraucht, nicht gewartet und werden ohne Gew\u00e4hrleistung f\u00fcr deren Beschaffenheit und Vollst\u00e4ndigkeit versteigert. Die Bezahlung erfolgt in bar. Eine Besichtigung der Fahrr\u00e4der ist am Versteigerungstag von 8.30 bis 9.15 Uhr m\u00f6glich.<br \/>Das st\u00e4dtische Fundb\u00fcro in der Implerstra\u00dfe bleibt am Tag der Versteigerung ganzt\u00e4gig geschlossen.<br \/>Weitere Infos zur Versteigerung von Fundsachen sind online verf\u00fcgbar unter <a href=\"https:\/\/stadt.muenchen.de\/service\/info\/hauptabteilung-iii\/1063518\" target=\"_blank\" rel=\"noopener\">https:\/\/stadt.muenchen.de\/service\/info\/hauptabteilung-iii\/1063518<\/a>.<\/p>\n","protected":false},"excerpt":{"rendered":"Das Fundb\u00fcro M\u00fcnchen versteigert am Donnerstag, 22. Mai, ab 9.30 Uhr nicht abgeholte Fundfahrr\u00e4der. Die Versteigerung findet im&hellip;\n","protected":false},"author":2,"featured_media":3684,"comment_status":"","ping_status":"","sticky":false,"template":"","format":"standard","meta":{"footnotes":""},"categories":[1827],"tags":[772,29,30,3467,3469,1268,3468],"class_list":{"0":"post-114984","1":"post","2":"type-post","3":"status-publish","4":"format-standard","5":"has-post-thumbnail","7":"category-muenchen","8":"tag-bayern","9":"tag-deutschland","10":"tag-germany","11":"tag-landeshauptstadt","12":"tag-muenchen-de","13":"tag-muenchen","14":"tag-stadtportal"},"share_on_mastodon":{"url":"https:\/\/pubeurope.com\/@de\/114517255359466683","error":""},"_links":{"self":[{"href":"https:\/\/www.europesays.com\/de\/wp-json\/wp\/v2\/posts\/114984","targetHints":{"allow":["GET"]}}],"collection":[{"href":"https:\/\/www.europesays.com\/de\/wp-json\/wp\/v2\/posts"}],"about":[{"href":"https:\/\/www.europesays.com\/de\/wp-json\/wp\/v2\/types\/post"}],"author":[{"embeddable":true,"href":"https:\/\/www.europesays.com\/de\/wp-json\/wp\/v2\/users\/2"}],"replies":[{"embeddable":true,"href":"https:\/\/www.europesays.com\/de\/wp-json\/wp\/v2\/comments?post=114984"}],"version-history":[{"count":0,"href":"https:\/\/www.europesays.com\/de\/wp-json\/wp\/v2\/posts\/114984\/revisions"}],"wp:featuredmedia":[{"embeddable":true,"href":"https:\/\/www.europesays.com\/de\/wp-json\/wp\/v2\/media\/3684"}],"wp:attachment":[{"href":"https:\/\/www.europesays.com\/de\/wp-json\/wp\/v2\/media?parent=114984"}],"wp:term":[{"taxonomy":"category","embeddable":true,"href":"https:\/\/www.europesays.com\/de\/wp-json\/wp\/v2\/categories?post=114984"},{"taxonomy":"post_tag","embeddable":true,"href":"https:\/\/www.europesays.com\/de\/wp-json\/wp\/v2\/tags?post=114984"}],"curies":[{"name":"wp","href":"https:\/\/api.w.org\/{rel}","templated":true}]}}