{"id":1149885,"date":"2026-07-07T17:50:20","date_gmt":"2026-07-07T17:50:20","guid":{"rendered":"https:\/\/www.europesays.com\/de\/1149885\/"},"modified":"2026-07-07T17:50:20","modified_gmt":"2026-07-07T17:50:20","slug":"beratung-bei-der-agentur-fuer-arbeit-betroffene-wuenscht-sich-mehr-unterstuetzung-nachrichten-aus-kernen","status":"publish","type":"post","link":"https:\/\/www.europesays.com\/de\/1149885\/","title":{"rendered":"Beratung bei der Agentur f\u00fcr Arbeit: Betroffene w\u00fcnscht sich mehr Unterst\u00fctzung &#8211; Nachrichten aus Kernen"},"content":{"rendered":"<p><strong>Kernen\/ Waiblingen. <\/strong> Studentin Fabienne wollte sich am  Waiblinger Sitz von Jobcenter und Agentur f\u00fcr Arbeit pers\u00f6nliche Beratung holen, nachdem die Terminvereinbarung online nicht richtig funktioniert hatte. Die sch\u00fcchterne junge Frau nimmt ihre Gro\u00dfmutter zur Unterst\u00fctzung mit \u2013 kurz darauf tauchen die beiden in der  Pop-up-Redaktion in Kernen auf, deutlich verunsichert und frustriert. Was lief schief? Und wie h\u00e4tte es besser laufen k\u00f6nnen?<\/p>\n<p>21-J\u00e4hrige will sich neu <\/p>\n","protected":false},"excerpt":{"rendered":"Kernen\/ Waiblingen. Studentin Fabienne wollte sich am Waiblinger Sitz von Jobcenter und Agentur f\u00fcr Arbeit pers\u00f6nliche Beratung holen,&hellip;\n","protected":false},"author":2,"featured_media":1149886,"comment_status":"","ping_status":"","sticky":false,"template":"","format":"standard","meta":{"footnotes":"","_share_on_mastodon":"0"},"categories":[1830],"tags":[25748,32675,23039,51517,1634,77277,241494,3821,3364,29,30,1722,241495,14435,68425,4938,1441,192316,9887],"class_list":["post-1149885","post","type-post","status-publish","format-standard","has-post-thumbnail","category-stuttgart","tag-jobcenter","tag-agentur-fuer-arbeit","tag-aud_familie","tag-ausbildungsplaetze","tag-baden-wuerttemberg","tag-berufsberatung","tag-birgit-burkhardt","tag-corona","tag-de","tag-deutschland","tag-germany","tag-jugendliche","tag-katja-krueger","tag-kernen","tag-pop-up","tag-studium","tag-stuttgart","tag-un_sag-mir-deine-meinung","tag-waiblingen"],"share_on_mastodon":{"url":"https:\/\/pubeurope.com\/@de\/116879964723233134","error":""},"_links":{"self":[{"href":"https:\/\/www.europesays.com\/de\/wp-json\/wp\/v2\/posts\/1149885","targetHints":{"allow":["GET"]}}],"collection":[{"href":"https:\/\/www.europesays.com\/de\/wp-json\/wp\/v2\/posts"}],"about":[{"href":"https:\/\/www.europesays.com\/de\/wp-json\/wp\/v2\/types\/post"}],"author":[{"embeddable":true,"href":"https:\/\/www.europesays.com\/de\/wp-json\/wp\/v2\/users\/2"}],"replies":[{"embeddable":true,"href":"https:\/\/www.europesays.com\/de\/wp-json\/wp\/v2\/comments?post=1149885"}],"version-history":[{"count":0,"href":"https:\/\/www.europesays.com\/de\/wp-json\/wp\/v2\/posts\/1149885\/revisions"}],"wp:featuredmedia":[{"embeddable":true,"href":"https:\/\/www.europesays.com\/de\/wp-json\/wp\/v2\/media\/1149886"}],"wp:attachment":[{"href":"https:\/\/www.europesays.com\/de\/wp-json\/wp\/v2\/media?parent=1149885"}],"wp:term":[{"taxonomy":"category","embeddable":true,"href":"https:\/\/www.europesays.com\/de\/wp-json\/wp\/v2\/categories?post=1149885"},{"taxonomy":"post_tag","embeddable":true,"href":"https:\/\/www.europesays.com\/de\/wp-json\/wp\/v2\/tags?post=1149885"}],"curies":[{"name":"wp","href":"https:\/\/api.w.org\/{rel}","templated":true}]}}