{"id":1149912,"date":"2026-07-07T18:06:28","date_gmt":"2026-07-07T18:06:28","guid":{"rendered":"https:\/\/www.europesays.com\/de\/1149912\/"},"modified":"2026-07-07T18:06:28","modified_gmt":"2026-07-07T18:06:28","slug":"berlin-stromausfall-kai-wegner-unter-druck-erstes-telefonat-erst-12-45","status":"publish","type":"post","link":"https:\/\/www.europesays.com\/de\/1149912\/","title":{"rendered":"Berlin-Stromausfall: Kai Wegner unter Druck \u2013 erstes Telefonat erst 12.45?"},"content":{"rendered":"<p>Blackout in Berlin <\/p>\n<p>Wegner unter Druck \u2013 erstes Telefonat erst 12.45 Uhr?<\/p>\n<p>Aktualisiert am 07.07.2026 &#8211; 18:31 UhrLesedauer: 2 Min.<\/p>\n<p><a href=\"#focus-0\" class=\"transition-colors block text-current relative\" data-sctrack=\"FocusGalleryImage.Reference\"><img fetchpriority=\"high\" data-testid=\"Opener.Image\"   loading=\"eager\" src=\"https:\/\/www.europesays.com\/de\/wp-content\/uploads\/2026\/07\/kai-wegner-cdu-regierender-buergermeister-von-berlin-spricht-waehrend-der-pressekonferenz-zur-bilanz.jpeg\" alt=\"Berlins Regierender B\u00fcrgermeister Kai Wegner (CDU)\" title=\"Berlins Regierender B\u00fcrgermeister Kai Wegner (CDU)\" width=\"2048\" height=\"1152\" class=\"bg-[url:var(--lqipURL)] bg-cover bg-center flex h-full w-full max-w-full\" style=\"--lqipURL:url('https:\/\/images.t-online.de\/2026\/07\/8AvSRNxoCwCK\/0x89:2048x1152\/fit-in\/150x0\/filters:blur(25)\/kai-wegner-cdu-regierender-buergermeister-von-berlin-spricht-waehrend-der-pressekonferenz-zur-bilanz-der-bisherigen-arbeit-des-berliner-senats-im-roten-rathaus-zu-dpa-bericht-bei-stromausfall-kein-telefonat-wegners-am-vormittag.jpg')\" decoding=\"async\"\/><img loading=\"lazy\" src=\"https:\/\/www.t-online.de\/s\/paper\/_next\/static\/media\/zoom-in.f7dae02f.svg\" alt=\"Vergr\u00f6\u00dfern des Bildes\" title=\"Vergr\u00f6\u00dfern des Bildes\" class=\"block h-[calc(var(--height)_\/_16_*_1rem)] w-[calc(var(--width)_\/_16_*_1rem)] max-w-none absolute right-8 bottom-8 rounded-4 bg-snow p-8\" style=\"--width:32;--height:32\" decoding=\"async\"\/><\/a><\/p>\n<p>Kai Wegner (CDU), Regierender B\u00fcrgermeister von Berlin: Er verstrickt sich immer wieder in Widerspr\u00fcche. (Quelle: Elisa Schu\/dpa\/dpa-bilder)<\/p>\n<p><img loading=\"lazy\" src=\"https:\/\/www.t-online.de\/s\/paper\/_next\/static\/media\/audio-volume.6689034c.svg\" alt=\"\" title=\"\" class=\"block h-[calc(var(--height)_\/_16_*_1rem)] w-[calc(var(--width)_\/_16_*_1rem)] max-w-none group-hover:brightness-0 group-hover:invert\" style=\"--width:16;--height:16\" decoding=\"async\"\/>Vorlesen<\/p>\n<p>Aktuelle Zeit:0:00Gesamtdauer:0:00<\/p>\n<p>1x<\/p>\n<p class=\"text-center\">Jetzt neu bei t-online:<\/p>\n<p class=\"text-center\">Schriftgr\u00f6\u00dfe anpassen!<\/p>\n<p><img loading=\"lazy\" src=\"https:\/\/www.t-online.de\/s\/paper\/_next\/static\/media\/font-sizes.32942e33.svg\" alt=\"\" title=\"\" class=\"block h-[calc(var(--height)_\/_16_*_1rem)] w-[calc(var(--width)_\/_16_*_1rem)] max-w-none group-hover:hidden group-aria-expanded:hidden\" style=\"--width:16;--height:16\" decoding=\"async\"\/><img loading=\"lazy\" src=\"https:\/\/www.t-online.de\/s\/paper\/_next\/static\/media\/font-sizes-dark-mode.e382645c.svg\" alt=\"\" title=\"\" class=\"block h-[calc(var(--height)_\/_16_*_1rem)] w-[calc(var(--width)_\/_16_*_1rem)] max-w-none hidden group-hover:block group-aria-expanded:block\" style=\"--width:16;--height:16\" decoding=\"async\"\/><img loading=\"lazy\" src=\"https:\/\/www.t-online.de\/s\/paper\/_next\/static\/media\/sharing-menu-icon.1eb71368.svg\" alt=\"\" title=\"\" class=\"block h-[calc(var(--height)_\/_16_*_1rem)] w-[calc(var(--width)_\/_16_*_1rem)] max-w-none group-hover:brightness-0 group-hover:invert\" style=\"--width:16;--height:16\" decoding=\"async\"\/>Artikel teilen<\/p>\n<p class=\"font-bold text-18 leading-17 user-text-lg:text-22 user-text-xl:text-24\">Wann hat Berlins Regierender B\u00fcrgermeister am ersten Tag des gro\u00dfen Stromausfalls mit wem telefoniert? Kai Wegner wird das Thema nicht los.<\/p>\n<p class=\"text-18 leading-17 user-text-lg:text-22 user-text-xl:text-24\">Berlins Regierender B\u00fcrgermeister <a href=\"https:\/\/www.t-online.de\/themen\/kai-wegner\/\" class=\"transition-colors cursor-pointer no-underline md:hover:text-magenta md:focus:text-magenta border-b border-solid border-current text-salemsfur md:hover:border-magenta\" data-tracking=\"{&quot;action&quot;:&quot;click&quot;,&quot;category&quot;:&quot;intextLink&quot;,&quot;label&quot;:&quot;\/themen\/kai-wegner\/&quot;}\" data-sctrack=\"BodyAnchor\" rel=\"nofollow noopener\" target=\"_blank\">Kai Wegner<\/a> steht erneut wegen seiner Kommunikation \u00fcber den ersten Tag des gro\u00dfen Stromausfalls im Fokus. Anders als zun\u00e4chst behauptet, habe der CDU-Politiker am 3. Januar vormittags nicht dienstlich zu dem Blackout telefoniert, wie der &#8222;Tagesspiegel&#8220; mit Berufung auf Informationen der Senatskanzlei berichtet. Vor 12.45 Uhr sei kein Telefonat gef\u00fchrt worden. Auf dpa-Anfrage \u00e4u\u00dferte sich die Senatskanzlei nicht weiter dazu.<\/p>\n<p class=\"text-18 leading-17 user-text-lg:text-22 user-text-xl:text-24\">&#8222;Vielmehr fand der Austausch per Textnachrichten statt&#8220;, teilte die Senatskanzlei der Zeitung mit. Um 12.45 Uhr telefonierte Wegner demnach mit Wirtschaftssenatorin Franziska Giffey (SPD). Im Interview mit Welt TV hatte Wegner am 7. Januar gesagt: &#8222;Ich habe in der Tat um 8.08 Uhr begonnen, die Telefonate zu f\u00fchren. Ich habe mit den Krisenst\u00e4ben telefoniert, mit Stromnetz.&#8220;<\/p>\n<p>Beim Blackout waren tausende Menschen ohne Strom<\/p>\n<p class=\"text-18 leading-17 user-text-lg:text-22 user-text-xl:text-24\">Daran kamen jedoch bald Zweifel auf. Der &#8222;B.Z.&#8220; sagte Wegner am 24. M\u00e4rz: &#8222;Ja, ich habe kommunikative Fehler gemacht und m\u00f6chte mich daf\u00fcr bei allen Berlinerinnen und Berlinern entschuldigen.&#8220; Die Zeitung berichtete damals, Wegner habe vormittags \u00fcber Textnachrichten mit seinem Stab kommuniziert, erw\u00e4hnte aber kein dienstliches Telefonat.<\/p>\n<p class=\"text-18 leading-17 user-text-lg:text-22 user-text-xl:text-24\">In der letzten M\u00e4rz-Woche entschuldigte sich Wegner auch im Landesparlament f\u00fcr seine Kommunikation, ohne auf die Diskussion um seine Telefonate einzugehen.<\/p>\n<p class=\"text-18 leading-17 user-text-lg:text-22 user-text-xl:text-24\">Am 3. Januar hatten mutma\u00dfliche Linksextremisten einen Brandanschlag auf eine Kabelbr\u00fccke ver\u00fcbt, Folge war der bislang l\u00e4ngste <a href=\"https:\/\/www.t-online.de\/themen\/stromausfall\/\" class=\"transition-colors cursor-pointer no-underline md:hover:text-magenta md:focus:text-magenta border-b border-solid border-current text-salemsfur md:hover:border-magenta\" data-tracking=\"{&quot;action&quot;:&quot;click&quot;,&quot;category&quot;:&quot;intextLink&quot;,&quot;label&quot;:&quot;\/themen\/stromausfall\/&quot;}\" data-sctrack=\"BodyAnchor\" rel=\"nofollow noopener\" target=\"_blank\">Stromausfall<\/a> der Berliner Nachkriegsgeschichte. Im S\u00fcdwesten der Stadt waren 100.000 Menschen teils tagelang ohne Strom. Wegner war bereits w\u00e4hrend des tagelangen Blackouts in die Kritik geraten, weil er ein etwa einst\u00fcndiges Tennismatch am ersten Tag gegen Mittag zun\u00e4chst verschwiegen hatte. Bis heute ist nicht l\u00fcckenlos klar, mit welchen Stellen er wann auf welche Weise Kontakt hatte.<\/p>\n","protected":false},"excerpt":{"rendered":"Blackout in Berlin Wegner unter Druck \u2013 erstes Telefonat erst 12.45 Uhr? Aktualisiert am 07.07.2026 &#8211; 18:31 UhrLesedauer:&hellip;\n","protected":false},"author":2,"featured_media":1149913,"comment_status":"","ping_status":"","sticky":false,"template":"","format":"standard","meta":{"footnotes":"","_share_on_mastodon":"0"},"categories":[1825],"tags":[326,296,31,29,30,2384,5667,8635,15605],"class_list":["post-1149912","post","type-post","status-publish","format-standard","has-post-thumbnail","category-berlin","tag-326","tag-berlin","tag-cdu","tag-deutschland","tag-germany","tag-kai-wegner","tag-stromausfall","tag-tagesspiegel","tag-telefonat"],"share_on_mastodon":{"url":"https:\/\/pubeurope.com\/@de\/116880028313386675","error":""},"_links":{"self":[{"href":"https:\/\/www.europesays.com\/de\/wp-json\/wp\/v2\/posts\/1149912","targetHints":{"allow":["GET"]}}],"collection":[{"href":"https:\/\/www.europesays.com\/de\/wp-json\/wp\/v2\/posts"}],"about":[{"href":"https:\/\/www.europesays.com\/de\/wp-json\/wp\/v2\/types\/post"}],"author":[{"embeddable":true,"href":"https:\/\/www.europesays.com\/de\/wp-json\/wp\/v2\/users\/2"}],"replies":[{"embeddable":true,"href":"https:\/\/www.europesays.com\/de\/wp-json\/wp\/v2\/comments?post=1149912"}],"version-history":[{"count":0,"href":"https:\/\/www.europesays.com\/de\/wp-json\/wp\/v2\/posts\/1149912\/revisions"}],"wp:featuredmedia":[{"embeddable":true,"href":"https:\/\/www.europesays.com\/de\/wp-json\/wp\/v2\/media\/1149913"}],"wp:attachment":[{"href":"https:\/\/www.europesays.com\/de\/wp-json\/wp\/v2\/media?parent=1149912"}],"wp:term":[{"taxonomy":"category","embeddable":true,"href":"https:\/\/www.europesays.com\/de\/wp-json\/wp\/v2\/categories?post=1149912"},{"taxonomy":"post_tag","embeddable":true,"href":"https:\/\/www.europesays.com\/de\/wp-json\/wp\/v2\/tags?post=1149912"}],"curies":[{"name":"wp","href":"https:\/\/api.w.org\/{rel}","templated":true}]}}