{"id":1149948,"date":"2026-07-07T18:26:16","date_gmt":"2026-07-07T18:26:16","guid":{"rendered":"https:\/\/www.europesays.com\/de\/1149948\/"},"modified":"2026-07-07T18:26:16","modified_gmt":"2026-07-07T18:26:16","slug":"moenchengladbach-sportfoerderung-an-kinderschutzkonzept-gekoppelt","status":"publish","type":"post","link":"https:\/\/www.europesays.com\/de\/1149948\/","title":{"rendered":"M\u00f6nchengladbach: Sportf\u00f6rderung an Kinderschutzkonzept gekoppelt"},"content":{"rendered":"<p class=\"text_ohne_einzug richtext text-em-55 !leading-serif mx-6 desktop:mx-0\"> Auch in diesem Jahr verteilt die Stadt M\u00f6nchengladbach wieder F\u00f6rdergelder an die Sportvereine: soweit nichts Ungew\u00f6hnliches. 2026 gibt es aber eine entscheidende \u00c4nderung: Denn nur Vereine, die bis zum 31. Oktober dieses Jahres ein Kinderschutzkonzept aufgestellt und nachgewiesen haben, sind f\u00f6rderberechtigt. Damit soll laut Stadt die \u201eBedeutsamkeit der Auseinandersetzung mit dem Thema Kinderschutz in Sportvereinen unterstrichen werden\u201c.<\/p>\n","protected":false},"excerpt":{"rendered":"Auch in diesem Jahr verteilt die Stadt M\u00f6nchengladbach wieder F\u00f6rdergelder an die Sportvereine: soweit nichts Ungew\u00f6hnliches. 2026 gibt&hellip;\n","protected":false},"author":2,"featured_media":1149949,"comment_status":"","ping_status":"","sticky":false,"template":"","format":"standard","meta":{"footnotes":"","_share_on_mastodon":"0"},"categories":[1849],"tags":[3364,29,548,4788,663,3934,241514,37215,30,13,1722,4579,241513,2015,27171,4455,147743,14,15,1209,12,34769,19651,32086,10434,55047,21198],"class_list":["post-1149948","post","type-post","status-publish","format-standard","has-post-thumbnail","category-moenchengladbach","tag-de","tag-deutschland","tag-eu","tag-euro","tag-europa","tag-europe","tag-foerderberechtigt","tag-foerdermittel","tag-germany","tag-headlines","tag-jugendliche","tag-jugendlicher","tag-kinderschutzkonzept","tag-konzept","tag-mittel","tag-moenchengladbach","tag-nachgewiesen","tag-nachrichten","tag-news","tag-nordrhein-westfalen","tag-schlagzeilen","tag-sportausschuss","tag-sportvereine","tag-sportvereinen","tag-verein","tag-verteilt","tag-wiesen"],"share_on_mastodon":{"url":"","error":""},"_links":{"self":[{"href":"https:\/\/www.europesays.com\/de\/wp-json\/wp\/v2\/posts\/1149948","targetHints":{"allow":["GET"]}}],"collection":[{"href":"https:\/\/www.europesays.com\/de\/wp-json\/wp\/v2\/posts"}],"about":[{"href":"https:\/\/www.europesays.com\/de\/wp-json\/wp\/v2\/types\/post"}],"author":[{"embeddable":true,"href":"https:\/\/www.europesays.com\/de\/wp-json\/wp\/v2\/users\/2"}],"replies":[{"embeddable":true,"href":"https:\/\/www.europesays.com\/de\/wp-json\/wp\/v2\/comments?post=1149948"}],"version-history":[{"count":0,"href":"https:\/\/www.europesays.com\/de\/wp-json\/wp\/v2\/posts\/1149948\/revisions"}],"wp:featuredmedia":[{"embeddable":true,"href":"https:\/\/www.europesays.com\/de\/wp-json\/wp\/v2\/media\/1149949"}],"wp:attachment":[{"href":"https:\/\/www.europesays.com\/de\/wp-json\/wp\/v2\/media?parent=1149948"}],"wp:term":[{"taxonomy":"category","embeddable":true,"href":"https:\/\/www.europesays.com\/de\/wp-json\/wp\/v2\/categories?post=1149948"},{"taxonomy":"post_tag","embeddable":true,"href":"https:\/\/www.europesays.com\/de\/wp-json\/wp\/v2\/tags?post=1149948"}],"curies":[{"name":"wp","href":"https:\/\/api.w.org\/{rel}","templated":true}]}}