{"id":114998,"date":"2025-05-16T11:30:14","date_gmt":"2025-05-16T11:30:14","guid":{"rendered":"https:\/\/www.europesays.com\/de\/114998\/"},"modified":"2025-05-16T11:30:14","modified_gmt":"2025-05-16T11:30:14","slug":"neue-steuerschaetzung-bringt-keine-entlastung-fuer-berlin","status":"publish","type":"post","link":"https:\/\/www.europesays.com\/de\/114998\/","title":{"rendered":"Neue Steuersch\u00e4tzung bringt keine Entlastung f\u00fcr Berlin"},"content":{"rendered":"<p class=\"tspAUhl tspAUhm\">Die Steuersch\u00e4tzung f\u00fcr Berlin ver\u00e4ndert die schwierige Finanzlage des Landes nur geringf\u00fcgig. Im laufenden Jahr kann Berlin mit Steuereinnahmen von 29,7 Milliarden Euro rechnen, teilte die Senatsfinanzverwaltung am Freitag mit. Das sind rund 96 Millionen Euro mehr als angenommen. Allerdings w\u00fcrden sich bereits \u201eerhebliche ungeplante Ausgabensteigerungen\u201c f\u00fcr 2025 abzeichnen, insbesondere bei den Sozialleistungen. <\/p>\n<p>800<\/p>\n<p><strong>Millionen Euro<\/strong> muss Berlin im kommenden Jahr einsparen.<\/p>\n<p class=\"tspAUhl\">F\u00fcr den Haushalt 2026 muss das Land mit 13 Millionen Euro weniger planen als bislang gedacht. Verglichen mit dem ohnehin bestehenden Konsolidierungsbedarf ein kleiner Betrag. Allein im laufenden Jahr musste die schwarz-rote Koalition rund drei Milliarden Euro aus dem Haushalt k\u00fcrzen. <a href=\"https:\/\/www.tagesspiegel.de\/berlin\/neue-berliner-sparplane-fur-2026-und-2027-wie-viel-schwarz-rot-bei-kultur-verkehr-oder-bildung-jetzt-noch-kurzen-muss-13123033.html?icid=in-text-link_13703335\" class=\"link link--internal\" data-gtm-class=\"article-text-link\" data-gtm-val=\"internal\" rel=\"nofollow noopener\" target=\"_blank\">Ausgehend davon m\u00fcssen 2026 nochmal rund 800 Millionen Euro gespart werden. <\/a><\/p>\n<p class=\"tspAUhl\">Dieses Niveau soll dann 2027 in etwa gehalten werden k\u00f6nnen. F\u00fcr dieses Jahr geht die Steuersch\u00e4tzung von 22 Millionen Euro Mindereinnahmen aus im Vergleich zur letzten Prognose im Herbst 2024.<\/p>\n<p><a href=\"https:\/\/abo.tagesspiegel.de\/tagesspiegel-app?icid=single-topic_13703335___\" data-gtm-class=\"article-mzt-link\" class=\"tspCCmu\" rel=\"nofollow noopener\" target=\"_blank\">Die Tagesspiegel-App Aktuelle Nachrichten, Hintergr\u00fcnde und Analysen direkt auf Ihr Smartphone. Dazu die digitale Zeitung. Hier gratis herunterladen.  <\/a><\/p>\n<p class=\"tspAUhl\">\u201eDie Steuersch\u00e4tzung zeigt, dass die Haushaltslage im Land Berlin eine gro\u00dfe Herausforderung bleibt\u201c, sagte Finanzsenator Stefan Evers (CDU). \u201eEine Entlastung f\u00fcr den Haushalt 2026\/2027 ergibt sich aus den Zahlen nicht.\u201c Evers appellierte an den Bund, \u201edie zugesagten Infrastrukturmittel f\u00fcr L\u00e4nder und Kommunen rasch und unkompliziert\u201c bereitzustellen, um die Handlungsf\u00e4higkeit der \u00f6ffentlichen Verwaltung zu sichern.<\/p>\n<p class=\"tspTef\">Empfohlener redaktioneller Inhalt<\/p>\n<p> An dieser Stelle finden Sie einen von unseren Redakteuren ausgew\u00e4hlten, externen Inhalt, der den Artikel f\u00fcr Sie mit zus\u00e4tzlichen Informationen anreichert. Sie k\u00f6nnen sich hier den externen Inhalt mit einem Klick anzeigen lassen oder wieder ausblenden. <\/p>\n<p> Externen Inhalt anzeigen <\/p>\n<p class=\"tspTel\"> Ich bin damit einverstanden, dass mir der externe Inhalt angezeigt wird. Damit k\u00f6nnen personenbezogene Daten an Drittplattformen \u00fcbermittelt werden.  Mehr Informationen dazu erhalten Sie in den Datenschutz-Einstellungen. Diese finden Sie ganz unten auf unserer Seite im Footer, sodass Sie Ihre Einstellungen jederzeit verwalten oder widerrufen k\u00f6nnen. <\/p>\n<p class=\"tspAUhl\">\u201eDar\u00fcber hinaus m\u00fcssen schnelle und wirksame Ma\u00dfnahmen ergriffen werden, die deutschen Kommunen von Aufgaben, Auflagen und Ausgaben zu entlasten\u201c, sagte Evers. \u201eDie neue Bundesregierung muss den Mut aufbringen zu einer deutlichen Absenkung von Standards, Normen und kostentreibenden rechtlichen Vorschriften.\u201c Vor allem m\u00fcsse Deutschland dringend an der wirtschaftspolitischen Wende arbeiten. <\/p>\n<p> Mehr zum Thema <a href=\"https:\/\/www.tagesspiegel.de\/berlin\/neue-berliner-sparplane-fur-2026-und-2027-wie-viel-schwarz-rot-bei-kultur-verkehr-oder-bildung-jetzt-noch-kurzen-muss-13123033.html?icid=topic-list_13703335___\" data-gtm-class=\"article-mzt-link\" class=\"tspCCmu\" rel=\"nofollow noopener\" target=\"_blank\">Neue Berliner Sparpl\u00e4ne f\u00fcr 2026 und 2027 Wie viel Schwarz-Rot bei Kultur, Verkehr oder Bildung jetzt noch k\u00fcrzen muss <\/a><a href=\"https:\/\/www.tagesspiegel.de\/berlin\/musterschuler-und-sorgenkinder-so-haben-berlins-bezirke-2024-gewirtschaftet-13518979.html?icid=topic-list_13703335___\" data-gtm-class=\"article-mzt-link\" class=\"tspCCmu\" rel=\"nofollow noopener\" target=\"_blank\">Mustersch\u00fcler und Sorgenkinder So haben Berlins Bezirke 2024 gewirtschaftet <\/a><a href=\"https:\/\/www.tagesspiegel.de\/berlin\/weiter-den-haushalt-in-ordnung-bringen-berlin-muss-trotz-neuer-schuldenregeln-sparen-13396432.html?icid=topic-list_13703335___\" data-gtm-class=\"article-mzt-link\" class=\"tspCCmu\" rel=\"nofollow noopener\" target=\"_blank\">\u201eWeiter den Haushalt in Ordnung bringen\u201c Berlin muss trotz neuer Schuldenregeln sparen <\/a><\/p>\n<p class=\"tspAUhl\">Der Senat will den Entwurf f\u00fcr den Doppelhaushalt 2026\/2027 noch vor der Sommerpause beschlie\u00dfen. Anschlie\u00dfend ber\u00e4t das Berliner Abgeordnetenhaus, das letztlich auch den Haushalt beschlie\u00dft.  <\/p>\n","protected":false},"excerpt":{"rendered":"Die Steuersch\u00e4tzung f\u00fcr Berlin ver\u00e4ndert die schwierige Finanzlage des Landes nur geringf\u00fcgig. Im laufenden Jahr kann Berlin mit&hellip;\n","protected":false},"author":2,"featured_media":114999,"comment_status":"","ping_status":"","sticky":false,"template":"","format":"standard","meta":{"footnotes":""},"categories":[1825],"tags":[296,31,29,6608,10296,30,1891],"class_list":{"0":"post-114998","1":"post","2":"type-post","3":"status-publish","4":"format-standard","5":"has-post-thumbnail","7":"category-berlin","8":"tag-berlin","9":"tag-cdu","10":"tag-deutschland","11":"tag-finanzhaushalt","12":"tag-finanzpolitik","13":"tag-germany","14":"tag-landespolitik-berlin"},"share_on_mastodon":{"url":"https:\/\/pubeurope.com\/@de\/114517286768230865","error":""},"_links":{"self":[{"href":"https:\/\/www.europesays.com\/de\/wp-json\/wp\/v2\/posts\/114998","targetHints":{"allow":["GET"]}}],"collection":[{"href":"https:\/\/www.europesays.com\/de\/wp-json\/wp\/v2\/posts"}],"about":[{"href":"https:\/\/www.europesays.com\/de\/wp-json\/wp\/v2\/types\/post"}],"author":[{"embeddable":true,"href":"https:\/\/www.europesays.com\/de\/wp-json\/wp\/v2\/users\/2"}],"replies":[{"embeddable":true,"href":"https:\/\/www.europesays.com\/de\/wp-json\/wp\/v2\/comments?post=114998"}],"version-history":[{"count":0,"href":"https:\/\/www.europesays.com\/de\/wp-json\/wp\/v2\/posts\/114998\/revisions"}],"wp:featuredmedia":[{"embeddable":true,"href":"https:\/\/www.europesays.com\/de\/wp-json\/wp\/v2\/media\/114999"}],"wp:attachment":[{"href":"https:\/\/www.europesays.com\/de\/wp-json\/wp\/v2\/media?parent=114998"}],"wp:term":[{"taxonomy":"category","embeddable":true,"href":"https:\/\/www.europesays.com\/de\/wp-json\/wp\/v2\/categories?post=114998"},{"taxonomy":"post_tag","embeddable":true,"href":"https:\/\/www.europesays.com\/de\/wp-json\/wp\/v2\/tags?post=114998"}],"curies":[{"name":"wp","href":"https:\/\/api.w.org\/{rel}","templated":true}]}}