{"id":1150029,"date":"2026-07-07T19:11:23","date_gmt":"2026-07-07T19:11:23","guid":{"rendered":"https:\/\/www.europesays.com\/de\/1150029\/"},"modified":"2026-07-07T19:11:23","modified_gmt":"2026-07-07T19:11:23","slug":"bundesliga-aus-der-premier-league-rb-leipzig-holt-dritten-neuzugang-sport","status":"publish","type":"post","link":"https:\/\/www.europesays.com\/de\/1150029\/","title":{"rendered":"Bundesliga: Aus der Premier League! RB Leipzig holt dritten Neuzugang | Sport"},"content":{"rendered":"<p><a class=\"skip-content skip-content--link\" href=\"#in-content-skip-link-target-v-0-0\">TTS-Player \u00fcberspringen\u21b5<\/a><a id=\"in-content-skip-link-target-v-0-0\" class=\"skip-content--target-link-hidden skip-content skip-content--target-link\" href=\"#in-content-skip-link-target-v-0-0\">Artikel weiterlesen<\/a><\/p>\n<p data-21134c99=\"0-1911\"><b>Wenige Tage vor dem Trainingsstart am kommenden Montag geht es auch bei RB Leipzig auf dem Transfermarkt wieder vorw\u00e4rts. <\/b><\/p>\n<p data-21134c99=\"0-1911\">Nach den bereits festen Verpflichtungen von Rocco Reitz (21\/Gladbach) und Abdoul Kon\u00e9 (19\/Reims) steht der Wechsel von Brajan Gruda (22) kurz bevor. Nach BILD-Informationen ist sich der Bundesligist mit England-Klub Brighton and Hove \u00fcber eine erneute Leihe mit anschlie\u00dfender Kaufpflicht einig. Sky berichtete zuerst \u00fcber den Deal.<\/p>\n<p>Gruda \u00fcberzeugte bei erster Leihe<\/p>\n<p data-21134c99=\"0-1911\">Noch sind zwar letzte Details zu kl\u00e4ren, doch l\u00e4uft alles nach Plan, k\u00f6nnte der U21-Nationalspieler bereits zum Auftakt am Montag wieder am Cottaweg sein.<\/p>\n<p><img decoding=\"async\" width=\"992\" height=\"1178\" alt=\"Brajan Gruda war bereits im Winter nach Leipzig ausgeliehen\" loading=\"lazy\" src=\"https:\/\/www.europesays.com\/de\/wp-content\/uploads\/2026\/07\/31c5695c241dd4ed23d264f682b8951c,237cab6a.jpeg\"   class=\"portrait\"\/><\/p>\n<p class=\"fig__caption__text\">Brajan Gruda war bereits im Winter nach Leipzig ausgeliehen<\/p>\n<p>Foto: picture alliance\/Laci Perenyi<\/p>\n<p data-21134c99=\"0-1911\">F\u00fcr Gruda w\u00e4re es die gew\u00fcnschte R\u00fcckkehr. Bereits im Winter war er per Leihe bis zum Sommer von der Insel nach Leipzig gewechselt. In 13 Ligaspielen f\u00fcr RB schoss er dabei drei Tore und legte drei weitere Treffer vor.<\/p>\n<p data-21134c99=\"0-1911\">Auch wenn Leipzig zun\u00e4chst keine Kaufoption hatte, war die Richtung schon am Saisonende klar. Gruda war im Team der Sachsen angekommen \u2013 sowohl sportlich als auch menschlich.<\/p>\n<p>Gruda wollte schon vorher bleiben<\/p>\n<p data-21134c99=\"0-1911\">Nach <a href=\"https:\/\/www.bild.de\/sport\/fussball\/rb-leipzig-will-ihn-erste-entscheidung-bei-brajan-gruda-gefallen-6a1bb240411d40cd4c74d00e\" class=\"text-link\" rel=\"nofollow noopener\" target=\"_blank\">Zukunftsgespr\u00e4chen in S\u00fcdafrika<\/a> sagte Leipzigs Sportgesch\u00e4ftsf\u00fchrer Marcel Sch\u00e4fer (42) zu BILD: \u201eWir haben klare Signale von Brajan bekommen, dass er bei uns bleiben m\u00f6chte.\u201c<\/p>\n<p data-21134c99=\"0-1911\">Was fehlte, war die Einigung mit dem Team des deutschen Trainers Fabian H\u00fcrzeler (33). Doch die steht jetzt kurz bevor &#8230;<\/p>\n<p>Mehr zum Thema<\/p>\n<p data-21134c99=\"0-1911\">Gut f\u00fcr <a href=\"https:\/\/www.bild.de\/sport\/fussball\/rb-leipzig\/startseite-leipzig-31148870.bild.html\" class=\"text-link\" rel=\"nofollow noopener\" target=\"_blank\">RB Leipzig<\/a>: Mit Gruda wird eine wichtige L\u00fccke in den Personalplanungen geschlossen. Parallel muss Manager Sch\u00e4fer aber zeitnah auch auf der Abgangsseite Erfolge vorweisen. <\/p>\n<p data-21134c99=\"0-1911\">Durch Gruda und die beiden anderen Neuen sowie die R\u00fcckkehr von Leihspielern wie Eljif Elmas, Arthur Vermeeren und Lutsharel Geertruida ist der Kader trotz der Qualifikation f\u00fcr die Champions League noch zu gro\u00df. Die Sachsen m\u00fcssen verkaufen \u2013\u00a0und vor allem das intern gestellte Transfereinnahmeziel von \u00fcber 100 Mio. Euro erf\u00fcllen.<\/p>\n","protected":false},"excerpt":{"rendered":"TTS-Player \u00fcberspringen\u21b5Artikel weiterlesen Wenige Tage vor dem Trainingsstart am kommenden Montag geht es auch bei RB Leipzig auf&hellip;\n","protected":false},"author":2,"featured_media":1150030,"comment_status":"","ping_status":"","sticky":false,"template":"","format":"standard","meta":{"footnotes":"","_share_on_mastodon":"0"},"categories":[1832],"tags":[3364,29,538,30,61496,71,1655,859,803,3460,4581],"class_list":["post-1150029","post","type-post","status-publish","format-standard","has-post-thumbnail","category-leipzig","tag-de","tag-deutschland","tag-erste-bundesliga","tag-germany","tag-gruda-brajan","tag-leipzig","tag-rb-leipzig","tag-sachsen","tag-spielertransfer","tag-sport-leuchtturm-leipzig","tag-sport-tag-im-ticker"],"share_on_mastodon":{"url":"https:\/\/pubeurope.com\/@de\/116880284644126336","error":""},"_links":{"self":[{"href":"https:\/\/www.europesays.com\/de\/wp-json\/wp\/v2\/posts\/1150029","targetHints":{"allow":["GET"]}}],"collection":[{"href":"https:\/\/www.europesays.com\/de\/wp-json\/wp\/v2\/posts"}],"about":[{"href":"https:\/\/www.europesays.com\/de\/wp-json\/wp\/v2\/types\/post"}],"author":[{"embeddable":true,"href":"https:\/\/www.europesays.com\/de\/wp-json\/wp\/v2\/users\/2"}],"replies":[{"embeddable":true,"href":"https:\/\/www.europesays.com\/de\/wp-json\/wp\/v2\/comments?post=1150029"}],"version-history":[{"count":0,"href":"https:\/\/www.europesays.com\/de\/wp-json\/wp\/v2\/posts\/1150029\/revisions"}],"wp:featuredmedia":[{"embeddable":true,"href":"https:\/\/www.europesays.com\/de\/wp-json\/wp\/v2\/media\/1150030"}],"wp:attachment":[{"href":"https:\/\/www.europesays.com\/de\/wp-json\/wp\/v2\/media?parent=1150029"}],"wp:term":[{"taxonomy":"category","embeddable":true,"href":"https:\/\/www.europesays.com\/de\/wp-json\/wp\/v2\/categories?post=1150029"},{"taxonomy":"post_tag","embeddable":true,"href":"https:\/\/www.europesays.com\/de\/wp-json\/wp\/v2\/tags?post=1150029"}],"curies":[{"name":"wp","href":"https:\/\/api.w.org\/{rel}","templated":true}]}}