{"id":1150119,"date":"2026-07-07T20:02:21","date_gmt":"2026-07-07T20:02:21","guid":{"rendered":"https:\/\/www.europesays.com\/de\/1150119\/"},"modified":"2026-07-07T20:02:21","modified_gmt":"2026-07-07T20:02:21","slug":"schildescher-strasse-in-bielefeld-wird-voll-gesperrt-2","status":"publish","type":"post","link":"https:\/\/www.europesays.com\/de\/1150119\/","title":{"rendered":"Schildescher Stra\u00dfe in Bielefeld wird voll gesperrt"},"content":{"rendered":"<p id=\"absatz1\" class=\"em_text\">Bielefeld. An der Schildescher Stra\u00dfe sanieren die Stadtwerke Bielefeld seit Anfang Juni vergangenen Jahres Strom- und Wasserleitungen. Am Dienstag, 14. Juli, beginnt dort der n\u00e4chste Bauabschnitt.<\/p>\n<p id=\"absatz2\" class=\"em_text\">\u201eDas bedeutet, dass die Schildescher Stra\u00dfe zwischen Kreisel und Sudbrackstra\u00dfe voll gesperrt wird\u201c, hei\u00dft es in einer Mitteilung der Stadtwerke. Der Kreisverkehr sei dann nur vom Ostwestfalendamm kommend \u00fcber die Ernst-Rein-Stra\u00dfe in Richtung Nowgorodstra\u00dfe (Neues Bahnhofsviertel) und Herforder Stra\u00dfe (Unterf\u00fchrung) befahrbar. \u201eAlle anderen Richtungen sind gesperrt.\u201c<\/p>\n<p id=\"absatz3\" class=\"em_text\">Diese Verkehrsf\u00fchrung soll bis zum Ende der Bauma\u00dfnahme Bestand haben. \u201eDie Arbeiten an der Schildescher Stra\u00dfe sollen nach aktueller Planung bis Ende 2026 abgeschlossen sein\u201c, so die Stadtwerke.<\/p>\n<p>\n        \u00d7\n    <\/p>\n<p>\n            Sie erhalten in wenigen Minuten eine E-Mail zur Best\u00e4tigung Ihrer Anmeldung.\n        <\/p>\n<p>Erst danach ist diese abgeschlossen.<\/p>\n<p>Bitte pr\u00fcfen Sie auch den Spam-Ordner.<\/p>\n<p>\n        \u00d7\n    <\/p>\n<p>\n            Sie haben bisher Ihre E-Mail-Adresse noch nicht best\u00e4tigt.\n        <\/p>\n<p>Erst danach ist diese abgeschlossen.<\/p>\n<p>Bitte pr\u00fcfen Sie auch den Spam-Ordner.<\/p>\n<p>\n        \u00d7\n    <\/p>\n<p>\n            Es ist einen Fehler aufgetreten\n        <\/p>\n<p>Bei Fragen hilft unser Newsletter-Support<\/p>\n<p> Newsletter<\/p>\n<p> Wohnen &amp; Wohlf\u00fchlen<\/p>\n<p>Immo-News, Bautrends und Wohntipps aus Bielefeld.<\/p>\n<p>                Jetzt anmelden<\/p>\n<p> Auch eine Hauptwasserleitung wird neu verlegt<\/p>\n<p class=\"em_text\">Die Arbeiten sind notwendig, weil ein Stromnetz-St\u00fctzpunkt an der Herforder Stra\u00dfe r\u00e4umlich verlagert werden muss. Dies soll die Versorgungssicherheit im Innenstadtbereich gew\u00e4hrleisten. \u201eZudem ist die Ma\u00dfnahme zwingend erforderlich, um vorliegenden Versorgungsverpflichtungen einzelner gro\u00dfer Netzkunden nachzukommen\u201c, hei\u00dft es von den Stadtwerken. Um sp\u00e4ter in diesem Bereich nicht erneut t\u00e4tig werden zu m\u00fcssen, werde auch eine Hauptwasserleitung neu verlegt.<\/p>\n<p id=\"absatz5\" class=\"em_text\">Die Ma\u00dfnahme ist in mehrere Abschnitte unterteilt. So dauern die Arbeiten insgesamt l\u00e4nger, \u201edie verkehrlichen Einschr\u00e4nkungen werden dadurch jedoch insgesamt deutlich abgemildert\u201c.<\/p>\n<p id=\"absatz6\" class=\"em_text\">\u00dcber den Bauverlauf informieren die Stadtwerke regelm\u00e4\u00dfig in einem Newsletter. Eine Anmeldung ist per E-Mail an <a href=\"https:\/\/www.nw.de\/lokal\/bielefeld\/mitte\/mailto:baustellenkommunikation@stadtwerke-bielefeld.de\" rel=\"nofollow noopener\" target=\"_blank\">baustellenkommunikation@stadtwerke-bielefeld.de<\/a> mit dem Betreff \u201eInfo-Newsletter Schildescher Stra\u00dfe\u201c m\u00f6glich.<\/p>\n<p id=\"absatz7\"><b class=\"bold notion-enable-hover\">\ud83d\udcf1News direkt aufs Smartphone:<\/b><b class=\"bold notion-enable-hover\"> <\/b><a data-token-index=\"1\" href=\"https:\/\/whatsapp.com\/channel\/0029VaeYHJ40Qeam4DWyn109\" rel=\"noopener noreferrer nofollow\" target=\"_blank\">Hier finden Sie den kostenlosen Whatsapp-Kanal der NW-Bielefeld<\/a> <\/p>\n","protected":false},"excerpt":{"rendered":"Bielefeld. An der Schildescher Stra\u00dfe sanieren die Stadtwerke Bielefeld seit Anfang Juni vergangenen Jahres Strom- und Wasserleitungen. Am&hellip;\n","protected":false},"author":2,"featured_media":1150120,"comment_status":"","ping_status":"","sticky":false,"template":"","format":"standard","meta":{"footnotes":"","_share_on_mastodon":"0"},"categories":[1841],"tags":[26805,1605,3364,29,241540,30,16398,732,730,1611,729,9310,1608,198715,736,164252,19080,1613,1209,27793],"class_list":["post-1150119","post","type-post","status-publish","format-standard","has-post-thumbnail","category-bielefeld","tag-bauabschnitt","tag-bielefeld","tag-de","tag-deutschland","tag-ernst-rein-strasse","tag-germany","tag-herford","tag-label_frei","tag-label_grafik","tag-label_informiere-mich","tag-label_s-50","tag-label_social","tag-label_top-news","tag-meta_artikelklasse_nische","tag-meta_copyrights_nw","tag-meta_eo_zusammenfassung","tag-meta_themen_stadtentwicklung","tag-meta_userneeds_informieremich","tag-nordrhein-westfalen","tag-stadtwerke-bielefeld"],"share_on_mastodon":{"url":"https:\/\/pubeurope.com\/@de\/116880483868338348","error":""},"_links":{"self":[{"href":"https:\/\/www.europesays.com\/de\/wp-json\/wp\/v2\/posts\/1150119","targetHints":{"allow":["GET"]}}],"collection":[{"href":"https:\/\/www.europesays.com\/de\/wp-json\/wp\/v2\/posts"}],"about":[{"href":"https:\/\/www.europesays.com\/de\/wp-json\/wp\/v2\/types\/post"}],"author":[{"embeddable":true,"href":"https:\/\/www.europesays.com\/de\/wp-json\/wp\/v2\/users\/2"}],"replies":[{"embeddable":true,"href":"https:\/\/www.europesays.com\/de\/wp-json\/wp\/v2\/comments?post=1150119"}],"version-history":[{"count":0,"href":"https:\/\/www.europesays.com\/de\/wp-json\/wp\/v2\/posts\/1150119\/revisions"}],"wp:featuredmedia":[{"embeddable":true,"href":"https:\/\/www.europesays.com\/de\/wp-json\/wp\/v2\/media\/1150120"}],"wp:attachment":[{"href":"https:\/\/www.europesays.com\/de\/wp-json\/wp\/v2\/media?parent=1150119"}],"wp:term":[{"taxonomy":"category","embeddable":true,"href":"https:\/\/www.europesays.com\/de\/wp-json\/wp\/v2\/categories?post=1150119"},{"taxonomy":"post_tag","embeddable":true,"href":"https:\/\/www.europesays.com\/de\/wp-json\/wp\/v2\/tags?post=1150119"}],"curies":[{"name":"wp","href":"https:\/\/api.w.org\/{rel}","templated":true}]}}