{"id":1150151,"date":"2026-07-07T20:23:16","date_gmt":"2026-07-07T20:23:16","guid":{"rendered":"https:\/\/www.europesays.com\/de\/1150151\/"},"modified":"2026-07-07T20:23:16","modified_gmt":"2026-07-07T20:23:16","slug":"duesseldorf-getreidefeld-in-angermund-in-flammen","status":"publish","type":"post","link":"https:\/\/www.europesays.com\/de\/1150151\/","title":{"rendered":"D\u00fcsseldorf: Getreidefeld in Angermund in Flammen"},"content":{"rendered":"<p class=\"text_ohne_einzug richtext text-em-55 !leading-serif mx-6 desktop:mx-0\"> Die <a href=\"https:\/\/rp-online.de\/thema\/feuerwehr\/\" rel=\"nofollow noopener\" target=\"_blank\">Feuerwehr<\/a> hat am Dienstagabend ein brennendes Getreidefeld im D\u00fcsseldorfer Norden gel\u00f6scht.  Die brennende Fl\u00e4che war etwa vier Hektar gro\u00df, der Einsatz dauerte rund 90\u2005Minuten. <\/p>\n<p class=\"richtext text-em-55 !leading-serif mx-6 desktop:mx-0\">Die <a href=\"https:\/\/rp-online.de\/thema\/feuerwehr-duesseldorf\/\" rel=\"nofollow noopener\" target=\"_blank\">Feuerwehr D\u00fcsseldorf<\/a> wurde gegen 18 Uhr zu dem brennenden Getreidefeld an der Angermunder Stra\u00dfe in Angermund gerufen. Bei der Leitstelle an der H\u00fcttenstra\u00dfe gingen zahlreiche Notrufe ein, die eine starke Rauchentwicklung meldeten. Der Disponent entsandte mehrere Einheiten zu der gemeldeten Stelle. 60 Einsatzkr\u00e4fte waren schlie\u00dflich im Einsatz, unter ihnen auch ehrenamtliche Einsatzkr\u00e4fte der Freiwilligen Feuerwehr.<\/p>\n<p class=\"richtext text-em-55 !leading-serif mx-6 desktop:mx-0\">Aufgrund des Windes breitete sich das Feuer schnell aus. Drei Landwirte zogen auf Bitte der Feuerwehr eine Schneise um die Flammen, sodass eine weitere Ausbreitung verhindert werden konnte. Parallel startete die Brandbek\u00e4mpfung. Nach einer halben Stunde war der Brand auf der vier Hektar gro\u00dfen Fl\u00e4che unter Kontrolle. Es wurden schlie\u00dflich noch vorhandene Glutnester abgel\u00f6scht, nach gut eineinhalb Stunden konnten die Einsatzkr\u00e4fte wieder einr\u00fccken.<\/p>\n","protected":false},"excerpt":{"rendered":"Die Feuerwehr hat am Dienstagabend ein brennendes Getreidefeld im D\u00fcsseldorfer Norden gel\u00f6scht. Die brennende Fl\u00e4che war etwa vier&hellip;\n","protected":false},"author":2,"featured_media":1150152,"comment_status":"","ping_status":"","sticky":false,"template":"","format":"standard","meta":{"footnotes":"","_share_on_mastodon":"0"},"categories":[1838],"tags":[241545,13187,51073,3364,29,3715,588,9032,987,985,13652,43999,30,241544,16474,10020,1209],"class_list":["post-1150151","post","type-post","status-publish","format-standard","has-post-thumbnail","category-duisburg","tag-abgeloescht","tag-angermund","tag-brennende","tag-de","tag-deutschland","tag-duisburg","tag-einsatz","tag-einsatzkraefte","tag-feuer","tag-feuerwehr","tag-flaeche","tag-geloescht","tag-germany","tag-getreidefeld","tag-hektar","tag-kraefte","tag-nordrhein-westfalen"],"share_on_mastodon":{"url":"https:\/\/pubeurope.com\/@de\/116880566301596249","error":""},"_links":{"self":[{"href":"https:\/\/www.europesays.com\/de\/wp-json\/wp\/v2\/posts\/1150151","targetHints":{"allow":["GET"]}}],"collection":[{"href":"https:\/\/www.europesays.com\/de\/wp-json\/wp\/v2\/posts"}],"about":[{"href":"https:\/\/www.europesays.com\/de\/wp-json\/wp\/v2\/types\/post"}],"author":[{"embeddable":true,"href":"https:\/\/www.europesays.com\/de\/wp-json\/wp\/v2\/users\/2"}],"replies":[{"embeddable":true,"href":"https:\/\/www.europesays.com\/de\/wp-json\/wp\/v2\/comments?post=1150151"}],"version-history":[{"count":0,"href":"https:\/\/www.europesays.com\/de\/wp-json\/wp\/v2\/posts\/1150151\/revisions"}],"wp:featuredmedia":[{"embeddable":true,"href":"https:\/\/www.europesays.com\/de\/wp-json\/wp\/v2\/media\/1150152"}],"wp:attachment":[{"href":"https:\/\/www.europesays.com\/de\/wp-json\/wp\/v2\/media?parent=1150151"}],"wp:term":[{"taxonomy":"category","embeddable":true,"href":"https:\/\/www.europesays.com\/de\/wp-json\/wp\/v2\/categories?post=1150151"},{"taxonomy":"post_tag","embeddable":true,"href":"https:\/\/www.europesays.com\/de\/wp-json\/wp\/v2\/tags?post=1150151"}],"curies":[{"name":"wp","href":"https:\/\/api.w.org\/{rel}","templated":true}]}}