{"id":1150159,"date":"2026-07-07T20:28:25","date_gmt":"2026-07-07T20:28:25","guid":{"rendered":"https:\/\/www.europesays.com\/de\/1150159\/"},"modified":"2026-07-07T20:28:25","modified_gmt":"2026-07-07T20:28:25","slug":"landtag-hannover-noch-30-freie-plaetze-fuer-kinder-6-12-am-14-und-23-juli","status":"publish","type":"post","link":"https:\/\/www.europesays.com\/de\/1150159\/","title":{"rendered":"Landtag Hannover: Noch 30 freie Pl\u00e4tze f\u00fcr Kinder (6\u201312) am 14. und 23. Juli"},"content":{"rendered":"<p>Wie entstehen Gesetze, warum braucht Demokratie Streit und wie sieht ein Parlament von innen aus? Der Landkreis Wesermarsch bietet zwei Tagesfahrten mit F\u00fchrung durch den Nieders\u00e4chsischen Landtag an. F\u00fcr beide Termine sind noch Restpl\u00e4tze verf\u00fcgbar. <\/p>\n<p>Wer in den Sommerferien mal etwas anderes erleben will als Strand oder Freibad, kann Politik ganz praktisch kennenlernen: Der Landkreis Wesermarsch bietet erneut Tagesfahrten nach Hannover an \u2013 inklusive altersgerechter F\u00fchrung durch den Nieders\u00e4chsischen Landtag. Mitfahren k\u00f6nnen Kinder im Alter von sechs bis zw\u00f6lf Jahren. F\u00fcr beide Termine sind noch Pl\u00e4tze frei. <\/p>\n<p>W\u00e4hrend einer rund zweist\u00fcndigen F\u00fchrung bekommen die Kinder spielerisch erste Einblicke in die Landespolitik und die Arbeit eines Parlaments. Dabei geht es unter anderem darum, wie Gesetze entstehen, warum unterschiedliche Meinungen wichtig sind und welche Aufgaben Politikerinnen und Politiker \u00fcbernehmen. Laut Landkreis erhalten die Kinder dabei auch Zugang zu Bereichen, die Besucherinnen und Besuchern normalerweise nicht offenstehen. Ziel des Angebots ist es, fr\u00fchzeitig Interesse an demokratischen Prozessen und politischer Bildung zu wecken. <\/p>\n<p>            &#13;<br \/>\n              Diese beiden Termine stehen in den Sommerferien an  <\/p>\n<ul class=\"disc\">\n<li>Dienstag, 14. Juli: aktuell noch 9 freie Pl\u00e4tze<\/li>\n<li>Donnerstag, 23. Juli: aktuell noch 21 freie Pl\u00e4tze<\/li>\n<\/ul>\n<p>Die Teilnahme ist kostenlos. <\/p>\n<p>Das Wichtigste in K\u00fcrze  <\/p>\n<ul class=\"disc\">\n<li>Zwei kostenlose Tagesfahrten nach Hannover f\u00fcr Kinder (6 bis 12 Jahre)<\/li>\n<li>F\u00fchrung durch den Nieders\u00e4chsischen Landtag (rund zwei Stunden)<\/li>\n<li>F\u00fcr den 14. und 23. Juli sind noch Pl\u00e4tze frei (9 bzw. 21)<\/li>\n<\/ul>\n","protected":false},"excerpt":{"rendered":"Wie entstehen Gesetze, warum braucht Demokratie Streit und wie sieht ein Parlament von innen aus? Der Landkreis Wesermarsch&hellip;\n","protected":false},"author":2,"featured_media":1150160,"comment_status":"","ping_status":"","sticky":false,"template":"","format":"standard","meta":{"footnotes":"","_share_on_mastodon":"0"},"categories":[1836],"tags":[3364,29,30,46,6040,241547,1411,16,12857],"class_list":["post-1150159","post","type-post","status-publish","format-standard","has-post-thumbnail","category-hannover","tag-de","tag-deutschland","tag-germany","tag-hannover","tag-kinder-und-jugendliche","tag-niederschsischer-landtag","tag-niedersachsen","tag-politik","tag-wesermarsch"],"share_on_mastodon":{"url":"https:\/\/pubeurope.com\/@de\/116880586035470235","error":""},"_links":{"self":[{"href":"https:\/\/www.europesays.com\/de\/wp-json\/wp\/v2\/posts\/1150159","targetHints":{"allow":["GET"]}}],"collection":[{"href":"https:\/\/www.europesays.com\/de\/wp-json\/wp\/v2\/posts"}],"about":[{"href":"https:\/\/www.europesays.com\/de\/wp-json\/wp\/v2\/types\/post"}],"author":[{"embeddable":true,"href":"https:\/\/www.europesays.com\/de\/wp-json\/wp\/v2\/users\/2"}],"replies":[{"embeddable":true,"href":"https:\/\/www.europesays.com\/de\/wp-json\/wp\/v2\/comments?post=1150159"}],"version-history":[{"count":0,"href":"https:\/\/www.europesays.com\/de\/wp-json\/wp\/v2\/posts\/1150159\/revisions"}],"wp:featuredmedia":[{"embeddable":true,"href":"https:\/\/www.europesays.com\/de\/wp-json\/wp\/v2\/media\/1150160"}],"wp:attachment":[{"href":"https:\/\/www.europesays.com\/de\/wp-json\/wp\/v2\/media?parent=1150159"}],"wp:term":[{"taxonomy":"category","embeddable":true,"href":"https:\/\/www.europesays.com\/de\/wp-json\/wp\/v2\/categories?post=1150159"},{"taxonomy":"post_tag","embeddable":true,"href":"https:\/\/www.europesays.com\/de\/wp-json\/wp\/v2\/tags?post=1150159"}],"curies":[{"name":"wp","href":"https:\/\/api.w.org\/{rel}","templated":true}]}}