{"id":1150219,"date":"2026-07-07T21:00:20","date_gmt":"2026-07-07T21:00:20","guid":{"rendered":"https:\/\/www.europesays.com\/de\/1150219\/"},"modified":"2026-07-07T21:00:20","modified_gmt":"2026-07-07T21:00:20","slug":"vom-keramikatelier-zur-mini-wohnung-diese-43-quadratmeter-in-paris-verbinden-farben-gekonnt-mit-geometrischen-formen","status":"publish","type":"post","link":"https:\/\/www.europesays.com\/de\/1150219\/","title":{"rendered":"Vom Keramikatelier zur Mini-Wohnung: Diese 43 Quadratmeter in Paris verbinden Farben gekonnt mit geometrischen Formen"},"content":{"rendered":"<p><strong>Mini-Wohnung in Paris: Wie ein ehemaliges Keramikatelier seinen expressiven Charme bewahrt \u2013 und doch zum gem\u00fctlichen Zuhause wird.<\/strong><\/p>\n<p>In Paris ist es nicht selten der Fall, dass einem Zuhause eine ehemalige Werkstatt oder ein Atelier vorausgeht. Beides wird so gekonnt in moderne Lofts oder Appartements \u00fcberf\u00fchrt, dass man gar nicht an die Herausforderungen denkt, die einem beim Renovieren und Umgestalten begegnen k\u00f6nnen. Jene H\u00fcrden gab es auch bei einer verschachtelten <a href=\"https:\/\/www.ad-magazin.de\/artikel\/so-verwandelte-ein-paar-ein-43-quadratmeter-mobilheim-in-einen-gemuetlichen-kokon\" target=\"_blank\" rel=\"nofollow noopener\">43-Quadratmeter-Wohnung<\/a> in Paris, der sich Interiordesigner \u00d6mer \u00d6zt\u00fcrk annahm. \u201eDiese ehemalige Keramikwerkstatt, die sich durch ihren rauen und funktionalen Charakter auszeichnete, war einst ein Ort, an dem etwas hergestellt wurde \u2013 an dem Materialien, Texturen und handwerkliches K\u00f6nnen im Mittelpunkt standen\u201c, erkl\u00e4rt der in Istanbul ans\u00e4ssige Innenarchitekt. \u201eAnstatt diesen Charakter zu verwischen, hatte das Projekt zum Ziel, diese von Handwerkstradition gepr\u00e4gte Vergangenheit in einem zeitgem\u00e4\u00dfen Wohnumfeld neu aufzugreifen, in dem eine starke Materialpalette und ein kreativer Ansatz erhalten bleiben.\u201c<\/p>\n<p><img decoding=\"async\" alt=\"Renovierung in Paris kleine Wohnung Makeover Wohnzimmer Sofa\" loading=\"lazy\" class=\"ResponsiveImageContainer-dkeESL cQPiWi responsive-image__image\"   src=\"https:\/\/www.europesays.com\/de\/wp-content\/uploads\/2026\/07\/01_AD.jpg\"\/><\/p>\n<p>Im Wohnzimmer setzt ein rotes Samt-Sofa einen starken farbigen Akzent \u2013 ebenso wie das blaue Sideboard gegen\u00fcber von USM. In der Mitte ein lackierter Couchtisch, auf dem ein ovales, skulpturales Kunstobjekt aus mundgeblasenem Glas von Marquisate London steht. Die Deckenleuchten sind von Flos.<\/p>\n<p>omerozturkinteriors teamMini-Wohnung mit flexiblen und lichtdurchfluteten R\u00e4umen<\/p>\n<p>Das Ziel der Renovierung? Funktionalit\u00e4t zu schaffen und zugleich ein markantes Designkonzept zu entwickeln, das die M\u00f6glichkeiten des Wohnens auf kleinem Raum neu auslotet. Zu Beginn entfernte der Interiordesigner Trennw\u00e4nde, um R\u00e4ume zu gestalten, die einem modernen Lebensstil entsprechen und trotzdem durch flie\u00dfende \u00dcberg\u00e4nge verbunden werden. So wurden die <a href=\"https:\/\/www.ad-magazin.de\/artikel\/raumteiler-inspiration\" target=\"_blank\" rel=\"nofollow noopener\">W\u00e4nde<\/a> einfach durch ein flexibles Vorhangsystem ersetzt, mit dem das Schlafzimmer bei Bedarf abgeschirmt und dennoch Teil des offenen Wohnbereichs sein kann \u2013 f\u00fcr mehr Flexibilit\u00e4t und Tageslicht. \u201eDas nat\u00fcrliche Licht spielt eine wesentliche Rolle: Es f\u00e4llt direkt und gleichm\u00e4\u00dfig ein, verst\u00e4rkt die Farbvielfalt und die Wirkung der Materialien und l\u00e4sst den Raum zugleich tiefer und gro\u00dfz\u00fcgiger wirken\u201c, so \u00d6zt\u00fcrk. Das vom Wohnzimmer aus sichtbare Schlafzimmer wird durch ein ma\u00dfgefertigtes Holzbett von \u00d6mer \u00d6zt\u00fcrk Interiors und seine markante dreieckige Form gepr\u00e4gt. Die gesamte Raumgestaltung richtete sich nach dem skulpturalen Herzst\u00fcck, das durch die tief burgunderrote Wand dahinter und gr\u00fcne Lederakzente optimal in Szene gesetzt wird.<\/p>\n","protected":false},"excerpt":{"rendered":"Mini-Wohnung in Paris: Wie ein ehemaliges Keramikatelier seinen expressiven Charme bewahrt \u2013 und doch zum gem\u00fctlichen Zuhause wird.&hellip;\n","protected":false},"author":2,"featured_media":1150220,"comment_status":"","ping_status":"","sticky":false,"template":"","format":"standard","meta":{"footnotes":"","_share_on_mastodon":"0"},"categories":[1775],"tags":[1793,29,214,30,1794,3325,215],"class_list":["post-1150219","post","type-post","status-publish","format-standard","has-post-thumbnail","category-kunst-und-design","tag-art-and-design","tag-deutschland","tag-entertainment","tag-germany","tag-kunst-und-design","tag-small-spaces","tag-unterhaltung"],"share_on_mastodon":{"url":"https:\/\/pubeurope.com\/@de\/116880711654639454","error":""},"_links":{"self":[{"href":"https:\/\/www.europesays.com\/de\/wp-json\/wp\/v2\/posts\/1150219","targetHints":{"allow":["GET"]}}],"collection":[{"href":"https:\/\/www.europesays.com\/de\/wp-json\/wp\/v2\/posts"}],"about":[{"href":"https:\/\/www.europesays.com\/de\/wp-json\/wp\/v2\/types\/post"}],"author":[{"embeddable":true,"href":"https:\/\/www.europesays.com\/de\/wp-json\/wp\/v2\/users\/2"}],"replies":[{"embeddable":true,"href":"https:\/\/www.europesays.com\/de\/wp-json\/wp\/v2\/comments?post=1150219"}],"version-history":[{"count":0,"href":"https:\/\/www.europesays.com\/de\/wp-json\/wp\/v2\/posts\/1150219\/revisions"}],"wp:featuredmedia":[{"embeddable":true,"href":"https:\/\/www.europesays.com\/de\/wp-json\/wp\/v2\/media\/1150220"}],"wp:attachment":[{"href":"https:\/\/www.europesays.com\/de\/wp-json\/wp\/v2\/media?parent=1150219"}],"wp:term":[{"taxonomy":"category","embeddable":true,"href":"https:\/\/www.europesays.com\/de\/wp-json\/wp\/v2\/categories?post=1150219"},{"taxonomy":"post_tag","embeddable":true,"href":"https:\/\/www.europesays.com\/de\/wp-json\/wp\/v2\/tags?post=1150219"}],"curies":[{"name":"wp","href":"https:\/\/api.w.org\/{rel}","templated":true}]}}