{"id":1150306,"date":"2026-07-07T21:49:29","date_gmt":"2026-07-07T21:49:29","guid":{"rendered":"https:\/\/www.europesays.com\/de\/1150306\/"},"modified":"2026-07-07T21:49:29","modified_gmt":"2026-07-07T21:49:29","slug":"duisburg-mann-verletzt-sich-bei-brand-im-taubenverschlag","status":"publish","type":"post","link":"https:\/\/www.europesays.com\/de\/1150306\/","title":{"rendered":"Duisburg: Mann verletzt sich bei Brand im Taubenverschlag"},"content":{"rendered":"<p class=\"text_ohne_einzug richtext text-em-55 !leading-serif mx-6 desktop:mx-0\">  Weil zwei Taubenverschl\u00e4ge eines Taubenzuchtvereins am Sonntagnachmittag (5. Juli, 14.15 Uhr) an der Wiesbadener Stra\u00dfe brannten, waren die Feuerwehr und die <a href=\"https:\/\/rp-online.de\/thema\/polizei\/\" rel=\"nofollow noopener\" target=\"_blank\">Polizei<\/a> im Einsatz.<\/p>\n<p class=\"richtext text-em-55 !leading-serif mx-6 desktop:mx-0\">Die Feuerwehr l\u00f6schte die Flammen. W\u00e4hrend ein 40-j\u00e4hriger P\u00e4chter die Taubenk\u00e4fige \u00f6ffnete, damit die ca. 150 Tiere wegfliegen konnten, verletzte sich der Mann leicht am Arm und an der Hand und wurde durch Rettungskr\u00e4fte vor Ort medizinisch versorgt.<\/p>\n<p class=\"richtext text-em-55 !leading-serif mx-6 desktop:mx-0\">Ein Elektroger\u00e4t k\u00f6nnte den Brand ausgel\u00f6st haben, schilderte ein weiterer 71-j\u00e4hriger P\u00e4chter den Polizisten. Wie viele Tauben dem Brand entfliehen konnten, kann bisher nicht beziffert werden.<\/p>\n<p class=\"italic richtext text-em-55 !leading-serif mx-6 desktop:mx-0\">Das Kriminalkommissariat 11 hat die Ermittlungen aufgenommen.<\/p>\n","protected":false},"excerpt":{"rendered":"Weil zwei Taubenverschl\u00e4ge eines Taubenzuchtvereins am Sonntagnachmittag (5. Juli, 14.15 Uhr) an der Wiesbadener Stra\u00dfe brannten, waren die&hellip;\n","protected":false},"author":2,"featured_media":1150307,"comment_status":"","ping_status":"","sticky":false,"template":"","format":"standard","meta":{"footnotes":"","_share_on_mastodon":"0"},"categories":[1838],"tags":[2919,3364,29,3715,113476,30,18273,1209,75981,13557,1886],"class_list":["post-1150306","post","type-post","status-publish","format-standard","has-post-thumbnail","category-duisburg","tag-brand","tag-de","tag-deutschland","tag-duisburg","tag-elektrogeraet","tag-germany","tag-jaehriger","tag-nordrhein-westfalen","tag-obermeiderich","tag-paechter","tag-tiere"],"share_on_mastodon":{"url":"https:\/\/pubeurope.com\/@de\/116880904493319726","error":""},"_links":{"self":[{"href":"https:\/\/www.europesays.com\/de\/wp-json\/wp\/v2\/posts\/1150306","targetHints":{"allow":["GET"]}}],"collection":[{"href":"https:\/\/www.europesays.com\/de\/wp-json\/wp\/v2\/posts"}],"about":[{"href":"https:\/\/www.europesays.com\/de\/wp-json\/wp\/v2\/types\/post"}],"author":[{"embeddable":true,"href":"https:\/\/www.europesays.com\/de\/wp-json\/wp\/v2\/users\/2"}],"replies":[{"embeddable":true,"href":"https:\/\/www.europesays.com\/de\/wp-json\/wp\/v2\/comments?post=1150306"}],"version-history":[{"count":0,"href":"https:\/\/www.europesays.com\/de\/wp-json\/wp\/v2\/posts\/1150306\/revisions"}],"wp:featuredmedia":[{"embeddable":true,"href":"https:\/\/www.europesays.com\/de\/wp-json\/wp\/v2\/media\/1150307"}],"wp:attachment":[{"href":"https:\/\/www.europesays.com\/de\/wp-json\/wp\/v2\/media?parent=1150306"}],"wp:term":[{"taxonomy":"category","embeddable":true,"href":"https:\/\/www.europesays.com\/de\/wp-json\/wp\/v2\/categories?post=1150306"},{"taxonomy":"post_tag","embeddable":true,"href":"https:\/\/www.europesays.com\/de\/wp-json\/wp\/v2\/tags?post=1150306"}],"curies":[{"name":"wp","href":"https:\/\/api.w.org\/{rel}","templated":true}]}}