{"id":1150368,"date":"2026-07-07T22:30:17","date_gmt":"2026-07-07T22:30:17","guid":{"rendered":"https:\/\/www.europesays.com\/de\/1150368\/"},"modified":"2026-07-07T22:30:17","modified_gmt":"2026-07-07T22:30:17","slug":"wartburgkreis-ein-ort-im-zeichen-der-bildhauerkunst-bad-salzungen","status":"publish","type":"post","link":"https:\/\/www.europesays.com\/de\/1150368\/","title":{"rendered":"Wartburgkreis: Ein Ort im Zeichen der Bildhauerkunst &#8211; Bad Salzungen"},"content":{"rendered":"<p>Die Rh\u00f6n ist die Wiege des Bildhauerhandwerks. Seit 1878 gibt es in der Rh\u00f6n eine Schnitzerausbildung, 1898 nahm die erste Th\u00fcringer Schnitzschule in Empfertshausen ihren Betrieb auf. So stehen die Staatliche Berufsfachschule f\u00fcr Holzbildhauer und der Rh\u00f6ner Holzbildhauerverein Empfertshausen gleicherma\u00dfen f\u00fcr gelebte Handwerkstradition, Kunst und Kultur in der Region und weit dar\u00fcber hinaus. Mit dem j\u00e4hrlichen Oster- und Fr\u00fchlingsmarkt, dem Rh\u00f6ner Holz- und Kunsthandwerkermarkt, dem Tag der offenen T\u00fcr an der Schnitzschule, mit Ausstellungen und vielem mehr sind Schule und Verein mit gro\u00dfem Engagement \u00f6ffentlich pr\u00e4sent und damit fester Bestandteil des Gemeinschaftslebens. So fanden beispielsweise anl\u00e4sslich des 300-j\u00e4hrigen Kirchweihjubil\u00e4ums in der Empfertsh\u00e4user Erl\u00f6serkirche im Jahr 2019, f\u00fcnf w\u00e4hrend des 20. Rh\u00f6ner Bildhauersymposiums geschaffene Skulpturen einen w\u00fcrdigen Platz vor der Kirche und im vergangenen Jahr stand das Symposium unter dem Motto \u201eEin Pferd f\u00fcr Empfertshausen\u201c ganz im Zeichen der 1200-Jahrfeier der Rh\u00f6ngemeinde.<\/p>\n","protected":false},"excerpt":{"rendered":"Die Rh\u00f6n ist die Wiege des Bildhauerhandwerks. Seit 1878 gibt es in der Rh\u00f6n eine Schnitzerausbildung, 1898 nahm&hellip;\n","protected":false},"author":2,"featured_media":1150369,"comment_status":"","ping_status":"","sticky":false,"template":"","format":"standard","meta":{"footnotes":"","_share_on_mastodon":"0"},"categories":[1775],"tags":[1793,20885,3534,29,241597,214,30,617,1794,7132,241596,215],"class_list":["post-1150368","post","type-post","status-publish","format-standard","has-post-thumbnail","category-kunst-und-design","tag-art-and-design","tag-bad-salzungen","tag-bildhauer","tag-deutschland","tag-empferdshausen","tag-entertainment","tag-germany","tag-handwerk","tag-kunst-und-design","tag-kunsthandwerk","tag-schnitzschule","tag-unterhaltung"],"share_on_mastodon":{"url":"https:\/\/pubeurope.com\/@de\/116881065392364469","error":""},"_links":{"self":[{"href":"https:\/\/www.europesays.com\/de\/wp-json\/wp\/v2\/posts\/1150368","targetHints":{"allow":["GET"]}}],"collection":[{"href":"https:\/\/www.europesays.com\/de\/wp-json\/wp\/v2\/posts"}],"about":[{"href":"https:\/\/www.europesays.com\/de\/wp-json\/wp\/v2\/types\/post"}],"author":[{"embeddable":true,"href":"https:\/\/www.europesays.com\/de\/wp-json\/wp\/v2\/users\/2"}],"replies":[{"embeddable":true,"href":"https:\/\/www.europesays.com\/de\/wp-json\/wp\/v2\/comments?post=1150368"}],"version-history":[{"count":0,"href":"https:\/\/www.europesays.com\/de\/wp-json\/wp\/v2\/posts\/1150368\/revisions"}],"wp:featuredmedia":[{"embeddable":true,"href":"https:\/\/www.europesays.com\/de\/wp-json\/wp\/v2\/media\/1150369"}],"wp:attachment":[{"href":"https:\/\/www.europesays.com\/de\/wp-json\/wp\/v2\/media?parent=1150368"}],"wp:term":[{"taxonomy":"category","embeddable":true,"href":"https:\/\/www.europesays.com\/de\/wp-json\/wp\/v2\/categories?post=1150368"},{"taxonomy":"post_tag","embeddable":true,"href":"https:\/\/www.europesays.com\/de\/wp-json\/wp\/v2\/tags?post=1150368"}],"curies":[{"name":"wp","href":"https:\/\/api.w.org\/{rel}","templated":true}]}}