{"id":1150382,"date":"2026-07-07T22:40:19","date_gmt":"2026-07-07T22:40:19","guid":{"rendered":"https:\/\/www.europesays.com\/de\/1150382\/"},"modified":"2026-07-07T22:40:19","modified_gmt":"2026-07-07T22:40:19","slug":"lebensmittelhandel-rewe-will-teil-der-feneberg-standorte-uebernehmen","status":"publish","type":"post","link":"https:\/\/www.europesays.com\/de\/1150382\/","title":{"rendered":"Lebensmittelhandel: Rewe will Teil der Feneberg-Standorte \u00fcbernehmen"},"content":{"rendered":"<p class=\"paragraph article__item\"><a class=\"rtr-entity\" href=\"https:\/\/www.zeit.de\/thema\/rewe\" rel=\"nofollow noopener\" target=\"_blank\">Rewe<\/a> \u00fcbernimmt einen Teil der Standorte der insolventen Supermarktkette Feneberg. Geplant sei der k\u00fcnftige unabh\u00e4ngige Betrieb jeweils eines \u00abwesentlichen Teils\u00bb der insgesamt 72 Standorte durch die Investorengruppe LEH-Allg\u00e4u GmbH und durch Rewe, hei\u00dft es in einer Mitteilung.\u00a0\n<\/p>\n<p>Aktuelles<\/p>\n<p>                <a href=\"https:\/\/www.zeit.de\/wirtschaft\/unternehmen\/2026-07\/volkswagen-werksschliessungen-aufsichtsrat-niedersachsen-julia-willie-hamburg\" data-ct-label=\"Werksschlie\u00dfungen bei Volkswagen: Im VW-Aufsichtsrat sto\u00dfen m\u00f6gliche Werksschlie\u00dfungen auf Widerstand\" data-uuid=\"a5ca65d3-00df-415a-930d-3d6b1cfe8012\" rel=\"nofollow noopener\" target=\"_blank\"><\/p>\n<p>                        Werksschlie\u00dfungen bei Volkswagen:<br \/>\n                        Im VW-Aufsichtsrat sto\u00dfen m\u00f6gliche Werksschlie\u00dfungen auf Widerstand<\/p>\n<p>                <\/a><\/p>\n<p>                <a href=\"https:\/\/www.zeit.de\/wirtschaft\/2026-06\/stellenabbau-volkswagen-arbeitsplaetze-100000-vorstand\" data-ct-label=\"Stellenabbau bei Volkswagen : Der Tabubruch\" data-uuid=\"8d95a852-74d4-4319-96a0-dcfdfdd17fb6\" rel=\"nofollow noopener\" target=\"_blank\"><\/p>\n<p>        Z+ (abopflichtiger Inhalt);<\/p>\n<p>    Stellenabbau bei Volkswagen :<br \/>\n                        Der Tabubruch<\/p>\n<p>                <\/a><\/p>\n<p>                <a href=\"https:\/\/www.zeit.de\/wirtschaft\/2026-06\/udo-dinglreiter-gesamtmetall-krise-industrie-deindustrialisierung\" data-ct-label=\"Udo Dinglreiter: \u00bbDie Stimmung ist katastrophal\u00ab \" data-uuid=\"34e5f69c-9a08-40b3-8c3f-df0351c9dcdf\" rel=\"nofollow noopener\" target=\"_blank\"><\/p>\n<p>        Z+ (abopflichtiger Inhalt);<\/p>\n<p>    Udo Dinglreiter:<br \/>\n                        \u00bbDie Stimmung ist katastrophal\u00ab <\/p>\n<p>                <\/a><\/p>\n<p class=\"paragraph article__item\">Feneberg befinde sich seit dem 1. April 2026 in einem Insolvenzverfahren in Eigenverwaltung. Mit der Investorenvereinbarung sei ein wichtiger Schritt zur langfristigen Sicherung von Standorten, Arbeitspl\u00e4tzen und der Nahversorgung in der Region erreicht worden, hei\u00dft es weiter. Umgesetzt werden soll die Vereinbarung durch einen Insolvenzplan, der noch der Zustimmung der Gl\u00e4ubiger der Feneberg Lebensmittel GmbH bedarf.\n<\/p>\n<p class=\"paragraph article__item\">Ziel sei es, das Traditionsunternehmen zu erhalten sowie Nahversorgung und Arbeitspl\u00e4tze im Allg\u00e4u und in S\u00fcddeutschland zu st\u00e4rken. Die Vereinbarung soll zudem die Grundlage f\u00fcr die weitere Entwicklung der Standorte schaffen.\n<\/p>\n<p class=\"paragraph article__item\">Bis zu einer Entscheidung der zust\u00e4ndigen Beh\u00f6rden bleibt die Vereinbarung unter Vorbehalt.\n<\/p>\n<p class=\"paragraph article__item\">\u00a9 dpa-infocom, dpa:260707-930-349693\/2<\/p>\n","protected":false},"excerpt":{"rendered":"Rewe \u00fcbernimmt einen Teil der Standorte der insolventen Supermarktkette Feneberg. Geplant sei der k\u00fcnftige unabh\u00e4ngige Betrieb jeweils eines&hellip;\n","protected":false},"author":2,"featured_media":1150383,"comment_status":"","ping_status":"","sticky":false,"template":"","format":"standard","meta":{"footnotes":"","_share_on_mastodon":"0"},"categories":[134],"tags":[16733,175,170,169,29,163483,30,77700,171,174,15,872,8041,173,172],"class_list":["post-1150382","post","type-post","status-publish","format-standard","has-post-thumbnail","category-unternehmen-maerkte","tag-allgaeu","tag-business","tag-companies","tag-companies-markets","tag-deutschland","tag-feneberg-lebensmittel","tag-germany","tag-lebensmittelhandel","tag-markets","tag-maerkte","tag-news","tag-rewe","tag-supermarktkette","tag-unternehmen","tag-unternehmen-maerkte"],"share_on_mastodon":{"url":"https:\/\/pubeurope.com\/@de\/116881104982664277","error":""},"_links":{"self":[{"href":"https:\/\/www.europesays.com\/de\/wp-json\/wp\/v2\/posts\/1150382","targetHints":{"allow":["GET"]}}],"collection":[{"href":"https:\/\/www.europesays.com\/de\/wp-json\/wp\/v2\/posts"}],"about":[{"href":"https:\/\/www.europesays.com\/de\/wp-json\/wp\/v2\/types\/post"}],"author":[{"embeddable":true,"href":"https:\/\/www.europesays.com\/de\/wp-json\/wp\/v2\/users\/2"}],"replies":[{"embeddable":true,"href":"https:\/\/www.europesays.com\/de\/wp-json\/wp\/v2\/comments?post=1150382"}],"version-history":[{"count":0,"href":"https:\/\/www.europesays.com\/de\/wp-json\/wp\/v2\/posts\/1150382\/revisions"}],"wp:featuredmedia":[{"embeddable":true,"href":"https:\/\/www.europesays.com\/de\/wp-json\/wp\/v2\/media\/1150383"}],"wp:attachment":[{"href":"https:\/\/www.europesays.com\/de\/wp-json\/wp\/v2\/media?parent=1150382"}],"wp:term":[{"taxonomy":"category","embeddable":true,"href":"https:\/\/www.europesays.com\/de\/wp-json\/wp\/v2\/categories?post=1150382"},{"taxonomy":"post_tag","embeddable":true,"href":"https:\/\/www.europesays.com\/de\/wp-json\/wp\/v2\/tags?post=1150382"}],"curies":[{"name":"wp","href":"https:\/\/api.w.org\/{rel}","templated":true}]}}