{"id":1150471,"date":"2026-07-07T23:34:22","date_gmt":"2026-07-07T23:34:22","guid":{"rendered":"https:\/\/www.europesays.com\/de\/1150471\/"},"modified":"2026-07-07T23:34:22","modified_gmt":"2026-07-07T23:34:22","slug":"museum-folkwang-realismus-von-gustave-courbet-entdecken","status":"publish","type":"post","link":"https:\/\/www.europesays.com\/de\/1150471\/","title":{"rendered":"Museum Folkwang: Realismus von Gustave Courbet entdecken"},"content":{"rendered":"<p class=\"wp-block-paragraph\"><strong>Frankreich im politischen Chaos. Eine Zeit des Widerstands widergespiegelt in der Kunst der 1840er und 50er Jahre. Sehen Sie erstmalig internationale Kunstwerke des K\u00fcnstlers Gustave Courbet im Museum Folkwang in Essen und folgen Sie ihm auf seiner Reise durchs Leben. Rund 90 Werke sind zu bestaunen.<\/strong><\/p>\n<p><img loading=\"lazy\" decoding=\"async\" width=\"1024\" height=\"772\" src=\"data:image\/svg+xml,%3Csvg%20xmlns=\" http:=\"\" alt=\"'Bouquet dasters' von Gustave Courbet. Foto: Museum Folkwang\" class=\"wp-image-67503\" data-lazy- data-lazy- data-lazy-src=\"https:\/\/www.europesays.com\/de\/wp-content\/uploads\/2026\/07\/MFolkwang_-Gustave-Courbet_-Bouquet-dasters_-300dpi-1024x772.jpg\"\/>Blumen in einer Vase, \u00d6l auf Leinwand, von Gustave Courbet im Museum Folkwang. Foto: Museum Folkwang<\/p>\n<p class=\"wp-block-paragraph\">Bestaunen Sie den k\u00fcnstlerischen Einfluss Gustave Courbets auf die Kunst der Moderne. Er war nicht nur als \u201ek\u00fcnstlerischer Erneuerer\u201c angesehen, sondern stach vor allem mit seinem politisch engagierten Wesen aus der Menge heraus. Courbet stellte sich bewusst gegen die idealisierte \u00c4sthetik seiner Zeit und zeigte lieber das Leben der einfachen Menschen und der sozialen Wirklichkeit in seinen Kunstwerken. Ein Realist. Malerei galt f\u00fcr den K\u00fcnstler immer als eine Form des Widerstands, was sich wiederum in seinem Umgang mit traditionellen Bildgattungen und seiner Maltechnik widerspiegelte.<\/p>\n<p>Was genau kann man bestaunen?<\/p>\n<p class=\"wp-block-paragraph\">Besucherinnen und Besucher k\u00f6nnen sich auf rund 900 Quadratmetern des Museum Folkwang Leihgaben aus internationalen Museen, wie das Mus\u00e9e d\u2019Orsay in Paris oder das Metropolitan Museum of Art in New York ansehen. Diese entsprechen an der Zahl rund 90 St\u00fcck, mit unter anderem auch Werke, die bisher nur selten verliehen oder sogar noch nie in Deutschland ausgestellt worden sind. Als besonders anschauliches Beispiel l\u00e4sst sich L\u2019Origine du monde (1866) anf\u00fchren.<\/p>\n<p><img loading=\"lazy\" decoding=\"async\" width=\"813\" height=\"1024\" src=\"data:image\/svg+xml,%3Csvg%20xmlns=\" http:=\"\" alt=\"'Fou de Peur' von Gustave Courbet im Museum Folkwang. Foto: Museum Folkwang\" class=\"wp-image-67505\" data-lazy- data-lazy- data-lazy-src=\"https:\/\/www.europesays.com\/de\/wp-content\/uploads\/2026\/07\/MFolkwang_Gustave-Courbet_Fou-de-Peur_NG.M-813x1024.jpg\"\/>Sehen Sie sich einige der ber\u00fchmtesten Kunstwerke von Gustave Courbet im Museum Folkwang an, wie zum Beispiel \u201aLe Fou de peur\u2018. Foto: Museum Folkwang<\/p>\n<p class=\"wp-block-paragraph\">Des weiteren sind aber auch zahlreiche andere Kunstwerke Courbets zu entdecken. Besonders nennenswert sind dabei seine Hauptwerke wie Le Fou de peur (1844), L\u2019Apr\u00e8s-d\u00een\u00e9e \u00e0 Ornans (1849), Jo, la belle Irlandaise (1866) oder L\u2018Homme \u00e0 la pipe (1849).<\/p>\n<p class=\"wp-block-paragraph\">Die insgesamt neun Kapitel lange Ausstellung erz\u00e4hlt die Lebensgeschichte des K\u00fcnstlers und stellt die zentralen Werkgruppen seiner Arbeit ins Rampenlicht. Dabei werden Themen, wie zum Beispiel Selbstbild und \u00d6ffentlichkeit, die soziale Realit\u00e4t, die Aktdarstellung, sowie Landschaft, Heimat und Exil ber\u00fccksichtigt.<\/p>\n<p>Gustave Courbet (1819\u20131877)<\/p>\n<p class=\"wp-block-paragraph\">Gustave Courbet, geboren 1819 in der l\u00e4ndlichen Region Franche-Comt\u00e9, geht im Jahr 1839 nach Paris, um Kunst zu studieren. Jedoch nicht wie man denkt, an einer staatlichen Kunstakademie. Courbet besuchte stattdessen private Akademien und bildete sich im Selbststudium eigenst\u00e4ndig weiter.<br \/>Ab 1844 stellte er seine Kunstwerke im Pariser Salon aus, wo diese gro\u00dfe Aufmerksamkeit bei den Besucher*innen erregten und auch Anerkennung fanden. Aber nat\u00fcrlich gibt es keine Anerkennung ohne Kritik. Courbet positionierte sich stets gegen akademische Konventionen und wird daf\u00fcr von konservativen Kunstkritikern verachtet.<\/p>\n<p><img loading=\"lazy\" decoding=\"async\" width=\"842\" height=\"1024\" src=\"data:image\/svg+xml,%3Csvg%20xmlns=\" http:=\"\" alt=\"&quot;L'homme a la pipe' von Gustave Courbet im Museum Folkwang. Foto: Museum Folkwang\" class=\"wp-image-67506\" data-lazy- data-lazy- data-lazy-src=\"https:\/\/www.europesays.com\/de\/wp-content\/uploads\/2026\/07\/MFolkwang_Gustave-Courbet_LHomme-a-la-pipe_um-1849_300-dpi-842x1024.jpg\"\/>\u201aL\u2019homme a la pipe\u2018 von Gustave Courbet im Museum Folkwang. Foto: Museum Folkwang<\/p>\n<p class=\"wp-block-paragraph\">Ein h\u00e4ufiges Thema in den Werken des K\u00fcnstlers sind die politischen Ereignisse und Umbr\u00fcche in Frankreich zu seiner Zeit, wie unter anderem die Februarrevolution 1848. Seine bedeutendsten Werke entstanden im Zeitraum von 1848 bis 1855 und machen deutlich, dass f\u00fcr Gustave Courbet Kunst und Politik untrennbar voneinander sind.<\/p>\n<p class=\"wp-block-paragraph\">Als politisch Verfolgter musste Courbet ebenfalls Paris und seine Heimat im Jahr 1873 verlassen. Seine letzten Lebensjahre verbrachte er im Exil in der Schweiz, weswegen seine letzten Kunstwerke Motive aus La Tour-de-Peilz und der Landschaft um den Genfer See darstellen.<\/p>\n<p>Das Leopold Museum und Folkwang<\/p>\n<p class=\"wp-block-paragraph\">Die Ausstellung \u201eIch, Gustave Courbet. Maler und Rebell\u201c im Museum Folkwang Essen ist in Kooperation mit dem Leopold Museum Wien entstanden. Die Kunstwerke wurden in Wien bereits von \u00fcber 100.000 Besucher*innen bestaunt. Ab Mitte Juli ist die Sammlung dann endlich im Museum Folkwang Essen zu sehen.<\/p>\n<p>Das Museum Folkwang<\/p>\n<p><img loading=\"lazy\" decoding=\"async\" width=\"1024\" height=\"678\" src=\"data:image\/svg+xml,%3Csvg%20xmlns=\" http:=\"\" alt=\"'Das Schloss Chillon' von Gustave Courbet im Museum Folkwang. Foto: Museum Folkwang\" class=\"wp-image-67504\" data-lazy- data-lazy- data-lazy-src=\"https:\/\/www.europesays.com\/de\/wp-content\/uploads\/2026\/07\/MFolkwang_Gustave-Courbet_Das-Schloss-Chillon_300dpi-1024x678.jpg\"\/>Das Schoss Chillon thront auf der Leinwand am Wasser von Gustave Courbet im Museum Folkwang. Foto: Museum Folkwang<\/p>\n<p class=\"wp-block-paragraph\">Das <a href=\"https:\/\/www.ruhr-guide.de\/kultur\/kultur-im-ruhrgebiet\/museen-im-revier\/museum-folkwang-essen\/\" rel=\"nofollow noopener\" target=\"_blank\">Museum Folkwang in Essen<\/a> ist eins der bekanntesten Kunstmuseen in Nordrhein-Westfalen. Mit seinen vielf\u00e4ltigen Sammlungen deckt es ein breites Spektrum von Malerei und Skulpturen des 19. Jahrhunderts bis hin zu moderner und zeitgen\u00f6ssischer Kunst ab. Ein Lichtblick des Museums ist die beeindruckende Sammlung des Deutschen Plakat Museums, welche mit \u00fcber 350.000 Plakaten einen Einblick in die Geschichte und Kunst der Plakatgestaltung bietet.<\/p>\n<p class=\"wp-block-paragraph\">Das urspr\u00fcngliche Museum Folkwang war sesshaft in Hagen. Der Hagener <a href=\"https:\/\/www.ruhr-guide.de\/kultur\/kultur-im-ruhrgebiet\/museen-im-revier\/kunst-museen-im-ruhrgebiet\/\" rel=\"nofollow noopener\" target=\"_blank\">Karl Ernst Osthaus<\/a> er\u00f6ffnete das Museum mit dem Ziel, einfachen B\u00fcrger*innen den Zugang zur Kunst zu erm\u00f6glichen. Nach seinem Tod vereinten engagierte B\u00fcrger aus Essen das Hagener Museum Folkwang mit dem St\u00e4dtischen Kunstmuseum Essen zum neuen Museum Folkwang Essen, um Osthaus\u2019 Traum weiter leben zu lassen.<\/p>\n<p class=\"wp-block-paragraph\">Bitte beachten Sie, dass Tickets f\u00fcr die Highlight-Ausstellung \u201eIch, Gustave Courbet. Maler und Rebell\u201c bereits online erh\u00e4ltlich sind.<\/p>\n<p>Ich, Gustave Courbet, Maler und Rebell<\/p>\n<p class=\"wp-block-paragraph\"><strong>Ausstellungsdauer:<\/strong><br \/>17. Juli \u2013 8. November 2026<br \/>Er\u00f6ffnung: Do, 16. Juli, 19 Uhr<\/p>\n<p class=\"wp-block-paragraph\"><strong>Museum Folkwang<\/strong><br \/>Museumsplatz 1<br \/>45128 Essen<br \/>Tel. +49 201 8845444<br \/>Email: <a href=\"https:\/\/www.ruhr-guide.de\/kultur\/kultur-im-ruhrgebiet\/kunst-im-ruhrgebiet\/ausstellungshighlight-im-museum-folkwang-ich-gustave-courbet-maler-und-rebell\/mailto:info@museum-folkwang.essen.de\" rel=\"nofollow noopener\" target=\"_blank\">info@museum-folkwang.essen.de<\/a><\/p>\n<p class=\"wp-block-paragraph\"><strong>\u00d6ffnungszeiten:<\/strong><br \/>Di \u2013 So: 10 \u2013 18 Uhr<br \/>Do &amp; Fr: 10 \u2013 20 Uhr<br \/>Mo geschlossen<\/p>\n<p class=\"wp-block-paragraph\"><strong>Eintrittspreise:<\/strong><br \/>Erw. 16,00 \u20ac<br \/>Erm\u00e4\u00dfigt 12,00 \u20ac<\/p>\n<p class=\"wp-block-paragraph\">Tickets: <a href=\"http:\/\/museum-folkwang.ticketfritz.de\/\" rel=\"nofollow noopener\" target=\"_blank\">museum-folkwang.ticketfritz.de<\/a><\/p>\n<p class=\"wp-block-paragraph\">Der Katalog erscheint im Verlag der Buchhandlung Walther K\u00f6nig, K\u00f6ln (Preis: ca. 38 EUR)<\/p>\n<p class=\"wp-block-paragraph\">Fotos: Museum Folkwang<\/p>\n","protected":false},"excerpt":{"rendered":"Frankreich im politischen Chaos. Eine Zeit des Widerstands widergespiegelt in der Kunst der 1840er und 50er Jahre. Sehen&hellip;\n","protected":false},"author":2,"featured_media":1150472,"comment_status":"","ping_status":"","sticky":false,"template":"","format":"standard","meta":{"footnotes":"","_share_on_mastodon":"0"},"categories":[1834],"tags":[3364,29,3688,30,241614,2075,52714,1209,78064],"class_list":["post-1150471","post","type-post","status-publish","format-standard","has-post-thumbnail","category-essen","tag-de","tag-deutschland","tag-essen","tag-germany","tag-gustave-courbet","tag-kunst","tag-museum-folkwang","tag-nordrhein-westfalen","tag-startseite"],"share_on_mastodon":{"url":"","error":""},"_links":{"self":[{"href":"https:\/\/www.europesays.com\/de\/wp-json\/wp\/v2\/posts\/1150471","targetHints":{"allow":["GET"]}}],"collection":[{"href":"https:\/\/www.europesays.com\/de\/wp-json\/wp\/v2\/posts"}],"about":[{"href":"https:\/\/www.europesays.com\/de\/wp-json\/wp\/v2\/types\/post"}],"author":[{"embeddable":true,"href":"https:\/\/www.europesays.com\/de\/wp-json\/wp\/v2\/users\/2"}],"replies":[{"embeddable":true,"href":"https:\/\/www.europesays.com\/de\/wp-json\/wp\/v2\/comments?post=1150471"}],"version-history":[{"count":0,"href":"https:\/\/www.europesays.com\/de\/wp-json\/wp\/v2\/posts\/1150471\/revisions"}],"wp:featuredmedia":[{"embeddable":true,"href":"https:\/\/www.europesays.com\/de\/wp-json\/wp\/v2\/media\/1150472"}],"wp:attachment":[{"href":"https:\/\/www.europesays.com\/de\/wp-json\/wp\/v2\/media?parent=1150471"}],"wp:term":[{"taxonomy":"category","embeddable":true,"href":"https:\/\/www.europesays.com\/de\/wp-json\/wp\/v2\/categories?post=1150471"},{"taxonomy":"post_tag","embeddable":true,"href":"https:\/\/www.europesays.com\/de\/wp-json\/wp\/v2\/tags?post=1150471"}],"curies":[{"name":"wp","href":"https:\/\/api.w.org\/{rel}","templated":true}]}}