{"id":1150485,"date":"2026-07-07T23:42:22","date_gmt":"2026-07-07T23:42:22","guid":{"rendered":"https:\/\/www.europesays.com\/de\/1150485\/"},"modified":"2026-07-07T23:42:22","modified_gmt":"2026-07-07T23:42:22","slug":"irenen-grill-in-duesseldorf-unterrath-schliesst-voruebergehend","status":"publish","type":"post","link":"https:\/\/www.europesays.com\/de\/1150485\/","title":{"rendered":"Irenen-Grill in D\u00fcsseldorf-Unterrath schlie\u00dft vor\u00fcbergehend"},"content":{"rendered":"<p class=\"text_ohne_einzug richtext text-em-55 !leading-serif mx-6 desktop:mx-0\"> Der Irenen-Grill an der Irenenstra\u00dfe in Unterrath gilt bereits l\u00e4nger als Geheimtipp und ist in dem D\u00fcsseldorfer Viertel sehr beliebt. Das kommt nicht von ungef\u00e4hr: Anwohner und G\u00e4ste sch\u00e4tzen die einfachen, aber schmackhaften Gerichte des Imbisses, die fairen Preise und die freundliche Art der Mitarbeitenden. <\/p>\n<p class=\"richtext text-em-55 !leading-serif mx-6 desktop:mx-0\">Nun ist klar: Der Stadtteilimbiss muss schlie\u00dfen. Das wurde in einem Facebook-Post vom 27. Juni in der Gruppe \u201eIch bin Unterrather&#8230;.!\u201c bekannt gegeben. Auf der Social-Media-Plattform erreichte der emotionale Beitrag zahlreiche Menschen und bewirkte viele Reaktionen. Und die fallen eindeutig aus. <\/p>\n<p class=\"richtext text-em-55 !leading-serif mx-6 desktop:mx-0\">\u201eLiebe Kundinnen, liebe Kunden, aufgrund eines unvorhersehbaren, schwerwiegenden gesundheitlichen Problems bleibt unser Gesch\u00e4ft f\u00fcr diesen und n\u00e4chsten Monat geschlossen\u201c, hei\u00dft es auf <a href=\"https:\/\/rp-online.de\/thema\/facebook\/\" rel=\"nofollow noopener\" target=\"_blank\">Facebook<\/a>. \u201eWir bedauern die Umst\u00e4nde und eventuelle Unannehmlichkeiten sehr. Die Gesundheit geht in diesem Fall jedoch vor.\u201c Der Beitrag endet mit den Worten: \u201eWir danken Ihnen herzlich f\u00fcr Ihr Verst\u00e4ndnis und freuen uns darauf, bald wieder f\u00fcr Sie da zu sein.\u201c <\/p>\n<p class=\"richtext text-em-55 !leading-serif mx-6 desktop:mx-0\">Knapp 200 Menschen haben bereits auf den Facebook-Post reagiert (Stand: 7. Juli), etliche zudem kommentiert. \u201eAlles Gute und gute Besserung!\u201c, schreibt etwa ein Nutzer. \u201eAlles ist wichtiger als unser Hunger. Was immer euch passiert ist, wir sind bei euch. Viel Kraft!\u201c, hei\u00dft es von einem weiteren Facebook-Nutzer. <\/p>\n<p class=\"richtext text-em-55 !leading-serif mx-6 desktop:mx-0\">Wann \u2013 und ob \u00fcberhaupt \u2013 der Irenen-Grill wieder \u00f6ffnen wird, bleibt vorerst unklar. Auf Facebook wurden in dem erw\u00e4hnten Beitrag keinerlei Informationen dazu bekannt gegeben. Allerdings: Ein Kommentator verweist mittels eines Links auf eine Kleinanzeigen-Gruppe auf Facebook. Der dortige Beitrag verspricht keine gute Zukunft f\u00fcr den Irenen-Grill. <\/p>\n<p class=\"richtext text-em-55 !leading-serif mx-6 desktop:mx-0\">Konkret geht es um die Facebook-Gruppe \u201e\u0391\u03b3\u03b3\u03b5\u03bb\u03af\u03b5\u03c2 \u03c3\u03c4\u03b7\u03bd \u0393\u03b5\u03c1\u03bc\u03b1\u03bd\u03af\u03b1 &#8211; Kleinanzeigen in Deutschland\u201c, in der sich griechischsprachige Menschen austauschen. Dort hat der Account des Irenen-Grills vor zwei Tagen (5. Juli) einen Post abgesetzt, der erahnen l\u00e4sst, dass der Grill wohl dauerhaft zubleibt. \u201eUnser Gesch\u00e4ft in D\u00fcsseldorf steht zum Verkauf. Konkret der Imbiss Irenengrill, der sich im Bereich D\u00fcsseldorf Unterrath befindet.\u201c In dem Beitrag in der Kleinanzeigen-Gruppe sind weitere Informationen zum Imbiss gelistet, etwa Details zur Mieth\u00f6he, der Anzahl der Tische und Sitzpl\u00e4tze sowie zu bestehenden Genehmigungen und betriebswirtschaftlichen Auswertungen.<\/p>\n<p class=\"richtext text-em-55 !leading-serif mx-6 desktop:mx-0\">Wie auch immer es weitergeht, viele Menschen in Unterrath d\u00fcrften die Schlie\u00dfung des Imbisses bedauern \u2013 ob nun vor\u00fcbergehend oder dauerhaft. <\/p>\n","protected":false},"excerpt":{"rendered":"Der Irenen-Grill an der Irenenstra\u00dfe in Unterrath gilt bereits l\u00e4nger als Geheimtipp und ist in dem D\u00fcsseldorfer Viertel&hellip;\n","protected":false},"author":2,"featured_media":1150486,"comment_status":"","ping_status":"","sticky":false,"template":"","format":"standard","meta":{"footnotes":"","_share_on_mastodon":"0"},"categories":[1831],"tags":[10894,3364,29,3405,291,30,40938,20684,11827,241616,241615,241619,241618,1209,17547,241617,19863,26311],"class_list":["post-1150485","post","type-post","status-publish","format-standard","has-post-thumbnail","category-duesseldorf","tag-beitrag","tag-de","tag-deutschland","tag-duesseldorf","tag-facebook","tag-germany","tag-grill","tag-gruppe","tag-imbiss","tag-imbisses","tag-irenen","tag-irenengrill","tag-irenenstrasse","tag-nordrhein-westfalen","tag-post","tag-stadtteilimbiss","tag-unterrath","tag-voruebergehend"],"share_on_mastodon":{"url":"https:\/\/pubeurope.com\/@de\/116881348768237296","error":""},"_links":{"self":[{"href":"https:\/\/www.europesays.com\/de\/wp-json\/wp\/v2\/posts\/1150485","targetHints":{"allow":["GET"]}}],"collection":[{"href":"https:\/\/www.europesays.com\/de\/wp-json\/wp\/v2\/posts"}],"about":[{"href":"https:\/\/www.europesays.com\/de\/wp-json\/wp\/v2\/types\/post"}],"author":[{"embeddable":true,"href":"https:\/\/www.europesays.com\/de\/wp-json\/wp\/v2\/users\/2"}],"replies":[{"embeddable":true,"href":"https:\/\/www.europesays.com\/de\/wp-json\/wp\/v2\/comments?post=1150485"}],"version-history":[{"count":0,"href":"https:\/\/www.europesays.com\/de\/wp-json\/wp\/v2\/posts\/1150485\/revisions"}],"wp:featuredmedia":[{"embeddable":true,"href":"https:\/\/www.europesays.com\/de\/wp-json\/wp\/v2\/media\/1150486"}],"wp:attachment":[{"href":"https:\/\/www.europesays.com\/de\/wp-json\/wp\/v2\/media?parent=1150485"}],"wp:term":[{"taxonomy":"category","embeddable":true,"href":"https:\/\/www.europesays.com\/de\/wp-json\/wp\/v2\/categories?post=1150485"},{"taxonomy":"post_tag","embeddable":true,"href":"https:\/\/www.europesays.com\/de\/wp-json\/wp\/v2\/tags?post=1150485"}],"curies":[{"name":"wp","href":"https:\/\/api.w.org\/{rel}","templated":true}]}}