{"id":1150672,"date":"2026-07-08T01:41:16","date_gmt":"2026-07-08T01:41:16","guid":{"rendered":"https:\/\/www.europesays.com\/de\/1150672\/"},"modified":"2026-07-08T01:41:16","modified_gmt":"2026-07-08T01:41:16","slug":"rechtswidrig-vermint-iran-sollte-laut-wadephul-fuer-raeumung-der-strasse-von-hormus-zahlen","status":"publish","type":"post","link":"https:\/\/www.europesays.com\/de\/1150672\/","title":{"rendered":"\u201eRechtswidrig vermint\u201c \u2013 Iran sollte laut Wadephul f\u00fcr R\u00e4umung der Stra\u00dfe von Hormus zahlen"},"content":{"rendered":"<p class=\"is-first-paragraph\" data-external=\"Article.FirstParagraph\">Bundesau\u00dfenminister Johann Wadephul (CDU) hat eine finanzielle Beteiligung des Iran an einer m\u00f6glichen europ\u00e4ischen Minenr\u00e4ummission in der Stra\u00dfe von Hormus ins Gespr\u00e4ch gebracht. \u201eDer Iran hat rechtswidrig eine internationale Seefahrtsstra\u00dfe vermint\u201c, sagte Wadephul dem \u201eHandelsblatt\u201c am Montag einem Vorabbericht zufolge. <\/p>\n<p>Zwar werde Deutschland bei einer R\u00e4umung der Fahrrinne durch europ\u00e4ische Staaten vorerst keine Geb\u00fchren verlangen. Im Grunde sei dies jedoch gerechtfertigt, erkl\u00e4rte der Minister weiter. Der <a class=\"is-link c-block-items__link c-link--rich-text-renderer\" href=\"https:\/\/www.welt.de\/themen\/iran-politik\/\" data-internal-tracking-enabled=\"true\" data-internal-tracking=\"{&quot;action&quot;:&quot;click&quot;,&quot;label&quot;:&quot;link&quot;,&quot;name&quot;:&quot;Inline Element&quot;,&quot;data&quot;:{&quot;source&quot;:&quot;&quot;,&quot;target&quot;:&quot;https:\/\/www.welt.de\/themen\/iran-politik\/&quot;,&quot;trackingName&quot;:&quot;&quot;,&quot;trackingLabel&quot;:&quot;&quot;}}\" rel=\"nofollow noopener\" target=\"_blank\">Iran<\/a> m\u00fcsse daf\u00fcr aufkommen, da ein vom \u200cdortigen Regime angerichteter Schaden beseitigt werde. Eine Entscheidung \u00fcber eine Beteiligung der Bundeswehr an dem Einsatz solle noch im Sommer fallen.<\/p>\n<p>Im Gespr\u00e4ch mit der Zeitung stellte Wadephul zudem den j\u00e4hrlichen Rhythmus der Nato-Gipfel infrage. Die Terminkalender der Staats- und Regierungschefs seien weit im Voraus gef\u00fcllt, was die Regierungen unbeweglich mache. \u201eIch \u200cbin immer offen f\u00fcr die Idee, Treffen danach anzusetzen, ob es ernsthaft etwas zu besprechen gibt\u201c, sagte der CDU-Politiker. <\/p>\n<p>Mit Blick auf das anstehende Spitzentreffen der Allianz im t\u00fcrkischen Ankara pochte er auf eine Fortsetzung der Unterst\u00fctzung f\u00fcr die von Russland angegriffene <a class=\"is-link c-block-items__link c-link--rich-text-renderer\" href=\"https:\/\/www.welt.de\/themen\/ukraine\/\" data-internal-tracking-enabled=\"true\" data-internal-tracking=\"{&quot;action&quot;:&quot;click&quot;,&quot;label&quot;:&quot;link&quot;,&quot;name&quot;:&quot;Inline Element&quot;,&quot;data&quot;:{&quot;source&quot;:&quot;&quot;,&quot;target&quot;:&quot;https:\/\/www.welt.de\/themen\/ukraine\/&quot;,&quot;trackingName&quot;:&quot;&quot;,&quot;trackingLabel&quot;:&quot;&quot;}}\" rel=\"nofollow noopener\" target=\"_blank\">Ukraine<\/a>. \u200cWenn von dem Gipfel ein geschlossenes \u200cSignal ausgehe, werde dieser zu einem Friedensgipfel. Russland m\u00fcsse erkennen, dass Verhandlungen alternativlos seien. Die Europ\u00e4er \u200cseien bereit, einen solchen Verhandlungsprozess zu begleiten. \u201eDieser Weg verspricht \u200cam meisten \u200cErfolg\u201c, so der Au\u00dfenminister. <\/p>\n","protected":false},"excerpt":{"rendered":"Bundesau\u00dfenminister Johann Wadephul (CDU) hat eine finanzielle Beteiligung des Iran an einer m\u00f6glichen europ\u00e4ischen Minenr\u00e4ummission in der Stra\u00dfe&hellip;\n","protected":false},"author":2,"featured_media":1150673,"comment_status":"","ping_status":"","sticky":false,"template":"","format":"standard","meta":{"footnotes":"","_share_on_mastodon":"0"},"categories":[3],"tags":[13,345,190800,32329,14,15,110,12,29839,45,10,8,9,11,30616,103,104],"class_list":["post-1150672","post","type-post","status-publish","format-standard","has-post-thumbnail","category-welt","tag-headlines","tag-iran","tag-iran-krieg-maerz-2026","tag-johann","tag-nachrichten","tag-news","tag-newsteam","tag-schlagzeilen","tag-strasse-von-hormus","tag-texttospeech","tag-top-news","tag-top-meldungen","tag-topmeldungen","tag-topnews","tag-wadephul","tag-welt","tag-world"],"share_on_mastodon":{"url":"https:\/\/pubeurope.com\/@de\/116881816893806081","error":""},"_links":{"self":[{"href":"https:\/\/www.europesays.com\/de\/wp-json\/wp\/v2\/posts\/1150672","targetHints":{"allow":["GET"]}}],"collection":[{"href":"https:\/\/www.europesays.com\/de\/wp-json\/wp\/v2\/posts"}],"about":[{"href":"https:\/\/www.europesays.com\/de\/wp-json\/wp\/v2\/types\/post"}],"author":[{"embeddable":true,"href":"https:\/\/www.europesays.com\/de\/wp-json\/wp\/v2\/users\/2"}],"replies":[{"embeddable":true,"href":"https:\/\/www.europesays.com\/de\/wp-json\/wp\/v2\/comments?post=1150672"}],"version-history":[{"count":0,"href":"https:\/\/www.europesays.com\/de\/wp-json\/wp\/v2\/posts\/1150672\/revisions"}],"wp:featuredmedia":[{"embeddable":true,"href":"https:\/\/www.europesays.com\/de\/wp-json\/wp\/v2\/media\/1150673"}],"wp:attachment":[{"href":"https:\/\/www.europesays.com\/de\/wp-json\/wp\/v2\/media?parent=1150672"}],"wp:term":[{"taxonomy":"category","embeddable":true,"href":"https:\/\/www.europesays.com\/de\/wp-json\/wp\/v2\/categories?post=1150672"},{"taxonomy":"post_tag","embeddable":true,"href":"https:\/\/www.europesays.com\/de\/wp-json\/wp\/v2\/tags?post=1150672"}],"curies":[{"name":"wp","href":"https:\/\/api.w.org\/{rel}","templated":true}]}}