{"id":1150736,"date":"2026-07-08T02:18:17","date_gmt":"2026-07-08T02:18:17","guid":{"rendered":"https:\/\/www.europesays.com\/de\/1150736\/"},"modified":"2026-07-08T02:18:17","modified_gmt":"2026-07-08T02:18:17","slug":"kultursommer-moers-schlosstheater-glaenzt-mit-musik","status":"publish","type":"post","link":"https:\/\/www.europesays.com\/de\/1150736\/","title":{"rendered":"Kultursommer Moers: Schlosstheater gl\u00e4nzt mit Musik"},"content":{"rendered":"<p class=\"text_ohne_einzug richtext text-em-55 !leading-serif mx-6 desktop:mx-0\"> \u201eSo klingt der Sommer.\u201c Sieben unterhaltsame Ereignisse bietet der inzwischen 6. Moerser Kultursommer in diesem Jahr im \u201eCaf\u00e9 Lyceum\u201c am Hanns-Albeck-Platz. Nach einem fr\u00f6hlichen Auftakt mit der niederrheinischen S\u00e4ngerin Anja Lerch wurde der zweite Abend am Mittwoch diesmal von den vier Schlosstheater-Schauspielern Catherine Elsen, Matthias He\u00dfe, Florian Kager und Clara Pinheiro Walla gestaltet. Bei angenehm gem\u00e4\u00dfigten Sommertemperaturen boten die vier dabei rund 100 Besuchern knapp 60 Minuten lang eine gelungene Mischung aus bekannten Popsongs, Folk und kleinen, h\u00f6renswerten Textbeitr\u00e4gen.<\/p>\n<p class=\"richtext text-em-55 !leading-serif mx-6 desktop:mx-0\">\u201eWir freuen uns riesig, dass uns fast das ganze Ensemble des Schlosstheaters heute Abend an seinen musikalischen Talenten teilhaben l\u00e4sst\u201c, begr\u00fc\u00dfte die leitende \u201eLyceum\u201c-Koordinatorin Barbara Folkerts im Namen ihrer zahlreichen ehrenamtlichen Helfer und Helferinnen die musikalisch-literarischen Akteure um 19 Uhr auf der improvisierten Terrassenb\u00fchne des Caf\u00e9s: \u201eSch\u00f6n, dass ihr hier seid.\u201c<\/p>\n<p class=\"richtext text-em-55 !leading-serif mx-6 desktop:mx-0\">Das fanden die Zuschauer offenbar auch, denn schon nach dem Auftakt-Vortrag des 1964 erstmals von Martha &amp; the Vandellas ver\u00f6ffentlichten Ohrwurms \u201eDancing in the Street\u201c und dem des nicht minder bekannten 1984er Madonna-Hits \u201eMaterial Girl\u201c gab es einen ersten begeisterten Zwischenapplaus. Auch die anschlie\u00dfend von Matthias He\u00dfe mit hingebungsvoller Singstimme und eigener Gitarrenbegleitung vorgetragene einstige Liebeserkl\u00e4rung der \u201e\u00c4rzte\u201c an die Sylter Stadt Westerland kam sehr gut an.<\/p>\n<p class=\"richtext text-em-55 !leading-serif mx-6 desktop:mx-0\">Dem folgte zu dem sch\u00f6nen Sommerwetter an diesem Abend wunderbar passend eine von Clara Pinheiro Walla witzig-b\u00f6sartige Anleitung von <a href=\"https:\/\/rp-online.de\/thema\/kurt-tucholsky\/\" rel=\"nofollow noopener\" target=\"_blank\">Kurt Tucholsky<\/a> \u00fcber \u201eDie Kunst des Reisens\u201c und dann ein kleines, gemeinsames Potpourri irischer Songs, in dem sie ganz besonders mit ihrer klaren, ausdrucksstarken Stimme gl\u00e4nzte.<\/p>\n<p class=\"richtext text-em-55 !leading-serif mx-6 desktop:mx-0\">All das dauerte aus Sicht der Besucher leider nur knapp eine Stunde, und so war es nicht verwunderlich, dass sie die singende Theater-Truppe zum Schluss nur nach zahlreichen Zugaberufen wieder von der B\u00fchne lie\u00dfen. Die n\u00e4chste Veranstaltung im Rahmen des diesj\u00e4hrigen Moerser Kultursommers findet am Mittwoch, 8. Juli, im Saal der Moerser Musikschule, Filder Stra\u00dfe 126 statt. Da wird der Mittwochs-Chor des SCI-Lyceum-Chors ab 18 Uhr unter der Leitung von Valerie P\u00f6llen den Besuchern mit einem ungew\u00f6hnlichen Konzert-Ereignis in Texten und Liedern die ber\u00fchrende Geschichte des \u201eKleinen Prinzen\u201c des franz\u00f6sischen Schriftstellers Antoine de Saint-Exup\u00e9ry pr\u00e4sentieren. Der Eintritt dazu ist frei. Informationen \u00fcber die weiteren Veranstaltungen des diesj\u00e4hrigen Moerser Kultursommers gibt es im Internet im Kulturkalender der Stadt <a href=\"https:\/\/rp-online.de\/thema\/moers\/\" rel=\"nofollow noopener\" target=\"_blank\">Moers<\/a>.<\/p>\n","protected":false},"excerpt":{"rendered":"\u201eSo klingt der Sommer.\u201c Sieben unterhaltsame Ereignisse bietet der inzwischen 6. Moerser Kultursommer in diesem Jahr im \u201eCaf\u00e9&hellip;\n","protected":false},"author":2,"featured_media":1150737,"comment_status":"","ping_status":"","sticky":false,"template":"","format":"standard","meta":{"footnotes":"","_share_on_mastodon":"0"},"categories":[1838],"tags":[3807,15910,19640,6151,70937,3364,29,3715,30,19128,241659,25500,1209,241660,234160],"class_list":["post-1150736","post","type-post","status-publish","format-standard","has-post-thumbnail","category-duisburg","tag-moers","tag-abend","tag-auftakt","tag-besucher","tag-clara","tag-de","tag-deutschland","tag-duisburg","tag-germany","tag-hesse","tag-lyceum","tag-moerser","tag-nordrhein-westfalen","tag-pinheiro","tag-walla"],"share_on_mastodon":{"url":"https:\/\/pubeurope.com\/@de\/116881962248997400","error":""},"_links":{"self":[{"href":"https:\/\/www.europesays.com\/de\/wp-json\/wp\/v2\/posts\/1150736","targetHints":{"allow":["GET"]}}],"collection":[{"href":"https:\/\/www.europesays.com\/de\/wp-json\/wp\/v2\/posts"}],"about":[{"href":"https:\/\/www.europesays.com\/de\/wp-json\/wp\/v2\/types\/post"}],"author":[{"embeddable":true,"href":"https:\/\/www.europesays.com\/de\/wp-json\/wp\/v2\/users\/2"}],"replies":[{"embeddable":true,"href":"https:\/\/www.europesays.com\/de\/wp-json\/wp\/v2\/comments?post=1150736"}],"version-history":[{"count":0,"href":"https:\/\/www.europesays.com\/de\/wp-json\/wp\/v2\/posts\/1150736\/revisions"}],"wp:featuredmedia":[{"embeddable":true,"href":"https:\/\/www.europesays.com\/de\/wp-json\/wp\/v2\/media\/1150737"}],"wp:attachment":[{"href":"https:\/\/www.europesays.com\/de\/wp-json\/wp\/v2\/media?parent=1150736"}],"wp:term":[{"taxonomy":"category","embeddable":true,"href":"https:\/\/www.europesays.com\/de\/wp-json\/wp\/v2\/categories?post=1150736"},{"taxonomy":"post_tag","embeddable":true,"href":"https:\/\/www.europesays.com\/de\/wp-json\/wp\/v2\/tags?post=1150736"}],"curies":[{"name":"wp","href":"https:\/\/api.w.org\/{rel}","templated":true}]}}