{"id":1150768,"date":"2026-07-08T02:36:18","date_gmt":"2026-07-08T02:36:18","guid":{"rendered":"https:\/\/www.europesays.com\/de\/1150768\/"},"modified":"2026-07-08T02:36:18","modified_gmt":"2026-07-08T02:36:18","slug":"pol-s-in-gegenverkehr-geraten-zeugen-gesucht-blicklokal","status":"publish","type":"post","link":"https:\/\/www.europesays.com\/de\/1150768\/","title":{"rendered":"POL-S: In Gegenverkehr geraten \u2013 Zeugen gesucht \u2013 \u2013 BlickLokal"},"content":{"rendered":"<p><a data-category=\"citylink-story-view\" data-action=\"click\" data-label=\"Citylink in Meldungsansicht\" class=\"story-city event-trigger\" href=\"https:\/\/www.presseportal.de\/regional\/Stuttgart-Nord\" title=\"News aus Stuttgart-Nord\" rel=\"nofollow noopener\" target=\"_blank\">Stuttgart-Nord<\/a> (ots)<\/p>\n<p>Drei Leichtverletzte und ein Schaden von mehreren 10.000 Euro sind die Bilanz eines Verkehrsunfalls vom Dienstag (07.07.2026) in der Stresemannstra\u00dfe. Eine 48-J\u00e4hrige fuhr gegen 17.15 Uhr mit ihrem Opel in Richtung Pragsattel. Dabei geriet sie im Bereich des St.-Helens-Stegs aus bislang unbekannter Ursache nach links und streifte einen entgegenkommenden Ford eines 82-J\u00e4hrigen, bevor sie mit dem Porsche einer 58-J\u00e4hrigen zusammenstie\u00df, der ihr ebenfalls entgegenkam. Rettungskr\u00e4fte k\u00fcmmerten sich um die Verletzten und brachte die 48-J\u00e4hrige in ein Krankenhaus. Der Schaden betr\u00e4gt mehrere 10.000 Euro. Die Stresemannstra\u00dfe war w\u00e4hrend der Unfallaufnahme bis gegen 18.45 Uhr in beide Richtungen gesperrt, es kam zu geringen Verkehrsbehinderungen. Zeugen werden gebeten, sich unter der Rufnummer +4971189904100 bei der Verkehrspolizei zu melden.<\/p>\n<p class=\"contact-headline\">R\u00fcckfragen bitte an:<\/p>\n<p class=\"contact-text\">Polizeipr\u00e4sidium Stuttgart<br \/>Pressestelle<br \/>Telefon: 0711 8990-1111<br \/>E-Mail: <a href=\"https:\/\/www.blicklokal.de\/pol-s-in-gegenverkehr-geraten-zeugen-gesucht\/mailto:stuttgart.pressestelle@polizei.bwl.de\" class=\"uri-mailto\" rel=\"nofollow noopener\" target=\"_blank\">stuttgart.pressestelle@polizei.bwl.de<\/a><br \/>B\u00fcrozeiten: Montag bis Freitag 06.30 Uhr bis 18.00 Uhr<\/p>\n<p>Au\u00dferhalb der B\u00fcrozeiten:<br \/>Telefon: 0711 8990-3333<br \/>E-Mail: <a href=\"https:\/\/www.blicklokal.de\/pol-s-in-gegenverkehr-geraten-zeugen-gesucht\/mailto:stuttgart.pp@polizei.bwl.de\" class=\"uri-mailto\" rel=\"nofollow noopener\" target=\"_blank\">stuttgart.pp@polizei.bwl.de<\/a><\/p>\n<p><a target=\"_blank\" class=\"uri-ext outbound\" rel=\"noopener nofollow\" href=\"https:\/\/ppstuttgart.polizei-bw.de\/\">https:\/\/ppstuttgart.polizei-bw.de\/<\/a><\/p>\n<p class=\"originator\">Original-Content von: Polizeipr\u00e4sidium Stuttgart, \u00fcbermittelt durch news aktuell<\/p>\n","protected":false},"excerpt":{"rendered":"Stuttgart-Nord (ots) Drei Leichtverletzte und ein Schaden von mehreren 10.000 Euro sind die Bilanz eines Verkehrsunfalls vom Dienstag&hellip;\n","protected":false},"author":2,"featured_media":1116175,"comment_status":"","ping_status":"","sticky":false,"template":"","format":"standard","meta":{"footnotes":"","_share_on_mastodon":"0"},"categories":[1830],"tags":[40332,40331,12277,1634,40330,40337,3364,29,4447,30,40333,14,15,40335,40329,40334,23879,1441,3866,40336,40328],"class_list":["post-1150768","post","type-post","status-publish","format-standard","has-post-thumbnail","category-stuttgart","tag-anzeigenblatt-main-tauber","tag-anzeigenblatt-neckar-odenwald","tag-anzeigenwerbung","tag-baden-wuerttemberg","tag-beilagenwerbung-wertheim","tag-blicklokal","tag-de","tag-deutschland","tag-events","tag-germany","tag-kleinanzeigen-main-tauber","tag-nachrichten","tag-news","tag-printwerbung-main-tauber","tag-prospektbeilage-tauberbischofsheim","tag-prospektverteilung-tauberbischofsheim","tag-rothenburg-ob-der-tauber","tag-stuttgart","tag-veranstaltungen","tag-wertheim","tag-wochenzeitung-main-tauber"],"share_on_mastodon":{"url":"https:\/\/pubeurope.com\/@de\/116882033445394616","error":""},"_links":{"self":[{"href":"https:\/\/www.europesays.com\/de\/wp-json\/wp\/v2\/posts\/1150768","targetHints":{"allow":["GET"]}}],"collection":[{"href":"https:\/\/www.europesays.com\/de\/wp-json\/wp\/v2\/posts"}],"about":[{"href":"https:\/\/www.europesays.com\/de\/wp-json\/wp\/v2\/types\/post"}],"author":[{"embeddable":true,"href":"https:\/\/www.europesays.com\/de\/wp-json\/wp\/v2\/users\/2"}],"replies":[{"embeddable":true,"href":"https:\/\/www.europesays.com\/de\/wp-json\/wp\/v2\/comments?post=1150768"}],"version-history":[{"count":0,"href":"https:\/\/www.europesays.com\/de\/wp-json\/wp\/v2\/posts\/1150768\/revisions"}],"wp:featuredmedia":[{"embeddable":true,"href":"https:\/\/www.europesays.com\/de\/wp-json\/wp\/v2\/media\/1116175"}],"wp:attachment":[{"href":"https:\/\/www.europesays.com\/de\/wp-json\/wp\/v2\/media?parent=1150768"}],"wp:term":[{"taxonomy":"category","embeddable":true,"href":"https:\/\/www.europesays.com\/de\/wp-json\/wp\/v2\/categories?post=1150768"},{"taxonomy":"post_tag","embeddable":true,"href":"https:\/\/www.europesays.com\/de\/wp-json\/wp\/v2\/tags?post=1150768"}],"curies":[{"name":"wp","href":"https:\/\/api.w.org\/{rel}","templated":true}]}}