{"id":1150999,"date":"2026-07-08T04:54:15","date_gmt":"2026-07-08T04:54:15","guid":{"rendered":"https:\/\/www.europesays.com\/de\/1150999\/"},"modified":"2026-07-08T04:54:15","modified_gmt":"2026-07-08T04:54:15","slug":"wuelfrath-familienmesse-uebergang-kita-zur-schule-fuer-eltern","status":"publish","type":"post","link":"https:\/\/www.europesays.com\/de\/1150999\/","title":{"rendered":"W\u00fclfrath: Familienmesse \u00dcbergang Kita zur Schule f\u00fcr Eltern"},"content":{"rendered":"<p class=\"text_ohne_einzug richtext text-em-55 !leading-serif mx-6 desktop:mx-0\">  Wer in <a href=\"https:\/\/rp-online.de\/thema\/wuelfrath\/\" rel=\"nofollow noopener\" target=\"_blank\">W\u00fclfrath<\/a> ein Kind gro\u00dfzieht, hat in der Stadt viele M\u00f6glichkeiten, Unterst\u00fctzung zu erhalten oder Angebote wahrzunehmen. Immerhin m\u00fcssen auch viele Entscheidungen getroffen werden: Welche <a href=\"https:\/\/rp-online.de\/thema\/kita\/\" rel=\"nofollow noopener\" target=\"_blank\">Kita<\/a> oder Schule soll das Kind besuchen? Wo lernt man vielleicht andere Eltern kennen? Wo kann mit dem Nachwuchs zum Spielen hin und was steht einem als Eltern eigentlich zu? \u00dcber alles an einem Ort k\u00f6nnen sich Familien mit Kindern von null bis zehn Jahren beim Infomarkt \u201eVon der Kita in die Grundschule\u201c und der Familienmesse informieren.<\/p>\n<p>Veranstaltungsort sind das Familienb\u00fcro und die Turnhalle      <\/p>\n<p class=\"richtext text-em-55 !leading-serif mx-6 desktop:mx-0\">Die n\u00e4chste Auflage der Veranstaltung findet an diesem Samstag, 11. Juli, von 10 bis 13 Uhr im Familienb\u00fcro sowie der Sporthalle Goethestra\u00dfe an der Goethestra\u00dfe 23 statt. Der Zugang erfolgt jeweils \u00fcber den Eingang der W\u00fclfrather Wasserwelt. Veranstalter der Familienmesse ist das Jugendamt W\u00fclfrath, die Netzwerke der Fr\u00fchen Hilfen (SOFR\u00dcHW\u00dc 0-3 Jahre und SOFR\u00dcHW\u00dc 6-12 Jahre) sowie das Amt f\u00fcr <a href=\"https:\/\/rp-online.de\/thema\/bildung\/\" rel=\"nofollow noopener\" target=\"_blank\">Bildung<\/a> und Sport der Stadt.<\/p>\n<p>Breites Themenspektrum wird abgedeckt      <\/p>\n<p class=\"richtext text-em-55 !leading-serif mx-6 desktop:mx-0\">Werdende Eltern und Familien mit Kindern von null bis zehn Jahren erwarten auf der Messe unter anderem Informationsst\u00e4nde zu Schwangerschaft, Baby- und Kleinkindzeit, Beratung durch Hebammen, Kinderbetreuungsangebote, Wiedereinstieg in den <a href=\"https:\/\/rp-online.de\/thema\/beruf\/\" rel=\"nofollow noopener\" target=\"_blank\">Beruf<\/a>, Bewegungsangebote, gesunde Snacks, Wahrnehmungsschulung, Fr\u00fchf\u00f6rderung, Zahngesundheit, Bilderb\u00fccher, Bastel- und Spielaktionen f\u00fcr Gro\u00df und Klein sowie eine Spieleecke.<\/p>\n<p>Infos zum \u00dcbergang von der Kita in die Schule      <\/p>\n<p class=\"richtext text-em-55 !leading-serif mx-6 desktop:mx-0\">Die Messe bietet zudem fachlich fundierte Informationen rund um den \u00dcbergang von der Kindertagesst\u00e4tte in die <a href=\"https:\/\/rp-online.de\/thema\/grundschule\/\" rel=\"nofollow noopener\" target=\"_blank\">Grundschule<\/a> und gleichzeitig spannende Mitmachaktionen f\u00fcr die Kinder. Ein Experten-Team steht bereit, um individuelle Fragen zu beantworten und passende Unterst\u00fctzungsangebote aufzuzeigen.<\/p>\n<p>Das gibt es auf der Familienmesse zu entdecken      <\/p>\n<p class=\"richtext text-em-55 !leading-serif mx-6 desktop:mx-0\">Als Teilnehmer nennt die Stadt in der Ank\u00fcndigung Folgendes: Elf Kitas informieren zu den Bildungsgrunds\u00e4tzen in NRW, vier Grundschulen bieten Orientierungshilfe und Hinweise auf passende \u00dcbergangsformen von der Kita in die Grundschule. Au\u00dferdem stellen die Tr\u00e4ger des Offenen Ganztages (Ogata) einen \u00dcberblick \u00fcber F\u00f6rderm\u00f6glichkeiten und Betreuungsformen vor. Hinweise gibt es zudem zum Thema sicherer Schulweg, Schulweggestaltung und Verkehrsbildung.<\/p>\n<p>Vom gesunden Pausensnack bis zur Freizeitgestaltung      <\/p>\n<p class=\"richtext text-em-55 !leading-serif mx-6 desktop:mx-0\">Ebenfalls Thema ist das gesunde Pausenfr\u00fchst\u00fcck. Eltern erhalten auf der Messe Ideen und Anregungen f\u00fcr ausgewogene Pausenmahlzeiten. Zudem k\u00f6nnen sich Eltern \u00fcber Unterst\u00fctzungsm\u00f6glichkeiten f\u00fcr individuellen F\u00f6rderbedarf informieren und es werden erg\u00e4nzende Lern- und Erlebnisformen au\u00dferhalb des Unterrichts vorgestellt. Die W\u00fclfrather Medienwelt gibt eine Einf\u00fchrung in altersgerechte Medienkompetenz und die Verkehrspolizei wird mit einem Polizeiwagen zur Besichtigung vor Ort sein. Zudem bietet die <a href=\"https:\/\/rp-online.de\/thema\/polizei\/\" rel=\"nofollow noopener\" target=\"_blank\">Polizei<\/a> ein Praxiserlebnis und Sicherheitstraining f\u00fcr Kinder an.<\/p>\n<p class=\"richtext text-em-55 !leading-serif mx-6 desktop:mx-0\">Zum Thema Freizeit und sicheres Schwimmen informieren die Schwimmschulen Beneke und Schwimmhelden. Au\u00dferdem erfahren Eltern mehr zur Zahngesundheit, etwa zur Pr\u00e4vention und der richtigen Zahnpflege bei Kindern. Kreative Angebote zum Ausprobieren im Bereich Spiel und Malen runden die Messe ab.<\/p>\n<p>Hier kann man Fragen stellen      <\/p>\n","protected":false},"excerpt":{"rendered":"Wer in W\u00fclfrath ein Kind gro\u00dfzieht, hat in der Stadt viele M\u00f6glichkeiten, Unterst\u00fctzung zu erhalten oder Angebote wahrzunehmen.&hellip;\n","protected":false},"author":2,"featured_media":1151000,"comment_status":"","ping_status":"","sticky":false,"template":"","format":"standard","meta":{"footnotes":"","_share_on_mastodon":"0"},"categories":[1840],"tags":[17294,9881,96490,3364,29,5431,209166,201655,241700,30,51396,66846,241696,241697,3491,241698,47,1209,966,241699,241695,77777,27167,4418],"class_list":["post-1150999","post","type-post","status-publish","format-standard","has-post-thumbnail","category-wuppertal","tag-40stadt","tag-angebote","tag-bewegungsangebote","tag-de","tag-deutschland","tag-familien","tag-familienbuero","tag-familienmesse","tag-foerderangebote","tag-germany","tag-goethestrasse","tag-grundschul","tag-infomarkt","tag-kinderbetreuungsangebote","tag-kita","tag-malangebote","tag-messe","tag-nordrhein-westfalen","tag-schule","tag-schwimmschulen","tag-sofruehwue","tag-unterstuetzungsangebote","tag-wuelfrath","tag-wuppertal"],"share_on_mastodon":{"url":"https:\/\/pubeurope.com\/@de\/116882575633382395","error":""},"_links":{"self":[{"href":"https:\/\/www.europesays.com\/de\/wp-json\/wp\/v2\/posts\/1150999","targetHints":{"allow":["GET"]}}],"collection":[{"href":"https:\/\/www.europesays.com\/de\/wp-json\/wp\/v2\/posts"}],"about":[{"href":"https:\/\/www.europesays.com\/de\/wp-json\/wp\/v2\/types\/post"}],"author":[{"embeddable":true,"href":"https:\/\/www.europesays.com\/de\/wp-json\/wp\/v2\/users\/2"}],"replies":[{"embeddable":true,"href":"https:\/\/www.europesays.com\/de\/wp-json\/wp\/v2\/comments?post=1150999"}],"version-history":[{"count":0,"href":"https:\/\/www.europesays.com\/de\/wp-json\/wp\/v2\/posts\/1150999\/revisions"}],"wp:featuredmedia":[{"embeddable":true,"href":"https:\/\/www.europesays.com\/de\/wp-json\/wp\/v2\/media\/1151000"}],"wp:attachment":[{"href":"https:\/\/www.europesays.com\/de\/wp-json\/wp\/v2\/media?parent=1150999"}],"wp:term":[{"taxonomy":"category","embeddable":true,"href":"https:\/\/www.europesays.com\/de\/wp-json\/wp\/v2\/categories?post=1150999"},{"taxonomy":"post_tag","embeddable":true,"href":"https:\/\/www.europesays.com\/de\/wp-json\/wp\/v2\/tags?post=1150999"}],"curies":[{"name":"wp","href":"https:\/\/api.w.org\/{rel}","templated":true}]}}