{"id":115110,"date":"2025-05-16T12:31:11","date_gmt":"2025-05-16T12:31:11","guid":{"rendered":"https:\/\/www.europesays.com\/de\/115110\/"},"modified":"2025-05-16T12:31:11","modified_gmt":"2025-05-16T12:31:11","slug":"naturschutzverbaende-fordern-mehr-platz-fuer-die-natur-%c2%b7-leipziger-zeitung","status":"publish","type":"post","link":"https:\/\/www.europesays.com\/de\/115110\/","title":{"rendered":"Naturschutzverb\u00e4nde fordern mehr Platz f\u00fcr die Natur \u00b7 Leipziger Zeitung"},"content":{"rendered":"<p>Angek\u00fcndigt hatte es Oberb\u00fcrgermeister Burkhard Jung schon im Dezember, dass das Festgel\u00e4nde am Cottaweg f\u00fcr die n\u00e4chsten Jahre nur gesichert werden k\u00f6nne, wenn die Stadt mit dem Fu\u00dfballclub RB Leipzig einen Erbbaurechtsvertrag abschlie\u00dft. Die Vorlage dazu ver\u00f6ffentlichte das Liegenschaftsamt dann im April. Am 21. Mai soll die Vorlage im Stadtrat behandelt werden. Aber nicht nur die Zukunft der Kleinmesse sorgt f\u00fcr Diskussionen. Auch der gest\u00f6rte Biotop-Verbund am Cottaweg wird wieder Thema. Die drei gro\u00dfen Leipziger Naturschutzverb\u00e4nde wenden sich jetzt mit einem Offenen Brief an den OBM und die Ratsfraktionen.<\/p>\n<p>Dass es \u00fcberhaupt zu dieser un\u00fcbersichtlichen Diskussion gekommen ist, hat mit dem Umbau des Zentralstadions zu tun. Damals sicherte die Stadt dem Stadionbetreiber die Bereitstellung weiterer Stellpl\u00e4tze zu.<img decoding=\"async\" src=\"https:\/\/www.europesays.com\/de\/wp-content\/uploads\/2025\/05\/d450370526384a36b1c1971da09d89c3.gif\" alt=\"\" width=\"https:\/\/www.l-iz.de\/politik\/brennpunkt\/2025\/05\/1\" height=\"https:\/\/www.l-iz.de\/politik\/brennpunkt\/2025\/05\/1\"\/><\/p>\n<p><a href=\"http:\/\/ratsinformation.leipzig.de\/allris_leipzig_public\/vo020?VOLFDNR=2024202&amp;refresh=false\" target=\"_blank\" rel=\"noopener\">In der Vorlage des Liegenschaftsamts hei\u00dft es dazu<\/a>: \u201eHintergrund hierf\u00fcr ist die Verpflichtung der Stadt Leipzig zur Bereitstellung von 2.200 PKW-Stellpl\u00e4tzen und 200 Buspl\u00e4tzen auf dem Gel\u00e4nde Cottaweg (Kleinmesse) aus der Gesamtvereinbarung zum Umbau des Zentralstadions Leipzig und der Entwicklung peripherer Fl\u00e4chen nebst Annexen vom 05.09.2000 in der Fassung nachfolgender \u00c4nderungsvereinbarungen.\u201c<\/p>\n<p>Auf diesen alten Vertrag beruft sich RB Leipzig, wenn es die Bereitstellung dieser Stellpl\u00e4tze von der Stadt verlangt.<\/p>\n<p>Parkpalette und erweitertes Trainingsgel\u00e4nde<\/p>\n<p>Ein Problem, das man eigentlich durch den Bau einer Parkpalette l\u00f6sen k\u00f6nnte. Und die soll auch gebaut werden. Aber die frei werdende Fl\u00e4che soll RB dann zur Erweiterung seines Trainingsgel\u00e4ndes nutzen k\u00f6nnen. Weshalb eben unklar ist, was mit der Kleinmesse dann 2032 wird.<\/p>\n<p>\u201eNach dem Bau der Parkpalette, welche bis 2032 fertiggestellt werden muss, sollen die nachgewiesenen Stellpl\u00e4tze in diese \u00fcberf\u00fchrt werden. Danach kann die Baulast am Cottaweg zur L\u00f6schung beantragt werden und damit die Nutzung zum Zweck des Erbbaurechts erm\u00f6glicht werden\u201c, hei\u00dft es in der Vorlage. \u201eZum Zweck der Erweiterung des Trainingszentrums von RB Leipzig wird im Jahr 2025 ein Erbbaurechtsvertrag beurkundet. Das Erbbaurecht und die Nutzung auf seiner Grundlage soll jedoch erst ab 2032 beginnen.\u201c<\/p>\n<p>Der Erbbaurechtsvertrag soll dann bis 2063 gelten: \u201eDer Oberb\u00fcrgermeister wird beauftragt, den Erbbaurechtsvertrag mit der Red Bull Betriebsanlagen GmbH \u00fcber ein am 01.01.2032 beginnendes Erbbaurecht zum Zweck der Erweiterung des Trainingszentrums mit einer Laufzeit bis 23.12.2063 an ca. 47.273 m\u00b2 der Grundst\u00fccke des Festplatzes und Marktamtsgel\u00e4ndes am Cottaweg zu einem Erbbauzins von 6 % des vor Erbbaurechtsbeginn gutachterlich festzustellenden Verkehrswerts beurkunden zu lassen.\u201c<\/p>\n<p>Wobei das Festplatzgel\u00e4nde auch jetzt schon als Parkfl\u00e4che bei RB-Spielen genutzt wird. Und das erzeugt Konflikte, die \u2013 so sieht es die Stadt \u2013 k\u00fcnftig die Veranstaltung der Kleinmesse gef\u00e4hrden: \u201eDas Gel\u00e4nde der Kleinmesse verbleibt weiterhin im st\u00e4dtischen Eigentum. Jedoch wird RB Leipzig das Recht zur Nutzung der Stellfl\u00e4chen regelm\u00e4\u00dfig in Anspruch nehmen, wodurch der Betrieb der Kleinmesse nicht mehr im bisherigen Umfang m\u00f6glich ist.\u201c<\/p>\n<p>Engstelle im Auwaldsystem<\/p>\n<p>Aber das Problem aus Sicht der Leipziger Naturschutzverb\u00e4nde NABU, BUND und \u00d6kol\u00f6we ist, dass ein f\u00fcr die Zukunft des Auenwaldes wichtiges Problem nicht gel\u00f6st ist. Denn gerade zwischen Festplatz und Stadion ist der f\u00fcr die Artenvielfalt des Auwaldes so wichtige Waldstreifen so schmal, dass er seine Funktion als Verbindung zwischen dem n\u00f6rdlichen und dem s\u00fcdlichen Auwald nicht erf\u00fcllen kann.<\/p>\n<p>Mehrfach haben die Naturschutzverb\u00e4nde schon gefordert, dass er hier wieder deutlich breiter werden muss. Wenn der Festplatz am Cottaweg nicht mehr also solcher genutzt werden sollte, w\u00e4re das eine Gelegenheit, hier wieder mehr Platz f\u00fcr die Natur zu schaffen.<\/p>\n<p>In einem Offenen Brief bekr\u00e4ftigen alle drei Naturschutzverb\u00e4nde ihre Forderung nach eine St\u00e4rkung des Auwaldes an dieser Engstelle.<\/p>\n<p>***<\/p>\n<p>Offener Brief: F\u00fcr die St\u00e4rkung des Auwalds \u2013 L\u00fccke im Biotopverbund am Cottaweg schlie\u00dfen!<\/p>\n<p>Sehr geehrte Damen und Herren,<\/p>\n<p>aktuell wird innerhalb der Stadtverwaltung sowie im Stadtrat \u00fcber die Neuordnung des Stadionumfeldes diskutiert. Die nun vorliegende Verwaltungsvorlage sieht vor, dass das bisherige Kleinmessegel\u00e4nde fr\u00fchestens ab 2032 an RB Leipzig \u00fcbergehen soll, um dort weitere Trainingspl\u00e4tze zu errichten. In der kommenden Ratsversammlung soll dazu ein Erbbaurecht f\u00fcr die Red Bull Betriebsanlagen GmbH beschlossen werden.<\/p>\n<p>Als Umweltverb\u00e4nde betonen wir mit Nachdruck: Sollte die Kleinmesse verlagert werden, m\u00fcssen umwelt- und naturschutzfachliche Belange oberste Priorit\u00e4t haben. Das betroffene Gebiet ist einer der empfindlichsten Bereiche des Leipziger Auwaldsystems \u2013 insbesondere durch die ohnehin bereits gest\u00f6rte Gr\u00fcnverbindung zwischen dem n\u00f6rdlichen und s\u00fcdlichen Auwald.<\/p>\n<p>Bereits im Integrierten Stadtentwicklungskonzept (INSEK) hat die Stadt Leipzig selbst das Ziel formuliert, diesen Gr\u00fcnzug zu st\u00e4rken. Dies muss durch eine \u00f6kologische Aufwertung des Elsterbeckens sowie durch eine naturnahe Gestaltung und Teilrenaturierung des Kleinmesse-Gel\u00e4ndes nach einem m\u00f6glichen Umzug der Kleinmesse geschehen.<\/p>\n<p>Dass diese \u00f6kologischen Aspekte in der aktuellen Vorlage zur Bestellung eines Erbbaurechts f\u00fcr RB Leipzig keine Rolle spielen, ist alarmierend. Die vollst\u00e4ndige \u00dcbertragung des bisherigen Kleinmessegel\u00e4ndes an RB Leipzig ist unter diesen Gesichtspunkten nicht nachvollziehbar \u2013 zumal RB in fr\u00fcheren Gespr\u00e4chen selbst signalisiert hatte, nicht die gesamte Fl\u00e4che zu ben\u00f6tigen.<\/p>\n<p>So nachvollziehbar das Interesse von RB ist, alle Mannschaften an einem Standort zu b\u00fcndeln: Dies darf nicht auf Kosten des Umwelt- und Naturschutzes geschehen. Besonders irritierend ist, dass die Umweltverb\u00e4nde in den Entscheidungsprozess bislang nicht einmal einbezogen wurden. Dass die Vorlage zudem nicht im Fachausschuss Umwelt\/Ordnung beraten wurde, unterstreicht den Eindruck, dass Umweltanliegen in Leipzig derzeit einen bedenklich geringen Stellenwert haben.<\/p>\n<p>Wir fordern daher:<br \/>\u2022 Eine deutliche St\u00e4rkung des Gr\u00fcnzugs am Cottaweg<\/p>\n<p>\u2022 Die Reintegration von mindestens 50 % des bisherigen Festplatzes in das Leipziger Auensystem<\/p>\n<p>\u2022 Festschreibung des Gr\u00fcnzugs im Erbbaurechtsvertrag mit RB Leipzig<\/p>\n<p>Sollten diese Punkte keine Ber\u00fccksichtigung finden, rufen wir die Stadtr\u00e4t:innen dazu auf, die Vorlage<br \/>abzulehnen.<\/p>\n<p>Mit freundlichen Gr\u00fc\u00dfen<\/p>\n<p>Ren\u00e9 Sievert (Naturschutzbund Deutschland (NABU))<\/p>\n<p>Tino Supplies (\u00d6kol\u00f6we)<\/p>\n<p>Anika Jahn (BUND Leipzig)<\/p>\n","protected":false},"excerpt":{"rendered":"Angek\u00fcndigt hatte es Oberb\u00fcrgermeister Burkhard Jung schon im Dezember, dass das Festgel\u00e4nde am Cottaweg f\u00fcr die n\u00e4chsten Jahre&hellip;\n","protected":false},"author":2,"featured_media":115111,"comment_status":"","ping_status":"","sticky":false,"template":"","format":"standard","meta":{"footnotes":""},"categories":[1832],"tags":[19678,44566,14820,3364,29,30,20969,71,27418,953,9981,44567,859],"class_list":{"0":"post-115110","1":"post","2":"type-post","3":"status-publish","4":"format-standard","5":"has-post-thumbnail","7":"category-leipzig","8":"tag-auwald","9":"tag-bund-leipzig","10":"tag-cottaweg","11":"tag-de","12":"tag-deutschland","13":"tag-germany","14":"tag-kleinmesse","15":"tag-leipzig","16":"tag-nabu-leipzig","17":"tag-naturschutz","18":"tag-offener-brief","19":"tag-oekoloewe","20":"tag-sachsen"},"share_on_mastodon":{"url":"https:\/\/pubeurope.com\/@de\/114517526723684386","error":""},"_links":{"self":[{"href":"https:\/\/www.europesays.com\/de\/wp-json\/wp\/v2\/posts\/115110","targetHints":{"allow":["GET"]}}],"collection":[{"href":"https:\/\/www.europesays.com\/de\/wp-json\/wp\/v2\/posts"}],"about":[{"href":"https:\/\/www.europesays.com\/de\/wp-json\/wp\/v2\/types\/post"}],"author":[{"embeddable":true,"href":"https:\/\/www.europesays.com\/de\/wp-json\/wp\/v2\/users\/2"}],"replies":[{"embeddable":true,"href":"https:\/\/www.europesays.com\/de\/wp-json\/wp\/v2\/comments?post=115110"}],"version-history":[{"count":0,"href":"https:\/\/www.europesays.com\/de\/wp-json\/wp\/v2\/posts\/115110\/revisions"}],"wp:featuredmedia":[{"embeddable":true,"href":"https:\/\/www.europesays.com\/de\/wp-json\/wp\/v2\/media\/115111"}],"wp:attachment":[{"href":"https:\/\/www.europesays.com\/de\/wp-json\/wp\/v2\/media?parent=115110"}],"wp:term":[{"taxonomy":"category","embeddable":true,"href":"https:\/\/www.europesays.com\/de\/wp-json\/wp\/v2\/categories?post=115110"},{"taxonomy":"post_tag","embeddable":true,"href":"https:\/\/www.europesays.com\/de\/wp-json\/wp\/v2\/tags?post=115110"}],"curies":[{"name":"wp","href":"https:\/\/api.w.org\/{rel}","templated":true}]}}