{"id":1151329,"date":"2026-07-08T08:07:18","date_gmt":"2026-07-08T08:07:18","guid":{"rendered":"https:\/\/www.europesays.com\/de\/1151329\/"},"modified":"2026-07-08T08:07:18","modified_gmt":"2026-07-08T08:07:18","slug":"frauennetzwerk-der-ihk-trifft-sich-im-gop-variete-theater","status":"publish","type":"post","link":"https:\/\/www.europesays.com\/de\/1151329\/","title":{"rendered":"Frauennetzwerk der IHK trifft sich im GOP Variet\u00e9-Theater"},"content":{"rendered":"<p>Mehr als 150 Frauen aus dem Frauennetzwerk der IHK sind Ende Mai von GOP-Direktorin Nadine Matzat und IHK-Hauptgesch\u00e4ftsf\u00fchrerin Maike Bielfeldt im GOP Variet\u00e9-Theater Hannover begr\u00fc\u00dft worden. Und konnten dabei auch hinter die Kulissen des 1912\/1913 gebauten Georgspalasts \u2013 kurz eben GOP \u2013 blicken. \u201eEine neue Show zu konzipieren dauert ein Jahr, die Proben ein bis zwei Wochen\u201c, berichtete Nadine Matzat. Daf\u00fcr gebe es eine eigene Firma im GOP-Verbund. Und f\u00fcr die Proben habe das GOP eine Halle am Flughafen gemietet. Die GOP-Direktorin berichtete von ihrem beruflichen Werdegang. Der begann n\u00e4mlich mit einer Ausbildung als Werbekauffrau. Nach ihrem Studium in Hannover mit Magisterabschluss folgten Stationen bei der TUI, dem Robinson Club und Holiday on Ice. \u00a0\u00a0<\/p>\n<p><a href=\"https:\/\/assets.coco-online.de\/89141783497569-xyMfUvVW\/gop1-web_large_w.png\" data-lightbox=\"1783498035\" rel=\"nofollow noopener\" target=\"_blank\"><img loading=\"lazy\" decoding=\"async\" style=\"aspect-ratio:768\/512;\" src=\"https:\/\/www.europesays.com\/de\/wp-content\/uploads\/2026\/07\/gop1-web_medium_w.png\" alt=\"Besucherinnen im Foyer des GOP Variet\u00e9-Theaters, Gespr\u00e4ch und Atmosph\u00e4re vor dem Eingang\" title=\"Besucherinnen im Foyer des GOP Variet\u00e9-Theaters vor dem Eingang \u2013 lebendige Atmosph\u00e4re\" data-media-id=\"329026\" width=\"768\" height=\"512\"\/><\/a><\/p>\n<p>Das vis-\u00e0-vis der Oper gelegene Variet\u00e9 hat in seiner langen Geschichte (auch die Diskotheken Palace oder Checkin waren mal hier) viele prominente Akrobaten, Zauberer, Bauchredner, S\u00e4nger, Volksschauspieler und Filmstars zu Gast gehabt \u2013 etwa den Magier Kalanag, Josephine Baker, Heinz Erhardt, Zarah Leander, die Zauberk\u00fcnstler Jay &amp; Jade oder die Kabarettisten Desimo oder Matthias Brodowy. Im GOP fand auch die Weltpremiere von Peter Maffays Kindermusical \u201eAnouk\u201c statt. Die GOP Entertaingroup hat insgesamt rund 1000 Besch\u00e4ftigte an ihren sieben Variet\u00e9s in Hannover, Bad Oeynhausen, Bremen, M\u00fcnster, Bonn, Essen und M\u00fcnchen.<\/p>\n<p>Im Frauennetzwerk der IHK Hannover treffen sich Unternehmerinnen, Gr\u00fcnderinnen und Frauen in F\u00fchrungspositionen. Interesse, beim n\u00e4chsten Treffen dabei sein? Dann registrieren Sie sich f\u00fcr den <a href=\"https:\/\/www.ihk.de\/hannover\/hauptnavigation\/mitmachen-in-der-ihk\/anmeldung-frauennetzwerk-5817808\" rel=\"nofollow noopener\" target=\"_blank\">Einladungsverteiler<\/a>.\u00a0<\/p>\n","protected":false},"excerpt":{"rendered":"Mehr als 150 Frauen aus dem Frauennetzwerk der IHK sind Ende Mai von GOP-Direktorin Nadine Matzat und IHK-Hauptgesch\u00e4ftsf\u00fchrerin&hellip;\n","protected":false},"author":2,"featured_media":1151330,"comment_status":"","ping_status":"","sticky":false,"template":"","format":"standard","meta":{"footnotes":"","_share_on_mastodon":"0"},"categories":[1836],"tags":[3364,29,241748,30,226343,46,241747,57541,241746,1411,21747],"class_list":["post-1151329","post","type-post","status-publish","format-standard","has-post-thumbnail","category-hannover","tag-de","tag-deutschland","tag-frauennetzwerk","tag-germany","tag-gop-variete-theater","tag-hannover","tag-hauptgeschaeftsfuehrerin-maike-bielfeldt","tag-ihk-hannover","tag-nadine-matzat","tag-niedersachsen","tag-variete"],"share_on_mastodon":{"url":"https:\/\/pubeurope.com\/@de\/116883334773144073","error":""},"_links":{"self":[{"href":"https:\/\/www.europesays.com\/de\/wp-json\/wp\/v2\/posts\/1151329","targetHints":{"allow":["GET"]}}],"collection":[{"href":"https:\/\/www.europesays.com\/de\/wp-json\/wp\/v2\/posts"}],"about":[{"href":"https:\/\/www.europesays.com\/de\/wp-json\/wp\/v2\/types\/post"}],"author":[{"embeddable":true,"href":"https:\/\/www.europesays.com\/de\/wp-json\/wp\/v2\/users\/2"}],"replies":[{"embeddable":true,"href":"https:\/\/www.europesays.com\/de\/wp-json\/wp\/v2\/comments?post=1151329"}],"version-history":[{"count":0,"href":"https:\/\/www.europesays.com\/de\/wp-json\/wp\/v2\/posts\/1151329\/revisions"}],"wp:featuredmedia":[{"embeddable":true,"href":"https:\/\/www.europesays.com\/de\/wp-json\/wp\/v2\/media\/1151330"}],"wp:attachment":[{"href":"https:\/\/www.europesays.com\/de\/wp-json\/wp\/v2\/media?parent=1151329"}],"wp:term":[{"taxonomy":"category","embeddable":true,"href":"https:\/\/www.europesays.com\/de\/wp-json\/wp\/v2\/categories?post=1151329"},{"taxonomy":"post_tag","embeddable":true,"href":"https:\/\/www.europesays.com\/de\/wp-json\/wp\/v2\/tags?post=1151329"}],"curies":[{"name":"wp","href":"https:\/\/api.w.org\/{rel}","templated":true}]}}