{"id":1151368,"date":"2026-07-08T08:29:24","date_gmt":"2026-07-08T08:29:24","guid":{"rendered":"https:\/\/www.europesays.com\/de\/1151368\/"},"modified":"2026-07-08T08:29:24","modified_gmt":"2026-07-08T08:29:24","slug":"live-ticker-zum-block-prozess-ex-gntm-model-sagt-aus-was-weiss-der-blonde-riese-regional","status":"publish","type":"post","link":"https:\/\/www.europesays.com\/de\/1151368\/","title":{"rendered":"Live-Ticker zum Block-Prozess: Ex-GNTM-Model sagt aus! Was wei\u00df der blonde Riese? | Regional"},"content":{"rendered":"<p><img loading=\"lazy\" decoding=\"async\" src=\"https:\/\/www.europesays.com\/de\/wp-content\/uploads\/2026\/07\/vgzm.2150080-6a4ccc45efe247f8a9c6a1ce.gif\" width=\"1\" height=\"1\" alt=\"\" class=\"vgwort-pixel\"\/>Live-Ticker zum Block-Prozess: Ex-GNTM-Model sagt aus! Was wei\u00df der blonde Riese?<img fetchpriority=\"high\" decoding=\"async\" width=\"992\" height=\"558\" alt=\"Christina Block und ihr Verteidiger Dr. Ingo Bott am 61. Prozesstag\" loading=\"eager\" src=\"https:\/\/www.europesays.com\/de\/wp-content\/uploads\/2026\/07\/d47c3eda5642befaf2bf0bc786bd3662,6f8f951f.jpeg\"   class=\"landscape\"\/><\/p>\n<p class=\"fig__caption__text\">Zeuge und mutma\u00dflicher Mitentf\u00fchrer Jonathan C. mit seinem Strafverteidiger Christian Hermanussen<\/p>\n<p>Foto: Olaf Itrich<\/p>\n<p>08.07.2026 &#8211; 09:49 Uhr <a class=\"skip-content skip-content--link\" href=\"#in-content-skip-link-target-v-0-0\">TTS-Player \u00fcberspringen\u21b5<\/a><a id=\"in-content-skip-link-target-v-0-0\" class=\"skip-content--target-link-hidden skip-content skip-content--target-link\" href=\"#in-content-skip-link-target-v-0-0\">Artikel weiterlesen<\/a><\/p>\n<p>Hamburg \u2013 <b>Als \u201eblonder Riese\u201c tauchte Jonathan C. (35) am achten Prozesstag pl\u00f6tzlich als mutma\u00dflicher T\u00e4ter im Entf\u00fchrungsfall Block auf. Fast ein Jahr sp\u00e4ter sagt das Ex-GNTM-Model in Hamburg aus, der Haftbefehl gegen ihn wurde vor\u00fcbergehend aufgehoben. Zwischen dem 5. und dem 11. Juli darf er aus Israel nach Deutschland einreisen, ohne festgenommen zu werden. Er soll laut Gericht entscheidende Angaben zur Entf\u00fchrung machen. Am Montag um 16 Uhr landete C. dann mit einer Condor-Maschine aus Frankfurt.<\/b><\/p>\n<p>Der Israeli soll daran beteiligt gewesen sein, die j\u00fcngsten Kinder von Christina Block bei ihrem Ex-Mann Stephan Hensel (51) \u00fcberfallen und entf\u00fchrt zu haben \u2013\u00a0und war laut Ermittlungen dabei besonders brutal. Den Auftrag f\u00fcr die Entf\u00fchrung von Klara (damals 13) und Theodor (damals 10) an Silvester 2023\/24 soll die Steakhaus-Erbin (\u201eBlock House\u201c) selbst gegeben haben. Sie bestreitet das.<\/p>\n<p>Was im <a href=\"https:\/\/www.bild.de\/themen\/organisationen\/gerichte\/news-fotos-videos-17024270.bild.html\" class=\"text-link\" rel=\"nofollow noopener\" target=\"_blank\">Gericht<\/a> passiert, lesen Sie hier im Live-Ticker.<\/p>\n<ul class=\"live-ticker__list\">\n<li id=\"6a4cf667cc64e7e4fc39ae02\" class=\"live-ticker__message live-ticker__message--sticky\"> Wer ist wer im Fall Block?\n<p>Der Kriminalfall Block ist kompliziert. Agenten, Prominente, Israelis, Detektive und Verwandte von Christina Block \u2013 immer wieder tauchen neue Namen im Verfahren um die Entf\u00fchrung der Kinder von Christina Block auf. Es ist kaum mehr m\u00f6glich, den \u00dcberblick zu behalten.<\/p>\n<p>Deshalb erkl\u00e4rt BILD das <a href=\"https:\/\/www.bild.de\/ig\/4d575353-014c-4a04-a15e-ad0a17cccc46\/index\/index.html\" rel=\"noopener nofollow\" class=\"text-link\" target=\"_blank\">Who\u2019s who zum Fall Block<\/a>.<\/p>\n<p><a class=\"article-image__anchor\" href=\"https:\/\/www.bild.de\/ig\/4d575353-014c-4a04-a15e-ad0a17cccc46\/index\/index.html\" target=\"_blank\" rel=\"noopener nofollow\"><img decoding=\"async\" width=\"992\" height=\"185\" alt=\"Klicken Sie auf das Bild und erfahren Sie alles zu den Protagonisten im Fall Block\" loading=\"lazy\" src=\"https:\/\/www.europesays.com\/de\/wp-content\/uploads\/2026\/07\/fa88c44d7afb65b5c7da64fed72c73d9,ccf88de0.jpeg\"   class=\"dynamic\"\/><\/a><\/p>\n<p class=\"fig__caption__text\">Klicken Sie auf das Bild und erfahren Sie alles zu den Protagonisten im Fall Block<\/p>\n<p>Foto: PublicAd, picture alliance\/dpa, picture alliance\/Eventpress<\/p>\n<\/li>\n<li id=\"6a4cf6c9486ea1079bcfe695\" class=\"live-ticker__message live-ticker__message--sticky\"> Rosenkrieg endete mit Entf\u00fchrung\n<p>Dabei war es doch einmal Liebe: 2005 gab Christina Block Stephan Hensel ihr Jawort. Mehr als 20 Jahre und vier gemeinsame Kinder sp\u00e4ter liefert sich das inzwischen geschiedene Ex-Paar einen erbitterten Rosenkrieg.<\/p>\n<p>Nachdem der Vater die Kinder bei sich und seiner neuen Familie behielt, kam es zur Entf\u00fchrung. Erfahren Sie alles in der <a href=\"https:\/\/www.bild.de\/ig\/8a6613f4-a31d-4b94-b5ff-aa536a636deb\/index\/index.html\" rel=\"noopener nofollow\" class=\"text-link\" target=\"_blank\">Chronologie \u00fcber den Fall Block<\/a>.<\/p>\n<p><a class=\"article-image__anchor\" href=\"https:\/\/www.bild.de\/ig\/8a6613f4-a31d-4b94-b5ff-aa536a636deb\/index\/index.html\" target=\"_blank\" rel=\"noopener nofollow\"><img decoding=\"async\" width=\"992\" height=\"186\" alt=\"Klicken Sie auf das Bild und lesen Sie die Chronologie zum Kriminalfall Block\" loading=\"lazy\" src=\"https:\/\/www.europesays.com\/de\/wp-content\/uploads\/2026\/07\/7613aa15e09e57bffa998267162aa671,a1a8fdd7.jpeg\"   class=\"dynamic\"\/><\/a><\/p>\n<p class=\"fig__caption__text\">Klicken Sie auf das Bild und lesen Sie die Chronologie zum Kriminalfall Block<\/p>\n<p>Foto: picture alliance\/dpa, Marcus Brandt\/dpa Pool\/dpa, Marco Zitzow, Angerer, Krafft<\/p>\n<\/li>\n<li id=\"6a4e0107dfc0c82fa2909ded\" class=\"live-ticker__message\">\n<p>08.07.2026 &#8211; 09:49 Uhr <\/p>\n<p> Jetzt startet der Prozess<\/p>\n<p>Mit Verz\u00f6gerung startet der Prozesstag. Als Erstes wird der Zeuge Jonathan C. in den Gerichtssaal gerufen. Er nimmt neben einer \u00dcbersetzerin Platz. Er spricht zwar Deutsch, l\u00e4sst sich aber \u00fcbersetzen.<\/p>\n<p>Richterin Hildebrandt belehrt ihn und fragt ihn nach seinem Nachnamen, da es da in der Akte ein Durcheinander gegeben habe. Er erkl\u00e4rt, dass er mittlerweile Jonathan G. und nicht mehr C. hei\u00dfe. Er sei 35 Jahre alt.<\/p>\n<p>Jonathan G.: \u201eIch bin arbeitslos und lebe in Jerusalem.\u201c<\/p>\n<\/li>\n<li id=\"6a4dfe80dfc0c82fa2909dc1\" class=\"live-ticker__message\">\n<p>08.07.2026 &#8211; 09:38 Uhr <\/p>\n<p> Prozess verz\u00f6gert sich<\/p>\n<p>Der Prozessbeginn wird sich um einige Minuten verz\u00f6gern, weil unten an der Sicherheitsschleuse sehr viel los ist. Unter anderem Christina Block und Gerhard Delling fehlen noch. Der wichtige Zeuge Jonathan C., mutma\u00dfliches Mitglied der Entf\u00fchrerbande, ist bereits im Geb\u00e4ude.<\/p>\n<\/li>\n<li id=\"6a4cf35cbb0cf80de56a0f8b\" class=\"live-ticker__message\">\n<p>08.07.2026 &#8211; 09:20 Uhr <\/p>\n<p> Jonathan C. ist der blonde Riese<\/p>\n<p>Zum b\u00e4rtigen und auffallend gro\u00dfen Mann mit der Baseball-Kappe erkl\u00e4rte der angeklagte Israeli Tal. S. am achten Prozesstag im August 2025: \u201eWir haben ihn ins Team genommen, weil er Deutsch spricht und mit den Kindern sprechen kann.\u201c Er soll mit dem israelischen Team um David Barkay die \u201eOperation\u201c geplant haben und mit zur Entf\u00fchrung nach D\u00e4nemark gereist sein. W\u00e4hrend der Tat soll der \u201eblonde Riese\u201c dann pl\u00f6tzlich aufgetaucht sein und auf Stephan Hensel eingetreten haben. Heute ist klar, dass es sich dabei um Jonathan C. gehandelt hat.<\/p>\n<p><img decoding=\"async\" width=\"992\" height=\"558\" alt=\"Tal S. (roter Kreis) mit Jonathan C. (wei\u00dfer Kreis) und einem weiteren Entf\u00fchrer im Block-Hotel\" loading=\"lazy\" src=\"https:\/\/www.europesays.com\/de\/wp-content\/uploads\/2026\/07\/f85a4d7ba0afc05b1e8d4bccd8e4a52e,3bb84282.jpeg\"   class=\"landscape\"\/><\/p>\n<p class=\"fig__caption__text\">Tal S. (roter Kreis) mit Jonathan C. (wei\u00dfer Kreis) und einem weiteren Entf\u00fchrer im Block-Hotel<\/p>\n<p>Foto: Privat<\/p>\n<\/li>\n<li id=\"6a4cf6bedfc0c82fa290909e\" class=\"live-ticker__message\">\n<p>07.07.2026 &#8211; 09:05 Uhr <\/p>\n<p> Entf\u00fchrer war 2021 Model bei \u201eGNTM\u201c<\/p>\n<p>Der Israeli mit schwedischen Wurzeln spricht Deutsch und wurde per Haftbefehl gesucht. F\u00fcr seine heutige Aussage hob das Gericht seinen Haftbefehl auf, damit er nach Deutschland einreisen kann. Nach der Entf\u00fchrung <a href=\"https:\/\/www.bild.de\/regional\/hamburg\/fall-block-entfuehrer-und-ex-gntm-model-liebte-hamburger-richterin-6937eebf91e8695eab4427a3\" class=\"text-link\" rel=\"nofollow noopener\" target=\"_blank\">lernte das Ex-Model sogar eine Hamburger Richterin kennen<\/a> und f\u00fchrte eine ein\u00adein\u00adhalb\u00adj\u00e4hrige Beziehung mit ihr. Als Model trat er 2021 bei <a href=\"https:\/\/www.bild.de\/unterhaltung\/tv\/germanys-next-topmodel\/gntm-alle-infos-76680488.bild.html\" class=\"text-link\" rel=\"nofollow noopener\" target=\"_blank\">\u201eGermany\u2019s Next Topmodel\u201c<\/a> (Pro7) auf. Im selben Jahr suchte er im schwedischen Fernsehen in der Sendung \u201eBachelorette\u201c die gro\u00dfe Liebe.<\/p>\n<p><a class=\"article-image__anchor\" href=\"https:\/\/www.bild.de\/regional\/hamburg\/fall-block-entfuehrer-und-ex-gntm-model-liebte-hamburger-richterin-6937eebf91e8695eab4427a3\" rel=\"nofollow noopener\" target=\"_blank\"><img decoding=\"async\" width=\"992\" height=\"558\" alt=\"2021 nahm Jonathan C. (35) an der schwedischen Fernsehshow \u201eBachelorette\u201c teil\" loading=\"lazy\" src=\"https:\/\/www.europesays.com\/de\/wp-content\/uploads\/2026\/07\/bbe6e6b1fcca6bfddbc3915451f0a4eb,3c147da5.jpeg\"   class=\"landscape\"\/><\/a><\/p>\n<p class=\"fig__caption__text\">2021 nahm Jonathan C. (35) an der schwedischen Fernsehshow \u201eBachelorette\u201c teil<\/p>\n<p>Foto: TV4 Media AB<\/p>\n<\/li>\n<\/ul>\n<p class=\"article-content-user-report\"><a href=\"mailto:fehler-melden-news@bild.de?body=%0A%0A%0AURL%3A%20https%3A%2F%2Fwww.bild.de%2Fregional%2Fhamburg%2Flive-ticker-zum-block-prozess-ex-gntm-model-sagt-im-block-prozess-aus-6a4ccc45efe247f8a9c6a1ce%0ADatum%3A%208.7.2026%2C%2009%3A57%3A00%0A\" target=\"_blank\" rel=\"noopener\" class=\"anchor anchor--external\">Haben Sie Fehler entdeckt? M\u00f6chten Sie etwas kritisieren? Dann schreiben Sie uns gerne!<\/a><\/p>\n","protected":false},"excerpt":{"rendered":"Live-Ticker zum Block-Prozess: Ex-GNTM-Model sagt aus! Was wei\u00df der blonde Riese? Zeuge und mutma\u00dflicher Mitentf\u00fchrer Jonathan C. mit&hellip;\n","protected":false},"author":2,"featured_media":1151369,"comment_status":"","ping_status":"","sticky":false,"template":"","format":"standard","meta":{"footnotes":"","_share_on_mastodon":"0"},"categories":[1826],"tags":[1999,7038,29,1993,30,692,1114,4934,5426,981,1269,18709,18710,3555,138370,4191],"class_list":["post-1151368","post","type-post","status-publish","format-standard","has-post-thumbnail","category-hamburg","tag-anklage","tag-block-house","tag-deutschland","tag-gerichte","tag-germany","tag-hamburg","tag-kinder","tag-landgericht-hamburg","tag-live-ticker","tag-mutter","tag-prozess","tag-sorgerecht","tag-sorgerechtsstreit","tag-spionage","tag-team-first","tag-vater"],"share_on_mastodon":{"url":"https:\/\/pubeurope.com\/@de\/116883421552210647","error":""},"_links":{"self":[{"href":"https:\/\/www.europesays.com\/de\/wp-json\/wp\/v2\/posts\/1151368","targetHints":{"allow":["GET"]}}],"collection":[{"href":"https:\/\/www.europesays.com\/de\/wp-json\/wp\/v2\/posts"}],"about":[{"href":"https:\/\/www.europesays.com\/de\/wp-json\/wp\/v2\/types\/post"}],"author":[{"embeddable":true,"href":"https:\/\/www.europesays.com\/de\/wp-json\/wp\/v2\/users\/2"}],"replies":[{"embeddable":true,"href":"https:\/\/www.europesays.com\/de\/wp-json\/wp\/v2\/comments?post=1151368"}],"version-history":[{"count":0,"href":"https:\/\/www.europesays.com\/de\/wp-json\/wp\/v2\/posts\/1151368\/revisions"}],"wp:featuredmedia":[{"embeddable":true,"href":"https:\/\/www.europesays.com\/de\/wp-json\/wp\/v2\/media\/1151369"}],"wp:attachment":[{"href":"https:\/\/www.europesays.com\/de\/wp-json\/wp\/v2\/media?parent=1151368"}],"wp:term":[{"taxonomy":"category","embeddable":true,"href":"https:\/\/www.europesays.com\/de\/wp-json\/wp\/v2\/categories?post=1151368"},{"taxonomy":"post_tag","embeddable":true,"href":"https:\/\/www.europesays.com\/de\/wp-json\/wp\/v2\/tags?post=1151368"}],"curies":[{"name":"wp","href":"https:\/\/api.w.org\/{rel}","templated":true}]}}