{"id":1151428,"date":"2026-07-08T09:01:14","date_gmt":"2026-07-08T09:01:14","guid":{"rendered":"https:\/\/www.europesays.com\/de\/1151428\/"},"modified":"2026-07-08T09:01:14","modified_gmt":"2026-07-08T09:01:14","slug":"wie-erreiche-ich-karlsruhe-mit-dem-auto-und-dem-oepnv-3","status":"publish","type":"post","link":"https:\/\/www.europesays.com\/de\/1151428\/","title":{"rendered":"Wie erreiche ich Karlsruhe mit dem Auto und dem \u00d6PNV?"},"content":{"rendered":"<p class=\"mb-6 text-xs-varying md:text-m lg:text-l font-serif group-[.font-sans]:font-sans \">\n    <a href=\"https:\/\/www.ka-news.de\/karlsruhe\" target=\"_self\" class=\"underline \" rel=\"nofollow noopener\">Karlsruhe<\/a> hat viel zu bieten: ob ein entspannter <a href=\"https:\/\/www.ka-news.de\/karlsruhe\/stadtgespraech\/welche-parks-und-gruenflaechen-gibt-es-in-karlsruhe-zum-erholen-12-10-25-112020132\" target=\"_blank\" class=\"underline \" rel=\"nofollow noopener\">Parkspaziergang<\/a> durch den <a href=\"https:\/\/www.ka-news.de\/karlsruhe\/gastro-und-handel\/botanischer-garten-in-karlsruhe-9-9-25-110463520\" target=\"_blank\" class=\"underline \" rel=\"nofollow noopener\">Botanischen Garten<\/a>, ein gem\u00fctliches Kaffee-Date in einem der <a href=\"https:\/\/www.ka-news.de\/karlsruhe\/gastro-und-handel\/diese-cafes-in-karlsruhe-sind-am-besten-bewertet-3-8-25-110425570\" target=\"_blank\" class=\"underline \" rel=\"nofollow noopener\">vielen Caf\u00e9s<\/a>, <a href=\"https:\/\/www.ka-news.de\/deutschland-welt\/guenstig-shoppen-diese-outlets-in-der-region-sollten-sie-kennen-28-6-25-108966829\" target=\"_blank\" class=\"underline \" rel=\"nofollow noopener\">Shoppen in der City<\/a> oder <a href=\"https:\/\/www.ka-news.de\/karlsruhe\/stadtgespraech\/weggehen-in-karlsruhe-diese-discos-und-clubs-gibt-es-12-10-25-110547240\" target=\"_blank\" class=\"underline \" rel=\"nofollow noopener\">Feiern in Discos und Clubs<\/a>. Im Sommer locken <a href=\"https:\/\/www.ka-news.de\/region\/karlsruhe\/top-bewertet-karlsruher-freibaeder-gehoeren-zu-den-besten-in-deutschland-art-3333881\" target=\"_blank\" class=\"underline \" rel=\"nofollow noopener\">Freib\u00e4der zur Erfrischung<\/a>, im Winter <a href=\"https:\/\/www.ka-news.de\/karlsruhe\/thermen-in-karlsruhe-und-region-hier-laesst-es-sich-entspannen-17-7-25-109392259\" target=\"_blank\" class=\"underline \" rel=\"nofollow noopener\">Thermen zur Entspannung<\/a>. Wer nach Karlsruhe gelangen m\u00f6chte, kann bequem zwischen verschiedenen Anreisem\u00f6glichkeiten w\u00e4hlen. Egal, ob Sie <a href=\"https:\/\/www.ka-news.de\/auto\/mit-dem-auto-in-karlsruhe-wie-entspannt-faehrt-es-sich-hier-im-vergleich-zu-anderen-staedten-20-9-25-110907636\" target=\"_blank\" class=\"underline \" rel=\"nofollow noopener\">mit dem eigenen Auto anreisen<\/a> oder \u00f6ffentliche Verkehrsmittel bevorzugen \u2013 Karlsruhe ist optimal angebunden. Wie Sie Karlsruhe gut erreichen k\u00f6nnen und welche Optionen Ihnen zur Verf\u00fcgung stehen, erfahren Sie hier.\n  <\/p>\n<p>            Wie erreicht man Karlsruhe mit dem Auto?<\/p>\n<p class=\"mb-6 text-xs-varying md:text-m lg:text-l font-serif group-[.font-sans]:font-sans \">\n    Karlsruhe liegt\u00a0an einem der\u00a0verkehrsreichsten Verkehrsknotenpunkte S\u00fcdwestdeutschlands und\u00a0ist dank seiner\u00a0idealen Lage\u00a0an mehreren Autobahnen aus allen\u00a0Richtungen\u00a0erreichbar.\u00a0Egal, ob aus dem Norden, S\u00fcden oder Westen \u2013 die gut ausgebaute Infrastruktur macht die Anfahrt bequem und flexibel. Gleichzeitig sind gerade diese stark frequentierten Autobahnen aber auch immer wieder Hotspots f\u00fcr Staus, besonders in Ferienzeiten und w\u00e4hrend der Sto\u00dfzeiten. Die <a href=\"https:\/\/www.karlsruhe-erleben.de\/anreise-mobilitaet\" rel=\"nofollow noopener\" target=\"_blank\" class=\"underline \">Stadt Karlsruhe<\/a> f\u00fchrt folgende Strecken auf, um Karlsruhe per <a href=\"https:\/\/www.ka-news.de\/auto\" target=\"_self\" class=\"underline \" rel=\"nofollow noopener\">Auto<\/a> zu erreichen:\n  <\/p>\n<ul rel=\"\" class=\"[&amp;&gt;li]:relative list-none  [&amp;&gt;li]:pl-[1.2em] [&amp;&gt;li]:marker:text-[0] [&amp;&gt;li]:relative [&amp;&gt;li]:before:absolute [&amp;&gt;li]:before:w-3 [&amp;&gt;li]:before:h-3 [&amp;&gt;li]:before:bg-brand [&amp;&gt;li]:before:left-0 [&amp;&gt;li]:before:rounded-full [&amp;&gt;li]:before:top-[8px] md:[&amp;&gt;li]:before:top-[9px] lg:[&amp;&gt;li]:before:top-[11px]  my-5\">\n<li class=\" mb-3 text-xs-varying md:text-m lg:text-l\">A5 (Frankfurt-Karlsruhe-Basel): Diese Nord-S\u00fcd-Achse z\u00e4hlt laut der <a href=\"https:\/\/rp-online.de\/leben\/auto\/news\/top-10-der-meistbefahrenen-autobahnen-deutschlands_bid-8908285\" rel=\"nofollow noopener\" target=\"_blank\" class=\"underline \">Rheinischen Post<\/a> zu den Top 10 der meistbefahrenen Autobahnen Deutschlands.<\/li>\n<li class=\" mb-3 text-xs-varying md:text-m lg:text-l\">A8 (M\u00fcnchen-Stuttgart-Karlsruhe): Die A8 verbindet Karlsruhe mit Stuttgart und M\u00fcnchen und ist eine der bekanntesten Staustrecken im S\u00fcdwesten. Laut <a href=\"https:\/\/www.adac.de\/news\/verkehr-staubilanz-sommer-2025\/\" rel=\"nofollow noopener\" target=\"_blank\" class=\"underline \">ADAC<\/a> ist sie sogar auf Platz 2 der Autobahnen mit den schlimmsten Staus im Urlaubsverkehr. Die <a href=\"https:\/\/www.schwaebische.de\/regional\/baden-wuerttemberg\/diese-autobahn-in-baden-wuerttemberg-gehoert-zu-den-schlimmsten-stau-strecken-in-ganz-deutschland-3319400\" rel=\"nofollow noopener\" target=\"_blank\" class=\"underline \">Schw\u00e4bische Zeitung<\/a> berichtet von durchschnittlich etwa 136 Stunden Stau pro Autobahnkilometer. Knapp dahinter die A5: Zwischen Karlsruhe und Heidelberg gab es hier rund 108 Staustunden.<\/li>\n<\/ul>\n<p class=\"mb-6 text-xs-varying md:text-m lg:text-l font-serif group-[.font-sans]:font-sans \">\n    Wer mit dem Auto nach Karlsruhe f\u00e4hrt, sollte sich also gut auf den Verkehr einstellen und n\u00f6tigenfalls ausreichend Zeit einplanen.\u00a0Eine weniger befahrene Strecke ist die <strong class=\"font-bold\">A65<\/strong>, die vor allem die s\u00fcdlichen Zufahrtswege entlastet und damit eine willkommene Ausweichm\u00f6glichkeit zu den stark frequentierten Hauptautobahnen bietet.\n  <\/p>\n<p>            Wo kann man in Karlsruhe parken?<\/p>\n<p class=\"mb-6 text-xs-varying md:text-m lg:text-l font-serif group-[.font-sans]:font-sans \">\n    In Karlsruhe m\u00fcssen sich <a href=\"https:\/\/www.ka-news.de\/karlsruhe\/stadtgespraech\/parken-in-karlsruhe-diese-tipps-sollten-sie-kennen-20-9-25-110427783\" target=\"_blank\" class=\"underline \" rel=\"nofollow noopener\">Autofahrer keine allzu gro\u00dfen Sorgen bei der Parkplatzsuche machen<\/a>. Die F\u00e4cherstadt verf\u00fcgt laut Angaben der Stadt \u00fcber insgesamt 23 Parkh\u00e4user, verteilt auf verschiedene Innenstadtzonen, etwa beim Kongresszentrum, der Europahalle oder am Ettlinger Tor. F\u00fcr alle, die die Innenstadt meiden m\u00f6chten, stehen mehrere Park-and-Ride-Pl\u00e4tze am Stadtrand zur Verf\u00fcgung. Von dort aus l\u00e4sst sich das Zentrum bequem per Stadtbahn oder Bus erreichen.\n  <\/p>\n<p>            Wie erreicht man Karlsruhe mit dem \u00d6PNV?<\/p>\n<p class=\"mb-6 text-xs-varying md:text-m lg:text-l font-serif group-[.font-sans]:font-sans \">\n    Karlsruhe ist sehr gut in das regionale und \u00fcberregionale Verkehrsnetz eingebunden. In der Region verantwortet der Karlsruher Verkehrsverbund (KVV) die Organisation des \u00f6ffentlichen Nahverkehrs. Laut <a href=\"https:\/\/www.kvv.de\/liniennetz.html\" rel=\"nofollow noopener\" target=\"_blank\" class=\"underline \">eigenen Angaben<\/a> betreibt der KVV rund 250 Bus- und Bahnlinien, die die Stadt mit dem gesamten Umland verbinden.\u00a0\n  <\/p>\n<p class=\"mb-6 text-xs-varying md:text-m lg:text-l font-serif group-[.font-sans]:font-sans \">\n    Neben Stra\u00dfenbahnen und Stadtbahnen sind zahlreiche Buslinien sowie On-Demand-Angebote wie KVV.MyShuttle eingebunden, die vor allem abends bis tief in die Nacht und am Wochenende auch ganztags verkehren.\u00a0Abonnenten mit einer regul\u00e4ren Fahrkarte, etwa dem Deutschlandticket, k\u00f6nnen diese Shuttles laut dem <a href=\"https:\/\/www.kvv.de\/mobilitaet\/kvvmyshuttle.html\" rel=\"nofollow noopener\" target=\"_blank\" class=\"underline \">KVV<\/a> kostenfrei nutzen. \u201eFlexibel, umweltfreundlich und kundenorientiert\u201c, beschreibt der KVV-Gesch\u00e4ftsf\u00fchrer Alexander Pischon die Vorteile der Shuttle-Angebote, die mittlerweile dem <a href=\"https:\/\/www.zukunftsnetzwerk-oepnv.de\/aktuelles\/news\/500000-fahrgaeste-fuer-kvvmyshuttle-wie-odv-als-fester-teil-des-oepnv-etabliert-werden-kann\" rel=\"nofollow noopener\" target=\"_blank\" class=\"underline \">Zukunftsnetzwerk \u00d6PNV<\/a> des Landes Baden-W\u00fcrttemberg zufolge sehr beliebt und bestens in das \u00fcbrige Netz integriert sind.\n  <\/p>\n<p class=\"mb-6 text-xs-varying md:text-m lg:text-l font-serif group-[.font-sans]:font-sans \">\n    \u00dcberregional ist Karlsruhe ein bedeutender Verkehrsknotenpunkt, der von zahlreichen St\u00e4dten aus direkt am Hauptbahnhof erreichbar ist. Je nach Herkunftsort k\u00f6nnen verschiedene Verkehrsmittel und Verbindungen genutzt werden. Die <a href=\"https:\/\/www.bahnhof.de\/karlsruhe-hbf\/fahrplan\" rel=\"nofollow noopener\" target=\"_blank\" class=\"underline \">Deutsche Bahn<\/a> bietet im Fernverkehr und Regionalverkehr ein umfangreiches Netz an Verbindungen nach Karlsruhe, darunter:\n  <\/p>\n<ul rel=\"\" class=\"[&amp;&gt;li]:relative list-none  [&amp;&gt;li]:pl-[1.2em] [&amp;&gt;li]:marker:text-[0] [&amp;&gt;li]:relative [&amp;&gt;li]:before:absolute [&amp;&gt;li]:before:w-3 [&amp;&gt;li]:before:h-3 [&amp;&gt;li]:before:bg-brand [&amp;&gt;li]:before:left-0 [&amp;&gt;li]:before:rounded-full [&amp;&gt;li]:before:top-[8px] md:[&amp;&gt;li]:before:top-[9px] lg:[&amp;&gt;li]:before:top-[11px]  my-5\">\n<li class=\" mb-3 text-xs-varying md:text-m lg:text-l\">ICE-\/IC-Verbindungen: Karlsruhe ist direkt angebunden an gro\u00dfe St\u00e4dte wie Stuttgart, M\u00fcnchen, Frankfurt am Main und Dortmund. Aber auch europaweit ist die Stadt erreichbar aus Paris, Amsterdam und Z\u00fcrich.<\/li>\n<li class=\" mb-3 text-xs-varying md:text-m lg:text-l\">Regionalbahnlinien: Ebenso verbinden Regionalz\u00fcge und S-Bahnen Karlsruhe mit nahegelegenen und mittelgro\u00dfen St\u00e4dten, darunter Mannheim, Heidelberg, Baden-Baden, Offenburg, Pforzheim, Heilbronn und Konstanz.<\/li>\n<\/ul>\n<p class=\"mb-6 text-xs-varying md:text-m lg:text-l font-serif group-[.font-sans]:font-sans \">\n    Wer lieber per Fernbus reist, kann Karlsruhe ebenfalls direkt und unkompliziert erreichen. So f\u00e4hrt etwa der Flixbus laut <a href=\"https:\/\/www.flixbus.de\/fernbus\/karlsruhe\" rel=\"nofollow noopener\" target=\"_blank\" class=\"underline \">eigenen Angaben<\/a> aus Gro\u00dfst\u00e4dten wie M\u00fcnchen, Frankfurt, K\u00f6ln oder Berlin sowie aus europ\u00e4ischen Metropolen wie Paris, Amsterdam, Prag, Wien oder Mailand regelm\u00e4\u00dfig direkt zum Hauptbahnhof Karlsruhe.\n  <\/p>\n","protected":false},"excerpt":{"rendered":"Karlsruhe hat viel zu bieten: ob ein entspannter Parkspaziergang durch den Botanischen Garten, ein gem\u00fctliches Kaffee-Date in einem&hellip;\n","protected":false},"author":2,"featured_media":497889,"comment_status":"","ping_status":"","sticky":false,"template":"","format":"standard","meta":{"footnotes":"","_share_on_mastodon":"0"},"categories":[1844],"tags":[151217,513,1634,3364,2030,29,1054,7244,30,8903,241755,97132,19804],"class_list":["post-1151428","post","type-post","status-publish","format-standard","has-post-thumbnail","category-karlsruhe","tag-alexander-pischon","tag-auto","tag-baden-wuerttemberg","tag-de","tag-deutsche-bahn","tag-deutschland","tag-deutschlandticket","tag-flixbus","tag-germany","tag-karlsruhe","tag-parkspaziergang","tag-suedwestdeutschland","tag-verkehrsmittel"],"share_on_mastodon":{"url":"","error":""},"_links":{"self":[{"href":"https:\/\/www.europesays.com\/de\/wp-json\/wp\/v2\/posts\/1151428","targetHints":{"allow":["GET"]}}],"collection":[{"href":"https:\/\/www.europesays.com\/de\/wp-json\/wp\/v2\/posts"}],"about":[{"href":"https:\/\/www.europesays.com\/de\/wp-json\/wp\/v2\/types\/post"}],"author":[{"embeddable":true,"href":"https:\/\/www.europesays.com\/de\/wp-json\/wp\/v2\/users\/2"}],"replies":[{"embeddable":true,"href":"https:\/\/www.europesays.com\/de\/wp-json\/wp\/v2\/comments?post=1151428"}],"version-history":[{"count":0,"href":"https:\/\/www.europesays.com\/de\/wp-json\/wp\/v2\/posts\/1151428\/revisions"}],"wp:featuredmedia":[{"embeddable":true,"href":"https:\/\/www.europesays.com\/de\/wp-json\/wp\/v2\/media\/497889"}],"wp:attachment":[{"href":"https:\/\/www.europesays.com\/de\/wp-json\/wp\/v2\/media?parent=1151428"}],"wp:term":[{"taxonomy":"category","embeddable":true,"href":"https:\/\/www.europesays.com\/de\/wp-json\/wp\/v2\/categories?post=1151428"},{"taxonomy":"post_tag","embeddable":true,"href":"https:\/\/www.europesays.com\/de\/wp-json\/wp\/v2\/tags?post=1151428"}],"curies":[{"name":"wp","href":"https:\/\/api.w.org\/{rel}","templated":true}]}}