{"id":1151497,"date":"2026-07-08T09:46:20","date_gmt":"2026-07-08T09:46:20","guid":{"rendered":"https:\/\/www.europesays.com\/de\/1151497\/"},"modified":"2026-07-08T09:46:20","modified_gmt":"2026-07-08T09:46:20","slug":"leipziger-eu-politiker-der-afd-verliert-immunitaet-wegen-rechtsstreit","status":"publish","type":"post","link":"https:\/\/www.europesays.com\/de\/1151497\/","title":{"rendered":"Leipziger EU-Politiker der AfD verliert Immunit\u00e4t wegen Rechtsstreit"},"content":{"rendered":"<p>        <img decoding=\"async\" src=\"https:\/\/www.europesays.com\/de\/wp-content\/uploads\/2026\/07\/siegbert-droese-106.webp\" alt=\"Siegbert Droese, Kandidat f\u00fcr einen Listenplatz der AfD \" title=\"AfD-Politiker Siegbert Droese wurde wegen Beleidigung vom Amtsgericht Dresden verurteilt. Das Urteil ist nicht rechtskr\u00e4ftig. (Archivbild) | picture alliance\/dpa | Sebastian Willnow\" class=\"responsive\"\/><\/p>\n<p>AUDIO: EU-Parlament hob Immunit\u00e4t von AfD-Abgeordneten aus Leipzig auf (1 Min)<\/p>\n<p class=\"topline\">Europaparlament<\/p>\n<p class=\"author\">von MDR SACHSEN<\/p>\n<p>\n                Stand: 08.07.2026 11:43 Uhr<\/p>\n<p class=\"\">Das EU-Parlament in Stra\u00dfburg hat die Immunit\u00e4t des Leipziger Europaabgeordneten Siegbert Droese (AfD) aufgehoben. Wie das Europ\u00e4ische Parlament mitteilte, geht es um ein Urteil des Amtsgerichtes Dresden von April 2024. Dagegen habe der 57-J\u00e4hrige Berufung eingelegt. F\u00fcr das Berufungsverfahren sei die Aufhebung von Droeses Immunit\u00e4t erforderlich, hie\u00df es. Ein entsprechender Antrag des Dresdner Oberlandesgerichtes sei vom Bundesjustizministerium \u00fcbermittelt worden.<\/p>\n<p>    Prozess in Dresden wegen Beleidigung<\/p>\n<p class=\"\">Das Amtsgericht hatte den AfD-Politiker demnach wegen zweier Beleidigungsdelikte zu einer Geldstrafe verurteilt. Das EU-Parlament verwies darauf, dass die Handlungen, die den mutma\u00dflichen Straftaten zugrunde liegen, vor Droeses Zeit als EU-Abgeordneter erfolgten. Droese sitzt seit Juni 2024 im EU-Parlament und geh\u00f6rt der <a href=\"https:\/\/www.tagesschau.de\/ausland\/europa\/pruefverfahren-esn-afd-100.html\" title=\"EU-Parlament stimmt f\u00fcr \u00dcberpr\u00fcfung der Parteifamilie der AfD\" rel=\"nofollow noopener\" target=\"_blank\">Fraktion Europa der Souver\u00e4nen Nationen<\/a> an.<\/p>\n<p>Mehr zum Thema AfD-Politiker im EU-Parlament<\/p>\n<p>        <a href=\"https:\/\/www.tagesschau.de\/video\/video-1610718.html\" aria-label=\"Zum Video (2 Min): EU-Parlament stimmt f\u00fcr Pr\u00fcfung der europ\u00e4ischen Parteienfamilie ESN\" rel=\"nofollow noopener\" target=\"_blank\"><\/p>\n<p>        <img decoding=\"async\" src=\"https:\/\/www.europesays.com\/de\/wp-content\/uploads\/2026\/07\/sendungsbild-1760780.webp\" alt=\"Sendungsbild\" title=\"Sendungsbild | ARD-aktuell\" class=\"responsive\" loading=\"lazy\"\/><\/p>\n<p>        <\/a><\/p>\n<p>        <img decoding=\"async\" src=\"https:\/\/www.europesays.com\/de\/wp-content\/uploads\/2026\/07\/manfred-weber-126.webp\" alt=\"Manfred Weber im  EU-Parlament in Stra\u00dfburg (Archivbild Oktober 2025)\" title=\"Manfred Weber im  EU-Parlament in Stra\u00dfburg (Archivbild Oktober 2025) | EPA\" class=\"responsive\" loading=\"lazy\"\/><\/p>\n<p class=\"\">MDR (wim\/nvm)\/dpa<\/p>\n<p>Dieses Thema im Programm:<\/p>\n<p>                MDR SACHSEN \u2013 Das Sachsenradio | Nachrichten | 08.07.2026 | 06:00 Uhr<\/p>\n","protected":false},"excerpt":{"rendered":"AUDIO: EU-Parlament hob Immunit\u00e4t von AfD-Abgeordneten aus Leipzig auf (1 Min) Europaparlament von MDR SACHSEN Stand: 08.07.2026 11:43&hellip;\n","protected":false},"author":2,"featured_media":1151498,"comment_status":"","ping_status":"","sticky":false,"template":"","format":"standard","meta":{"footnotes":"","_share_on_mastodon":"0"},"categories":[1832],"tags":[186,94947,25834,20967,3364,29,241768,10829,2690,30,36797,71,14,859,241767,1243],"class_list":["post-1151497","post","type-post","status-publish","format-standard","has-post-thumbnail","category-leipzig","tag-afd","tag-aufhebung","tag-beleidigung","tag-berufung","tag-de","tag-deutschland","tag-droese","tag-europaparlament","tag-gericht","tag-germany","tag-immunitaet","tag-leipzig","tag-nachrichten","tag-sachsen","tag-siegbert","tag-urteil"],"share_on_mastodon":{"url":"https:\/\/pubeurope.com\/@de\/116883724229435821","error":""},"_links":{"self":[{"href":"https:\/\/www.europesays.com\/de\/wp-json\/wp\/v2\/posts\/1151497","targetHints":{"allow":["GET"]}}],"collection":[{"href":"https:\/\/www.europesays.com\/de\/wp-json\/wp\/v2\/posts"}],"about":[{"href":"https:\/\/www.europesays.com\/de\/wp-json\/wp\/v2\/types\/post"}],"author":[{"embeddable":true,"href":"https:\/\/www.europesays.com\/de\/wp-json\/wp\/v2\/users\/2"}],"replies":[{"embeddable":true,"href":"https:\/\/www.europesays.com\/de\/wp-json\/wp\/v2\/comments?post=1151497"}],"version-history":[{"count":0,"href":"https:\/\/www.europesays.com\/de\/wp-json\/wp\/v2\/posts\/1151497\/revisions"}],"wp:featuredmedia":[{"embeddable":true,"href":"https:\/\/www.europesays.com\/de\/wp-json\/wp\/v2\/media\/1151498"}],"wp:attachment":[{"href":"https:\/\/www.europesays.com\/de\/wp-json\/wp\/v2\/media?parent=1151497"}],"wp:term":[{"taxonomy":"category","embeddable":true,"href":"https:\/\/www.europesays.com\/de\/wp-json\/wp\/v2\/categories?post=1151497"},{"taxonomy":"post_tag","embeddable":true,"href":"https:\/\/www.europesays.com\/de\/wp-json\/wp\/v2\/tags?post=1151497"}],"curies":[{"name":"wp","href":"https:\/\/api.w.org\/{rel}","templated":true}]}}