{"id":115150,"date":"2025-05-16T12:51:11","date_gmt":"2025-05-16T12:51:11","guid":{"rendered":"https:\/\/www.europesays.com\/de\/115150\/"},"modified":"2025-05-16T12:51:11","modified_gmt":"2025-05-16T12:51:11","slug":"victoria-david-beckham-nach-brooklyns-sussex-party-verletzt-und-ueberrumpelt","status":"publish","type":"post","link":"https:\/\/www.europesays.com\/de\/115150\/","title":{"rendered":"Victoria + David Beckham: Nach Brooklyns Sussex-Party &#8222;verletzt und \u00fcberrumpelt&#8220;"},"content":{"rendered":"<p>David + Victoria Beckham<br \/>\nSie sind &#8222;verletzt und \u00fcberrumpelt&#8220; wegen Sohn Brooklyn <\/p>\n<p><img class=\"image image-element__image\"   src=\"https:\/\/www.europesays.com\/de\/wp-content\/uploads\/2025\/05\/victoria-david-beckham.jpg\" alt=\"Victoria + David Beckham: Nach Brooklyns Sussex-Party &quot;verletzt und \u00fcberrumpelt&quot;\" decoding=\"async\" fetchpriority=\"high\" loading=\"eager\"\/><br \/>\n<a href=\"https:\/\/image.gala.de\/24374550\/t\/XQ\/v3\/w2048\/r1.5\/-\/victoria-david-beckham.jpg#Ben%20Birchall%20%2F%20Avalon%20%2F%20imago%20images\" class=\"image__magnifier\" aria-label=\"Vergr\u00f6\u00dfern\" rel=\"nofollow noopener\" target=\"_blank\"><\/p>\n<p> <a href=\"https:\/\/www.gala.de\/stars\/starportraets\/david-beckham-20511378.html\" data-article-type=\"star-portrait\" rel=\"nofollow noopener\" target=\"_blank\">David Beckham<\/a>, <a href=\"https:\/\/www.gala.de\/stars\/starportraets\/victoria-beckham-20510110.html\" data-article-type=\"star-portrait\" rel=\"nofollow noopener\" target=\"_blank\">Victoria Beckham<\/a> <\/p>\n<p>\u00a9 Ben Birchall \/ Avalon \/ imago images<\/p>\n<p>\nTrotz der brodelnden Konflikte in beiden Familien empfingen Prinz Harry und Herzogin Meghan den Beckham-Spr\u00f6ssling Brooklyn mit Ehefrau Nicola zum Dinner. Das f\u00fchrte bei David und Victoria Beckham zu unsch\u00f6nen Gef\u00fchlen.\n<\/p>\n<p class=\"text-element u-richtext u-typo u-typo--article-text article__text-element text-element--context-article\"> <a data-target-type=\"article\" href=\"https:\/\/www.gala.de\/stars\/starportraets\/prinz-harry-20519960.html\" rel=\"nofollow noopener\" target=\"_blank\">Prinz Harry<\/a>, 40, und <a class=\"link--person\" data-target-type=\"article\" href=\"https:\/\/www.gala.de\/stars\/starportraets\/meghan-markle-aka-herzogin-meghan--alles-ueber-die-frau-an-prinz-harrys-seite-20586488.html\" rel=\"nofollow noopener\" target=\"_blank\">Herzogin Meghan<\/a>, 43, haben in ihrem Haus im kalifornischen Montecito eine besondere Dinner-Party geschmissen, wie &#8222;People&#8220; berichtet. An diesem Abend waren auch <a data-target-type=\"article\" href=\"https:\/\/www.gala.de\/stars\/starportraets\/brooklyn-beckham-20487658.html\" rel=\"nofollow noopener\" target=\"_blank\">Brooklyn Beckham<\/a>, 26, und seine Frau <a class=\"\" data-target-type=\"article\" href=\"https:\/\/www.gala.de\/themen\/nicola-peltz-20981384.html\" rel=\"nofollow noopener\" target=\"_blank\">Nicola Peltz<\/a>, 30, zugegen. Das Treffen fand inmitten von Spannungen innerhalb der Familie Beckham statt.<\/p>\n<p>Prinz Harry und Herzogin Meghan feiern gemeinsames Dinner mit &#8222;VIPs und Filmmanagern&#8220;<\/p>\n<p class=\"text-element u-richtext u-typo u-typo--article-text article__text-element text-element--context-article\"> Wie das US-Magazin berichtet, waren die Beckhams Teil einer gr\u00f6\u00dferen G\u00e4stegruppe und nicht direkt von den Sussexes eingeladen worden. &#8222;Brooklyn und Nicola wurden bereits vor Davids zahlreichen globalen Geburtstagsfeiern eingeladen, das Timing ist also purer Zufall&#8220;, erkl\u00e4rte eine anonyme Quelle dem Magazin.<\/p>\n<p class=\"text-element u-richtext u-typo u-typo--article-text article__text-element text-element--context-article\"> Der Insider f\u00fchrte weiter aus: &#8222;Obwohl es ein intimes Treffen war, gab es mehrere zus\u00e4tzliche G\u00e4ste, darunter VIPs und Filmmanager. Brooklyn und Nicola hatten eine wundervolle Zeit und empfanden Harry und Meghan als besonders freundlich, f\u00fcrsorglich und gro\u00dfz\u00fcgig.&#8220;<\/p>\n<p><a href=\"https:\/\/www.gala.de\/royals\/briten\/prinz-harry---herzogin-meghan--die-bilder-ihrer-stuermischen-liebe-21447522.html\" class=\"teaser__link teaser-multi-picture__link teaser__link--overlay\" rel=\"nofollow noopener\" target=\"_blank\">  <\/p>\n<p>&#8222;Sehr lustige Date-Night&#8220;<br \/>\nMeghan schw\u00e4rmt vom Konzerterlebnis mit Harry <\/p>\n<p>48<br \/>\nBilder  <\/p>\n<p><\/a><\/p>\n<p>Familienstreitigkeiten auf beiden Seiten<\/p>\n<p class=\"text-element u-richtext u-typo u-typo--article-text article__text-element text-element--context-article\"> Zwischen Brooklyn und seiner Familie herrsche jedoch Eiszeit, so ein Insider. Der 26-J\u00e4hrige und seine Frau blieben in letzter Zeit den Feiern der Beckhams fern, darunter auch <a class=\"link--person\" data-target-type=\"article\" href=\"https:\/\/www.gala.de\/stars\/starportraets\/david-beckham-20511378.html\" rel=\"nofollow noopener\" target=\"_blank\">David Beckhams<\/a> 50. Geburtstag \u2013 obwohl sie eingeladen waren.\u00a0<\/p>\n<p class=\"text-element u-richtext u-typo u-typo--article-text article__text-element text-element--context-article\"> Dass das junge Paar stattdessen mit Harry und Meghan Zeit verbrachte, habe David und Victoria Beckham laut eines Insiders, der sich gegen\u00fcber &#8222;The Sun&#8220; \u00e4u\u00dfert, &#8222;v\u00f6llig \u00fcberrumpelt&#8220;. Weiter hei\u00dft es: &#8222;Sie hatten nicht damit gerechnet. Nat\u00fcrlich ist es f\u00fcr sie etwas seltsam, da sie fr\u00fcher mit Meghan und Harry verkehrten, und jetzt tut es ihr Sohn.&#8220; Denn obwohl David kein Problem mit Harry habe und sie noch gelegentlich kommunizieren w\u00fcrden, ist die Freundschaft zwischen den Paaren weitestgehend erloschen. Dazu soll ein Streit gef\u00fchrt haben, in dem Harry und Meghan den Beckhams vorwarfen, Informationen an die Presse weitergegeben zu haben. Victoria und David stritten diese Vorw\u00fcrfe laut Medienberichten vollst\u00e4ndig ab. Es kam zum Bruch.<\/p>\n<p>Parallelen zu Harrys eigener Familiensituation<\/p>\n<p class=\"text-element u-richtext u-typo u-typo--article-text article__text-element text-element--context-article\"> Das Dinner fand auch vor dem Hintergrund anhaltender Spannungen innerhalb von Prinz Harrys eigener Familie statt. Er und Meghan leben weiterhin distanziert von den britischen Royals. In einem offenen Interview mit der &#8222;BBC&#8220; am 2. Mai enth\u00fcllte Harry, dass sein Vater, <a class=\"link--person\" data-target-type=\"article\" href=\"https:\/\/www.gala.de\/stars\/starportraets\/koenig-charles-20477256.html\" rel=\"nofollow noopener\" target=\"_blank\">K\u00f6nig Charles<\/a>, 76, &#8222;nicht mit ihm sprechen will&#8220; und gab zu, er wisse nicht, &#8222;wie lange [sein Vater] noch hat&#8220;, w\u00e4hrend der Monarch sich weiterhin in Krebsbehandlung befindet. Dennoch \u00e4u\u00dferte Harry den Wunsch nach Vers\u00f6hnung: &#8222;Ich w\u00fcrde mich gerne mit meiner Familie vers\u00f6hnen. Es hat keinen Sinn, weiterzuk\u00e4mpfen.&#8220;<\/p>\n<p class=\"text-element u-richtext u-typo u-typo--article-text article__text-element text-element--context-article\"> Verwendete Quelle: people.com, thesun.co.uk<\/p>\n<p>\nSpotOnNews\n<\/p>\n<p>#Themen<\/p>\n","protected":false},"excerpt":{"rendered":"David + Victoria Beckham Sie sind &#8222;verletzt und \u00fcberrumpelt&#8220; wegen Sohn Brooklyn David Beckham, Victoria Beckham \u00a9 Ben&hellip;\n","protected":false},"author":2,"featured_media":115151,"comment_status":"","ping_status":"","sticky":false,"template":"","format":"standard","meta":{"footnotes":""},"categories":[1776],"tags":[1801,29,214,30,1802,215],"class_list":{"0":"post-115150","1":"post","2":"type-post","3":"status-publish","4":"format-standard","5":"has-post-thumbnail","7":"category-prominente","8":"tag-celebrities","9":"tag-deutschland","10":"tag-entertainment","11":"tag-germany","12":"tag-prominente","13":"tag-unterhaltung"},"share_on_mastodon":{"url":"https:\/\/pubeurope.com\/@de\/114517605418533867","error":""},"_links":{"self":[{"href":"https:\/\/www.europesays.com\/de\/wp-json\/wp\/v2\/posts\/115150","targetHints":{"allow":["GET"]}}],"collection":[{"href":"https:\/\/www.europesays.com\/de\/wp-json\/wp\/v2\/posts"}],"about":[{"href":"https:\/\/www.europesays.com\/de\/wp-json\/wp\/v2\/types\/post"}],"author":[{"embeddable":true,"href":"https:\/\/www.europesays.com\/de\/wp-json\/wp\/v2\/users\/2"}],"replies":[{"embeddable":true,"href":"https:\/\/www.europesays.com\/de\/wp-json\/wp\/v2\/comments?post=115150"}],"version-history":[{"count":0,"href":"https:\/\/www.europesays.com\/de\/wp-json\/wp\/v2\/posts\/115150\/revisions"}],"wp:featuredmedia":[{"embeddable":true,"href":"https:\/\/www.europesays.com\/de\/wp-json\/wp\/v2\/media\/115151"}],"wp:attachment":[{"href":"https:\/\/www.europesays.com\/de\/wp-json\/wp\/v2\/media?parent=115150"}],"wp:term":[{"taxonomy":"category","embeddable":true,"href":"https:\/\/www.europesays.com\/de\/wp-json\/wp\/v2\/categories?post=115150"},{"taxonomy":"post_tag","embeddable":true,"href":"https:\/\/www.europesays.com\/de\/wp-json\/wp\/v2\/tags?post=115150"}],"curies":[{"name":"wp","href":"https:\/\/api.w.org\/{rel}","templated":true}]}}