{"id":1151544,"date":"2026-07-08T10:12:25","date_gmt":"2026-07-08T10:12:25","guid":{"rendered":"https:\/\/www.europesays.com\/de\/1151544\/"},"modified":"2026-07-08T10:12:25","modified_gmt":"2026-07-08T10:12:25","slug":"eintracht-frankfurt-naechster-kroesche-poker-mit-bayern-enthuellt-sport","status":"publish","type":"post","link":"https:\/\/www.europesays.com\/de\/1151544\/","title":{"rendered":"Eintracht Frankfurt: N\u00e4chster Kr\u00f6sche-Poker mit Bayern enth\u00fcllt! | Sport"},"content":{"rendered":"<p><b>Der Wechsel von Nathaniel Brown (23) von Eintracht Frankfurt zu Bayern M\u00fcnchen ist seit letzter Woche im Kasten. Markus Kr\u00f6sche (45) konnte eine Abl\u00f6se von insgesamt 55 Mio. Euro f\u00fcr den Nationalverteidiger aushandeln. Diese Summe gibt dem Frankfurter Sport-Vorstand etwas mehr Freir\u00e4ume bei eigenen Transfers. Und hier wird nun ausgerechnet wieder mit Bayern und Max Eberl (52) verhandelt.<\/b><\/p>\n<p><b>Welchen neuen Abl\u00f6se-Poker zwischen beiden Klubs enth\u00fcllt werden kann, wie weit dieser schon ist und weitere spannende Hintergr\u00fcnde zu m\u00f6glichen Eintracht-Transfers lesen Sie mit BILDplus.<\/b><\/p>\n","protected":false},"excerpt":{"rendered":"Der Wechsel von Nathaniel Brown (23) von Eintracht Frankfurt zu Bayern M\u00fcnchen ist seit letzter Woche im Kasten.&hellip;\n","protected":false},"author":2,"featured_media":1151545,"comment_status":"","ping_status":"","sticky":false,"template":"","format":"standard","meta":{"footnotes":"","_share_on_mastodon":"0"},"categories":[136],"tags":[221660,29,14490,460,538,458,30,7164,803,265,1470,469],"class_list":["post-1151544","post","type-post","status-publish","format-standard","has-post-thumbnail","category-sport","tag-aseko-noel","tag-deutschland","tag-eberl-max","tag-eintracht-frankfurt","tag-erste-bundesliga","tag-fc-bayern-muenchen","tag-germany","tag-kroesche-markus","tag-spielertransfer","tag-sport","tag-sport-leuchtturm-muenchen","tag-sport-leuchtturm-zentral"],"share_on_mastodon":{"url":"https:\/\/pubeurope.com\/@de\/116883826265976787","error":""},"_links":{"self":[{"href":"https:\/\/www.europesays.com\/de\/wp-json\/wp\/v2\/posts\/1151544","targetHints":{"allow":["GET"]}}],"collection":[{"href":"https:\/\/www.europesays.com\/de\/wp-json\/wp\/v2\/posts"}],"about":[{"href":"https:\/\/www.europesays.com\/de\/wp-json\/wp\/v2\/types\/post"}],"author":[{"embeddable":true,"href":"https:\/\/www.europesays.com\/de\/wp-json\/wp\/v2\/users\/2"}],"replies":[{"embeddable":true,"href":"https:\/\/www.europesays.com\/de\/wp-json\/wp\/v2\/comments?post=1151544"}],"version-history":[{"count":0,"href":"https:\/\/www.europesays.com\/de\/wp-json\/wp\/v2\/posts\/1151544\/revisions"}],"wp:featuredmedia":[{"embeddable":true,"href":"https:\/\/www.europesays.com\/de\/wp-json\/wp\/v2\/media\/1151545"}],"wp:attachment":[{"href":"https:\/\/www.europesays.com\/de\/wp-json\/wp\/v2\/media?parent=1151544"}],"wp:term":[{"taxonomy":"category","embeddable":true,"href":"https:\/\/www.europesays.com\/de\/wp-json\/wp\/v2\/categories?post=1151544"},{"taxonomy":"post_tag","embeddable":true,"href":"https:\/\/www.europesays.com\/de\/wp-json\/wp\/v2\/tags?post=1151544"}],"curies":[{"name":"wp","href":"https:\/\/api.w.org\/{rel}","templated":true}]}}