{"id":1151550,"date":"2026-07-08T10:15:18","date_gmt":"2026-07-08T10:15:18","guid":{"rendered":"https:\/\/www.europesays.com\/de\/1151550\/"},"modified":"2026-07-08T10:15:18","modified_gmt":"2026-07-08T10:15:18","slug":"supermarkt-discounter-netto-limitiert-eier-kauf-auf-zwei-packungen","status":"publish","type":"post","link":"https:\/\/www.europesays.com\/de\/1151550\/","title":{"rendered":"Supermarkt: Discounter Netto limitiert Eier-Kauf auf zwei Packungen"},"content":{"rendered":"<p>Aldi, Lidl und Rewe \u00e4u\u00dfern sich <\/p>\n<p>Netto rationiert Eier: Nur zwei Packungen pro Kunde<\/p>\n<p>Aktualisiert am 08.07.2026 &#8211; 11:45 UhrLesedauer: 2 Min.<\/p>\n<p><a href=\"#focus-0\" class=\"transition-colors block text-current relative\" data-sctrack=\"FocusGalleryImage.Reference\"><img fetchpriority=\"high\" data-testid=\"Opener.Image\"   loading=\"eager\" src=\"https:\/\/www.europesays.com\/de\/wp-content\/uploads\/2026\/07\/um-fast-14-prozent-haben-sich-eier-in-hessen-im-april-im-vergleich-zum-vorjahresmonat-verteuert-symb.jpeg\" alt=\"Eier\" title=\"Eier\" width=\"2048\" height=\"1152\" class=\"bg-[url:var(--lqipURL)] bg-cover bg-center flex h-full w-full max-w-full\" style=\"--lqipURL:url('https:\/\/images.t-online.de\/2026\/05\/S211oh37qzol\/0x90:2048x1152\/fit-in\/150x0\/filters:blur(25)\/um-fast-14-prozent-haben-sich-eier-in-hessen-im-april-im-vergleich-zum-vorjahresmonat-verteuert-symbolbild.jpg')\" decoding=\"async\"\/><img loading=\"lazy\" src=\"https:\/\/www.t-online.de\/s\/paper\/_next\/static\/media\/zoom-in.f7dae02f.svg\" alt=\"Vergr\u00f6\u00dfern des Bildes\" title=\"Vergr\u00f6\u00dfern des Bildes\" class=\"block h-[calc(var(--height)_\/_16_*_1rem)] w-[calc(var(--width)_\/_16_*_1rem)] max-w-none absolute right-8 bottom-8 rounded-4 bg-snow p-8\" style=\"--width:32;--height:32\" decoding=\"async\"\/><\/a><\/p>\n<p>Frischeier: Nur in einem Bundesland ist die Nachfrage besonders hoch. (Quelle: dpa\/Marcus Brandt\/dpa-bilder)<\/p>\n<p><img loading=\"lazy\" src=\"https:\/\/www.t-online.de\/s\/paper\/_next\/static\/media\/audio-volume.6689034c.svg\" alt=\"\" title=\"\" class=\"block h-[calc(var(--height)_\/_16_*_1rem)] w-[calc(var(--width)_\/_16_*_1rem)] max-w-none group-hover:brightness-0 group-hover:invert\" style=\"--width:16;--height:16\" decoding=\"async\"\/>Vorlesen<\/p>\n<p>Aktuelle Zeit:0:00Gesamtdauer:0:00<\/p>\n<p>1x<\/p>\n<p class=\"text-center\">Jetzt neu bei t-online:<\/p>\n<p class=\"text-center\">Schriftgr\u00f6\u00dfe anpassen!<\/p>\n<p><img loading=\"lazy\" src=\"https:\/\/www.t-online.de\/s\/paper\/_next\/static\/media\/font-sizes.32942e33.svg\" alt=\"\" title=\"\" class=\"block h-[calc(var(--height)_\/_16_*_1rem)] w-[calc(var(--width)_\/_16_*_1rem)] max-w-none group-hover:hidden group-aria-expanded:hidden\" style=\"--width:16;--height:16\" decoding=\"async\"\/><img loading=\"lazy\" src=\"https:\/\/www.t-online.de\/s\/paper\/_next\/static\/media\/font-sizes-dark-mode.e382645c.svg\" alt=\"\" title=\"\" class=\"block h-[calc(var(--height)_\/_16_*_1rem)] w-[calc(var(--width)_\/_16_*_1rem)] max-w-none hidden group-hover:block group-aria-expanded:block\" style=\"--width:16;--height:16\" decoding=\"async\"\/><img loading=\"lazy\" src=\"https:\/\/www.t-online.de\/s\/paper\/_next\/static\/media\/sharing-menu-icon.1eb71368.svg\" alt=\"\" title=\"\" class=\"block h-[calc(var(--height)_\/_16_*_1rem)] w-[calc(var(--width)_\/_16_*_1rem)] max-w-none group-hover:brightness-0 group-hover:invert\" style=\"--width:16;--height:16\" decoding=\"async\"\/>Artikel teilen<\/p>\n<p class=\"font-bold text-18 leading-17 user-text-lg:text-22 user-text-xl:text-24\">Weil nicht gen\u00fcgend Ware geliefert wird, schr\u00e4nkt die in Nord- und Ostdeutschland aktive Handelskette den Verkauf von Eiern ein. Wie steht es bei anderen Superm\u00e4rkten und Discountern?<\/p>\n<p class=\"text-18 leading-17 user-text-lg:text-22 user-text-xl:text-24\">Maximal zwei Packungen Eier pro Einkauf \u2013 das gilt derzeit f\u00fcr Kunden des in Nord- und Ostdeutschland vertretenen Discounters Netto. Das best\u00e4tigte das Unternehmen mit dem Hund im Logo auf Nachfrage der Deutschen Presse-Agentur.<\/p>\n<p class=\"text-18 leading-17 user-text-lg:text-22 user-text-xl:text-24\">Hintergrund sei die angespannte Situation auf dem Eiermarkt, sagte eine Sprecherin. &#8222;Tierkrankheiten in regionalen Legehennenbest\u00e4nden wirken sich auf die Verf\u00fcgbarkeit von Eiern aus. Davon sind auch zwei unserer regional bezogenen Eierartikel betroffen, die wir vor\u00fcbergehend nur eingeschr\u00e4nkt beziehen k\u00f6nnen.&#8220;<\/p>\n<p class=\"text-18 leading-17 user-text-lg:text-22 user-text-xl:text-24\">Gemeinsam mit den Lieferanten arbeite man daran, die Warenverf\u00fcgbarkeit sicherzustellen. Erwartet wird, dass sich die Lage ab kommender Woche entspannt. Zuvor hatte die &#8222;Bild&#8220;-Zeitung \u00fcber das Thema berichtet.<\/p>\n<p>Lage auf dem Eiermarkt seit l\u00e4ngerem angespannt<\/p>\n<p class=\"text-18 leading-17 user-text-lg:text-22 user-text-xl:text-24\">Gro\u00dfe Lebensmittelh\u00e4ndler wie Aldi, Edeka, <a href=\"https:\/\/www.t-online.de\/themen\/lidl\/\" class=\"transition-colors cursor-pointer no-underline md:hover:text-magenta md:focus:text-magenta border-b border-solid border-current text-salemsfur md:hover:border-magenta\" data-tracking=\"{&quot;action&quot;:&quot;click&quot;,&quot;category&quot;:&quot;intextLink&quot;,&quot;label&quot;:&quot;\/themen\/lidl\/&quot;}\" data-sctrack=\"BodyAnchor\" rel=\"nofollow noopener\" target=\"_blank\">Lidl<\/a>, <a href=\"https:\/\/www.t-online.de\/themen\/kaufland\/\" class=\"transition-colors cursor-pointer no-underline md:hover:text-magenta md:focus:text-magenta border-b border-solid border-current text-salemsfur md:hover:border-magenta\" data-tracking=\"{&quot;action&quot;:&quot;click&quot;,&quot;category&quot;:&quot;intextLink&quot;,&quot;label&quot;:&quot;\/themen\/kaufland\/&quot;}\" data-sctrack=\"BodyAnchor\" rel=\"nofollow noopener\" target=\"_blank\">Kaufland<\/a> oder Rewe begrenzen die Einkaufsmengen bislang nicht, wie eine Anfrage von t-online ergeben hat.<\/p>\n<p class=\"text-18 leading-17 user-text-lg:text-22 user-text-xl:text-24\">Die Situation auf dem Eiermarkt gilt bereits seit Monaten als schwierig. Eine gestiegene Nachfrage und ein wegen mehrerer Tierseuchen eingeschr\u00e4nktes Angebot belasten die Versorgung. Vereinzelt kam oder kommt es im <a href=\"https:\/\/www.t-online.de\/themen\/einzelhandel\/\" class=\"transition-colors cursor-pointer no-underline md:hover:text-magenta md:focus:text-magenta border-b border-solid border-current text-salemsfur md:hover:border-magenta\" data-tracking=\"{&quot;action&quot;:&quot;click&quot;,&quot;category&quot;:&quot;intextLink&quot;,&quot;label&quot;:&quot;\/themen\/einzelhandel\/&quot;}\" data-sctrack=\"BodyAnchor\" rel=\"nofollow noopener\" target=\"_blank\">Einzelhandel<\/a> deshalb zu Engp\u00e4ssen.<\/p>\n<p class=\"text-18 leading-17 user-text-lg:text-22 user-text-xl:text-24\">Marktanalystin Margit Beck von Marktinfo Eier und Gefl\u00fcgel betont gegen\u00fcber der dpa jedoch: &#8222;Ein nationaler Eiernotstand ist derzeit nicht zu verzeichnen. Regionale Ausf\u00e4lle durch Newcastle Disease d\u00fcrften zu den beobachteten Engp\u00e4ssen gef\u00fchrt haben.&#8220;<\/p>\n<p class=\"text-18 leading-17 user-text-lg:text-22 user-text-xl:text-24\">Laut einer Unternehmenssprecherin von Rewe sei im Raum <a href=\"https:\/\/berlin.t-online.de\/region\/berlin\/\" class=\"transition-colors cursor-pointer no-underline md:hover:text-magenta md:focus:text-magenta border-b border-solid border-current text-salemsfur md:hover:border-magenta\" data-tracking=\"{&quot;action&quot;:&quot;click&quot;,&quot;category&quot;:&quot;intextLink&quot;,&quot;label&quot;:&quot;https:\/\/berlin.t-online.de\/region\/berlin\/&quot;}\" data-sctrack=\"BodyAnchor\" rel=\"nofollow noopener\" target=\"_blank\">Berlin<\/a> die Mengenknappheit am ehesten noch sichtbar. Dies liege jedoch zum einen daran, dass dort der Absatz an Frischeiern am h\u00f6chsten ist. Zum anderen, dass die Eiererzeuger im Gro\u00dfraum st\u00e4rker betroffen sind als anderswo in Deutschland. &#8222;So kann es vorkommen, dass in Berliner M\u00e4rkten nicht immer die volle Auswahl an Marken, Packungsgr\u00f6\u00dfen und Haltungsformen angeboten werden kann. Frischeier gibt es aber immer.&#8220;<\/p>\n<p class=\"text-18 leading-17 user-text-lg:text-22 user-text-xl:text-24\">Alle H\u00e4ndler betonten zudem, man stehe im engen Austausch mit den Lieferanten und verf\u00fcge \u00fcber ein breites Lieferantennetzwerk, wodurch Engp\u00e4sse weitgehend vermieden werden k\u00f6nnen. Man versuche, die Versorgungssicherheit zu gew\u00e4hrleisten, betonen Aldi Nord und Aldi S\u00fcd.<\/p>\n<p>Zwei Handelsketten, ein Name<\/p>\n<p class=\"text-18 leading-17 user-text-lg:text-22 user-text-xl:text-24\">Die Netto ApS &amp; Co. KG ist Teil der d\u00e4nischen Salling Group und nicht zu verwechseln mit dem gr\u00f6\u00dferen Netto Marken-Discount mit Sitz in Bayern, der zu Edeka geh\u00f6rt.<\/p>\n<p class=\"text-18 leading-17 user-text-lg:text-22 user-text-xl:text-24\">Der Discounter mit den Markenfarben Schwarz und Gelb hat seinen deutschen Firmensitz in Stavenhagen in Mecklenburg-Vorpommern und betreibt nach eigenen Angaben rund 340 M\u00e4rkte mit rund 6.000 Besch\u00e4ftigten in acht Bundesl\u00e4ndern \u2013 in Ostdeutschland, <a href=\"https:\/\/hamburg.t-online.de\/region\/hamburg\/\" class=\"transition-colors cursor-pointer no-underline md:hover:text-magenta md:focus:text-magenta border-b border-solid border-current text-salemsfur md:hover:border-magenta\" data-tracking=\"{&quot;action&quot;:&quot;click&quot;,&quot;category&quot;:&quot;intextLink&quot;,&quot;label&quot;:&quot;https:\/\/hamburg.t-online.de\/region\/hamburg\/&quot;}\" data-sctrack=\"BodyAnchor\" rel=\"nofollow noopener\" target=\"_blank\">Hamburg<\/a>, Schleswig-Holstein und Niedersachsen. Der erste Markt wurde 1990 er\u00f6ffnet.<\/p>\n","protected":false},"excerpt":{"rendered":"Aldi, Lidl und Rewe \u00e4u\u00dfern sich Netto rationiert Eier: Nur zwei Packungen pro Kunde Aktualisiert am 08.07.2026 &#8211;&hellip;\n","protected":false},"author":2,"featured_media":1151551,"comment_status":"","ping_status":"","sticky":false,"template":"","format":"standard","meta":{"footnotes":"","_share_on_mastodon":"0"},"categories":[134],"tags":[364,9492,175,170,169,2520,29,366,1024,14011,241782,30,604,2940,2939,171,174,4200,51831,872,226,173,172],"class_list":["post-1151550","post","type-post","status-publish","format-standard","has-post-thumbnail","category-unternehmen-maerkte","tag-aldi","tag-bild-zeitung","tag-business","tag-companies","tag-companies-markets","tag-deutsche-presse-agentur","tag-deutschland","tag-discounter","tag-edeka","tag-eier","tag-frischei","tag-germany","tag-hund","tag-kaufland","tag-lidl","tag-markets","tag-maerkte","tag-ostdeutschland","tag-packung","tag-rewe","tag-t-online","tag-unternehmen","tag-unternehmen-maerkte"],"share_on_mastodon":{"url":"https:\/\/pubeurope.com\/@de\/116883838616380760","error":""},"_links":{"self":[{"href":"https:\/\/www.europesays.com\/de\/wp-json\/wp\/v2\/posts\/1151550","targetHints":{"allow":["GET"]}}],"collection":[{"href":"https:\/\/www.europesays.com\/de\/wp-json\/wp\/v2\/posts"}],"about":[{"href":"https:\/\/www.europesays.com\/de\/wp-json\/wp\/v2\/types\/post"}],"author":[{"embeddable":true,"href":"https:\/\/www.europesays.com\/de\/wp-json\/wp\/v2\/users\/2"}],"replies":[{"embeddable":true,"href":"https:\/\/www.europesays.com\/de\/wp-json\/wp\/v2\/comments?post=1151550"}],"version-history":[{"count":0,"href":"https:\/\/www.europesays.com\/de\/wp-json\/wp\/v2\/posts\/1151550\/revisions"}],"wp:featuredmedia":[{"embeddable":true,"href":"https:\/\/www.europesays.com\/de\/wp-json\/wp\/v2\/media\/1151551"}],"wp:attachment":[{"href":"https:\/\/www.europesays.com\/de\/wp-json\/wp\/v2\/media?parent=1151550"}],"wp:term":[{"taxonomy":"category","embeddable":true,"href":"https:\/\/www.europesays.com\/de\/wp-json\/wp\/v2\/categories?post=1151550"},{"taxonomy":"post_tag","embeddable":true,"href":"https:\/\/www.europesays.com\/de\/wp-json\/wp\/v2\/tags?post=1151550"}],"curies":[{"name":"wp","href":"https:\/\/api.w.org\/{rel}","templated":true}]}}