{"id":1151651,"date":"2026-07-08T11:15:21","date_gmt":"2026-07-08T11:15:21","guid":{"rendered":"https:\/\/www.europesays.com\/de\/1151651\/"},"modified":"2026-07-08T11:15:21","modified_gmt":"2026-07-08T11:15:21","slug":"hitzewelle-bis-zu-34-grad-in-frankfurt-wie-lange-bleibt-das-wetter-so","status":"publish","type":"post","link":"https:\/\/www.europesays.com\/de\/1151651\/","title":{"rendered":"Hitzewelle: Bis zu 34 Grad in Frankfurt \u2013 wie lange bleibt das Wetter so?"},"content":{"rendered":"<p>Bis zu 34 Grad <\/p>\n<p>Auf Frankfurt rollt die n\u00e4chste Hitzewelle zu<\/p>\n<p>Aktualisiert am 08.07.2026 &#8211; 13:00 UhrLesedauer: 2 Min.<\/p>\n<p><a href=\"#focus-0\" class=\"transition-colors block text-current relative\" data-sctrack=\"FocusGalleryImage.Reference\"><img fetchpriority=\"high\" data-testid=\"Opener.Image\"   loading=\"eager\" src=\"https:\/\/www.europesays.com\/de\/wp-content\/uploads\/2026\/07\/frankfurt-am-abend-ein-boot-faehrt-am-abend-bei-sonnenuntergang-vor-der-frankfurter-bankenskyline-au.jpeg\" alt=\"imago images 0857874451\" title=\"imago images 0857874451\" width=\"8100\" height=\"4556\" class=\"bg-[url:var(--lqipURL)] bg-cover bg-center flex h-full w-full max-w-full\" style=\"--lqipURL:url('https:\/\/images.t-online.de\/2026\/07\/UvpaOV0FYQ7B\/0x423:8100x4556\/fit-in\/150x0\/filters:blur(25)\/frankfurt-am-abend-ein-boot-faehrt-am-abend-bei-sonnenuntergang-vor-der-frankfurter-bankenskyline-auf-dem-main-umher-frankfurt-am-main-hessen-deutschland-frankfurt-in-the-evening-a-boat-cruises-along-the-main-at-sunset-in-front-of-the-frankfurt-banking-skyline-frankfurt-am-main-hesse-germany-2026-05-28-ffm-skyline-sommer-05.jpg')\" decoding=\"async\"\/><img loading=\"lazy\" src=\"https:\/\/frankfurt.t-online.de\/s\/paper\/_next\/static\/media\/zoom-in.f7dae02f.svg\" alt=\"Vergr\u00f6\u00dfern des Bildes\" title=\"Vergr\u00f6\u00dfern des Bildes\" class=\"block h-[calc(var(--height)_\/_16_*_1rem)] w-[calc(var(--width)_\/_16_*_1rem)] max-w-none absolute right-8 bottom-8 rounded-4 bg-snow p-8\" style=\"--width:32;--height:32\" decoding=\"async\"\/><\/a><\/p>\n<p>Sonnenuntergang \u00fcber Frankfurt (Archivbild): Die n\u00e4chste Hitzewelle steht bevor. (Quelle: IMAGO\/Florian Gaul\/imago)<\/p>\n<p><img loading=\"lazy\" src=\"https:\/\/frankfurt.t-online.de\/s\/paper\/_next\/static\/media\/audio-volume.6689034c.svg\" alt=\"\" title=\"\" class=\"block h-[calc(var(--height)_\/_16_*_1rem)] w-[calc(var(--width)_\/_16_*_1rem)] max-w-none group-hover:brightness-0 group-hover:invert\" style=\"--width:16;--height:16\" decoding=\"async\"\/>Vorlesen<\/p>\n<p>Aktuelle Zeit:0:00Gesamtdauer:0:00<\/p>\n<p>1x<\/p>\n<p class=\"text-center\">Jetzt neu bei t-online:<\/p>\n<p class=\"text-center\">Schriftgr\u00f6\u00dfe anpassen!<\/p>\n<p><img loading=\"lazy\" src=\"https:\/\/frankfurt.t-online.de\/s\/paper\/_next\/static\/media\/font-sizes.32942e33.svg\" alt=\"\" title=\"\" class=\"block h-[calc(var(--height)_\/_16_*_1rem)] w-[calc(var(--width)_\/_16_*_1rem)] max-w-none group-hover:hidden group-aria-expanded:hidden\" style=\"--width:16;--height:16\" decoding=\"async\"\/><img loading=\"lazy\" src=\"https:\/\/frankfurt.t-online.de\/s\/paper\/_next\/static\/media\/font-sizes-dark-mode.e382645c.svg\" alt=\"\" title=\"\" class=\"block h-[calc(var(--height)_\/_16_*_1rem)] w-[calc(var(--width)_\/_16_*_1rem)] max-w-none hidden group-hover:block group-aria-expanded:block\" style=\"--width:16;--height:16\" decoding=\"async\"\/><img loading=\"lazy\" src=\"https:\/\/frankfurt.t-online.de\/s\/paper\/_next\/static\/media\/sharing-menu-icon.1eb71368.svg\" alt=\"\" title=\"\" class=\"block h-[calc(var(--height)_\/_16_*_1rem)] w-[calc(var(--width)_\/_16_*_1rem)] max-w-none group-hover:brightness-0 group-hover:invert\" style=\"--width:16;--height:16\" decoding=\"async\"\/>Artikel teilen<\/p>\n<p class=\"font-bold text-18 leading-17 user-text-lg:text-22 user-text-xl:text-24\">Nach einer kurzen Verschnaufpause wird es wieder hochsommerlich in Frankfurt. Es stehen Temperaturen bis 34 Grad an. Eine wichtige Frage ist aber noch offen.<\/p>\n<p class=\"text-18 leading-17 user-text-lg:text-22 user-text-xl:text-24\">Nach einigen vergleichsweise angenehmen Tagen kehrt der Hochsommer nach Frankfurt zur\u00fcck. Bereits am Donnerstag steigen die Temperaturen in der Mainmetropole wieder auf rund 30 Grad, zum Wochenende wird es noch hei\u00dfer.<\/p>\n<p class=\"text-18 leading-17 user-text-lg:text-22 user-text-xl:text-24\">Der Deutsche Wetterdienst (DWD) prognostiziert f\u00fcr Hessen am Donnerstag s\u00fcdlich des Mains H\u00f6chstwerte bis 31 Grad. Am Freitag werden in der S\u00fcdh\u00e4lfte des Bundeslandes bereits bis zu 33 Grad erwartet. Am Samstag klettern die Temperaturen verbreitet auf 32 bis 35 Grad. F\u00fcr den <a href=\"https:\/\/www.t-online.de\/themen\/flughafen-frankfurt\/\" class=\"transition-colors cursor-pointer no-underline md:hover:text-magenta md:focus:text-magenta border-b border-solid border-current text-salemsfur md:hover:border-magenta\" data-tracking=\"{&quot;action&quot;:&quot;click&quot;,&quot;category&quot;:&quot;intextLink&quot;,&quot;label&quot;:&quot;https:\/\/www.t-online.de\/themen\/flughafen-frankfurt\/&quot;}\" data-sctrack=\"BodyAnchor\" rel=\"nofollow noopener\" target=\"_blank\">Flughafen Frankfurt<\/a> sagt der DWD konkret bis zu 34 Grad voraus.<\/p>\n<p>Hitze baut sich bis zum Wochenende auf<\/p>\n<p class=\"text-18 leading-17 user-text-lg:text-22 user-text-xl:text-24\">Noch zeigt sich das Wetter allerdings von seiner freundlichen Seite. Am Mittwoch wechseln sich Wolken und Sonne ab, bei H\u00f6chstwerten von bis zu 27 Grad in Frankfurt bleibt es weitgehend trocken. Auch am Donnerstag und Freitag erwarten Meteorologen viel Sonnenschein und keinen nennenswerten Regen.<\/p>\n<ul class=\"text-18 leading-17 block pl-24 *:pb-16 *:before:inline-block *:before:size-8 *:before:bg-magenta *:before:mt-0 *:before:mr-12 *:before:mb-2 *:before:-ml-[20px]\">\n<li><strong class=\"font-bold\">t-online-\u00dcbersicht:<\/strong> <a href=\"https:\/\/www.t-online.de\/wetter\/deutschland\/frankfurt-am-main\/jf111hn682\/wetter-14-tage\" class=\"transition-colors cursor-pointer no-underline md:hover:text-magenta md:focus:text-magenta border-b border-solid border-current text-salemsfur md:hover:border-magenta\" data-tracking=\"{&quot;action&quot;:&quot;click&quot;,&quot;category&quot;:&quot;intextLink&quot;,&quot;label&quot;:&quot;https:\/\/www.t-online.de\/wetter\/deutschland\/frankfurt-am-main\/jf111hn682\/wetter-14-tage&quot;}\" data-sctrack=\"BodyAnchor\" rel=\"nofollow noopener\" target=\"_blank\">Wetterprognose f\u00fcr Frankfurt am Main<\/a><\/li>\n<li><strong class=\"font-bold\">Hitze kehrt mit voller Wucht zur\u00fcck<\/strong> \u2013 <a href=\"https:\/\/www.t-online.de\/nachrichten\/panorama\/wetter\/id_101328720\/hitzewelle-hitze-wetter-kehrt-nach-deutschland-zurueck-aber-wie-lange-.html\" class=\"transition-colors cursor-pointer no-underline md:hover:text-magenta md:focus:text-magenta border-b border-solid border-current text-salemsfur md:hover:border-magenta\" data-tracking=\"{&quot;action&quot;:&quot;click&quot;,&quot;category&quot;:&quot;intextLink&quot;,&quot;label&quot;:&quot;https:\/\/www.t-online.de\/nachrichten\/panorama\/wetter\/id_101328720\/hitzewelle-hitze-wetter-kehrt-nach-deutschland-zurueck-aber-wie-lange-.html&quot;}\" data-sctrack=\"BodyAnchor\" rel=\"nofollow noopener\" target=\"_blank\">aber f\u00fcr wie lange?<\/a><\/li>\n<\/ul>\n<p class=\"text-18 leading-17 user-text-lg:text-22 user-text-xl:text-24\">Verantwortlich f\u00fcr den Temperaturanstieg ist <a href=\"https:\/\/www.t-online.de\/nachrichten\/panorama\/wetter\/id_101328720\/hitzewelle-hitze-wetter-kehrt-nach-deutschland-zurueck-aber-wie-lange-.html\" class=\"transition-colors cursor-pointer no-underline md:hover:text-magenta md:focus:text-magenta border-b border-solid border-current text-salemsfur md:hover:border-magenta\" data-tracking=\"{&quot;action&quot;:&quot;click&quot;,&quot;category&quot;:&quot;intextLink&quot;,&quot;label&quot;:&quot;https:\/\/www.t-online.de\/nachrichten\/panorama\/wetter\/id_101328720\/hitzewelle-hitze-wetter-kehrt-nach-deutschland-zurueck-aber-wie-lange-.html&quot;}\" data-sctrack=\"BodyAnchor\" rel=\"nofollow noopener\" target=\"_blank\">ein Hochdruckgebiet \u00fcber S\u00fcdwesteuropa<\/a>. Es lenkt zunehmend hei\u00dfe Luft nach Deutschland. Gleichzeitig zieht sich k\u00fchlere Luft \u00fcber Nord- und Osteuropa weiter zur\u00fcck.<\/p>\n<p class=\"text-18 leading-17 user-text-lg:text-22 user-text-xl:text-24\">Sowohl der DWD als auch die gro\u00dfen Wettermodelle rechnen damit, dass sich die Hitze bis zum Wochenende in weiten Teilen Deutschlands durchsetzt. Besonders im Westen und S\u00fcdwesten \u2013 und damit auch in Hessen \u2013 sind Temperaturen deutlich \u00fcber 30 Grad wahrscheinlich.<\/p>\n<p>Wie lange h\u00e4lt die Hitzewelle diesmal?<\/p>\n<p class=\"text-18 leading-17 user-text-lg:text-22 user-text-xl:text-24\">Offen ist derzeit allerdings, wie dauerhaft die neue Hitzewelle ausf\u00e4llt. W\u00e4hrend das europ\u00e4ische Wettermodell ECMWF mehrere hei\u00dfe Tage berechnet, sieht das amerikanische GFS-Modell bereits in der kommenden Woche wieder eine zunehmende Gewitterneigung.<\/p>\n<p class=\"text-18 leading-17 user-text-lg:text-22 user-text-xl:text-24\">Auch der DWD \u00e4u\u00dfert sich f\u00fcr die kommenden Tage vorsichtig. Bis auf Weiteres werden zwar keine markanten Wettererscheinungen erwartet. F\u00fcr die Zeit nach dem Wochenende steigt die Unsicherheit der Vorhersagen jedoch. M\u00f6glich ist, dass Gewitter die Hitze wieder beenden.<\/p>\n","protected":false},"excerpt":{"rendered":"Bis zu 34 Grad Auf Frankfurt rollt die n\u00e4chste Hitzewelle zu Aktualisiert am 08.07.2026 &#8211; 13:00 UhrLesedauer: 2&hellip;\n","protected":false},"author":2,"featured_media":1151652,"comment_status":"","ping_status":"","sticky":false,"template":"","format":"standard","meta":{"footnotes":"","_share_on_mastodon":"0"},"categories":[1829],"tags":[522,950,29,4906,2050,2051,30,2052,18113,14657,226,97397],"class_list":["post-1151651","post","type-post","status-publish","format-standard","has-post-thumbnail","category-frankfurt-am-main","tag-522","tag-deutscher-wetterdienst","tag-deutschland","tag-dwd","tag-frankfurt","tag-frankfurt-am-main","tag-germany","tag-hessen","tag-hitzewelle","tag-main","tag-t-online","tag-verschnaufpause"],"share_on_mastodon":{"url":"https:\/\/pubeurope.com\/@de\/116884076659718877","error":""},"_links":{"self":[{"href":"https:\/\/www.europesays.com\/de\/wp-json\/wp\/v2\/posts\/1151651","targetHints":{"allow":["GET"]}}],"collection":[{"href":"https:\/\/www.europesays.com\/de\/wp-json\/wp\/v2\/posts"}],"about":[{"href":"https:\/\/www.europesays.com\/de\/wp-json\/wp\/v2\/types\/post"}],"author":[{"embeddable":true,"href":"https:\/\/www.europesays.com\/de\/wp-json\/wp\/v2\/users\/2"}],"replies":[{"embeddable":true,"href":"https:\/\/www.europesays.com\/de\/wp-json\/wp\/v2\/comments?post=1151651"}],"version-history":[{"count":0,"href":"https:\/\/www.europesays.com\/de\/wp-json\/wp\/v2\/posts\/1151651\/revisions"}],"wp:featuredmedia":[{"embeddable":true,"href":"https:\/\/www.europesays.com\/de\/wp-json\/wp\/v2\/media\/1151652"}],"wp:attachment":[{"href":"https:\/\/www.europesays.com\/de\/wp-json\/wp\/v2\/media?parent=1151651"}],"wp:term":[{"taxonomy":"category","embeddable":true,"href":"https:\/\/www.europesays.com\/de\/wp-json\/wp\/v2\/categories?post=1151651"},{"taxonomy":"post_tag","embeddable":true,"href":"https:\/\/www.europesays.com\/de\/wp-json\/wp\/v2\/tags?post=1151651"}],"curies":[{"name":"wp","href":"https:\/\/api.w.org\/{rel}","templated":true}]}}