{"id":1151805,"date":"2026-07-08T12:43:22","date_gmt":"2026-07-08T12:43:22","guid":{"rendered":"https:\/\/www.europesays.com\/de\/1151805\/"},"modified":"2026-07-08T12:43:22","modified_gmt":"2026-07-08T12:43:22","slug":"weniger-gewinn-bei-hamburgs-staedtischer-wohnungsgesellschaft-saga","status":"publish","type":"post","link":"https:\/\/www.europesays.com\/de\/1151805\/","title":{"rendered":"Weniger Gewinn bei Hamburgs st\u00e4dtischer Wohnungsgesellschaft SAGA"},"content":{"rendered":"<p>        <img decoding=\"async\" src=\"https:\/\/www.europesays.com\/de\/wp-content\/uploads\/2026\/07\/saga196.webp\" alt=\"Das Logo der SAGA ist an der Gesch\u00e4ftsstelle Eimsb\u00fcttel zu sehen.\" title=\"Das Logo der SAGA ist an der Gesch\u00e4ftsstelle Eimsb\u00fcttel zu sehen. | picture alliance\/dpa, Daniel Reinhardt\" class=\"responsive\"\/><\/p>\n<p>AUDIO: Jahresbilanz der SAGA  (1 Min)<\/p>\n<p>\n                Stand: 08.07.2026 14:35 Uhr<\/p>\n<p class=\"preface\">Nach einem Rekordjahr ist der Gewinn von Hamburgs gr\u00f6\u00dfter Wohnungsgesellschaft SAGA 2025 deutlich gesunken. Das Unternehmen begann im vergangenen Jahr mit dem Bau von 1.100 Wohnungen.<\/p>\n<p class=\"\">Der Jahres\u00fcberschuss lag zwar \u00fcber dem Plan bei 238,1 Millionen Euro, das entsprach aber dennoch einem Minus um 16 Prozent im Vergleich zu 2024. Dass das Ergebnis im Jahresvergleich schlechter ausfiel, hing damit zusammen, dass 2024 f\u00fcr die SAGA ein Ausnahmejahr war. R\u00fcckstellungen wurden damals nicht gebraucht und konnten aufgel\u00f6st werden.<\/p>\n<p class=\"\">Das st\u00e4dtische Unternehmen sch\u00fcttete 2025 &#8211; wie schon im Jahr zuvor &#8211; 150 Millionen Euro an die Stadt aus. Die SAGA vermietet in Hamburg rund 140.000 Wohnungen und mehr als 1.500 Gewerbeobjekte. Im vergangenen Jahr begann das Unternehmen mit dem Bau von 1.100 Wohnungen, 550 Einheiten wurden fertiggestellt. Insgesamt sind aktuell 2.800 SAGA-Wohnungen in Bau.<\/p>\n<p>    SAGA kauft insolvente Wohnbau-Projekte<\/p>\n<p class=\"\">&#8222;Wir kriegen immer mehr Angebote, da sind auch Insolvenzen dabei&#8220;, sagte SAGA-Vorstandssprecher Thomas Krebs. &#8222;Wir profitieren davon, weil uns das erm\u00f6glicht, solche gestrandeten Projekte aufzukaufen, die wir dann umplanen auf gef\u00f6rderten Wohnungsbau.&#8220;<\/p>\n<p class=\"\">Mit Zusch\u00fcssen der Stadt entstehen so Sozialwohnungen. Die Durchschnittskaltmiete der SAGA-Wohnungen liegt bei 7,56 Euro pro Quadratmeter. Unter anderem deshalb bleiben SAGA-Mieterinnen und -Mieter durchschnittlich 22 Jahre in ihrer Wohnung.<\/p>\n<p>        <img decoding=\"async\" src=\"https:\/\/www.europesays.com\/de\/wp-content\/uploads\/2026\/04\/kiezkante-102.webp\" alt=\"Spatenstich f\u00fcr das Bauprojekt &quot;Kiezkante&quot; in Hamburg.\" title=\"Spatenstich f\u00fcr das Bauprojekt &quot;Kiezkante&quot; in Hamburg. | NDR, Lennart Wichmann\" class=\"responsive\" loading=\"lazy\"\/><\/p>\n<p>Zw\u00f6lf Jahre nach dem Abriss der sogenannten Esso-H\u00e4user wird jetzt auf der riesigen Baul\u00fccke auf dem Hamburger Kiez gearbeitet.<\/p>\n<p>        <img decoding=\"async\" src=\"https:\/\/www.europesays.com\/de\/wp-content\/uploads\/2026\/04\/holstenareal-102.webp.webp\" alt=\"Das Holsten-Areal in Hamburg-Altona.\" title=\"Das Holsten-Areal in Hamburg-Altona. | Screenshot\" class=\"responsive\" loading=\"lazy\"\/><\/p>\n<p>Nachdem es \u00fcber Jahre ein Spekulationsobjekt war, ist die Zukunft des Holsten-Areals in Hamburg-Altona gekl\u00e4rt. Die Adler Group \u00fcbergab es an die neuen Eigent\u00fcmer.<\/p>\n<p>        <img decoding=\"async\" src=\"https:\/\/www.europesays.com\/de\/wp-content\/uploads\/2026\/07\/wohnungsbau-282.webp\" alt=\"Zwei Baukr\u00e4ne sind an verschiedenen Baustellen in der Hafencity zu sehen.\" title=\"Zwei Baukr\u00e4ne sind an verschiedenen Baustellen in der Hafencity zu sehen. | picture alliance\/dpa | Christian Charisius\" class=\"responsive\" loading=\"lazy\"\/><\/p>\n<p>Die Vereinbarung wurde am Mittwoch im Rathaus unterzeichnet. Bis 2030 sollen 10.000 Baugenehmigungen pro Jahr erm\u00f6glicht werden.<\/p>\n","protected":false},"excerpt":{"rendered":"AUDIO: Jahresbilanz der SAGA (1 Min) Stand: 08.07.2026 14:35 Uhr Nach einem Rekordjahr ist der Gewinn von Hamburgs&hellip;\n","protected":false},"author":2,"featured_media":1151806,"comment_status":"","ping_status":"","sticky":false,"template":"","format":"standard","meta":{"footnotes":"","_share_on_mastodon":"0"},"categories":[1826],"tags":[2217,29,30,5927,692,2190,42346,2298,626,37084,5728],"class_list":["post-1151805","post","type-post","status-publish","format-standard","has-post-thumbnail","category-hamburg","tag-bilanz","tag-deutschland","tag-germany","tag-gewinn","tag-hamburg","tag-neubau","tag-saga","tag-vermieter","tag-wohnung","tag-wohnungsgenossenschaft","tag-wohnungsmarkt"],"share_on_mastodon":{"url":"https:\/\/pubeurope.com\/@de\/116884420196258609","error":""},"_links":{"self":[{"href":"https:\/\/www.europesays.com\/de\/wp-json\/wp\/v2\/posts\/1151805","targetHints":{"allow":["GET"]}}],"collection":[{"href":"https:\/\/www.europesays.com\/de\/wp-json\/wp\/v2\/posts"}],"about":[{"href":"https:\/\/www.europesays.com\/de\/wp-json\/wp\/v2\/types\/post"}],"author":[{"embeddable":true,"href":"https:\/\/www.europesays.com\/de\/wp-json\/wp\/v2\/users\/2"}],"replies":[{"embeddable":true,"href":"https:\/\/www.europesays.com\/de\/wp-json\/wp\/v2\/comments?post=1151805"}],"version-history":[{"count":0,"href":"https:\/\/www.europesays.com\/de\/wp-json\/wp\/v2\/posts\/1151805\/revisions"}],"wp:featuredmedia":[{"embeddable":true,"href":"https:\/\/www.europesays.com\/de\/wp-json\/wp\/v2\/media\/1151806"}],"wp:attachment":[{"href":"https:\/\/www.europesays.com\/de\/wp-json\/wp\/v2\/media?parent=1151805"}],"wp:term":[{"taxonomy":"category","embeddable":true,"href":"https:\/\/www.europesays.com\/de\/wp-json\/wp\/v2\/categories?post=1151805"},{"taxonomy":"post_tag","embeddable":true,"href":"https:\/\/www.europesays.com\/de\/wp-json\/wp\/v2\/tags?post=1151805"}],"curies":[{"name":"wp","href":"https:\/\/api.w.org\/{rel}","templated":true}]}}