{"id":1151893,"date":"2026-07-08T13:31:18","date_gmt":"2026-07-08T13:31:18","guid":{"rendered":"https:\/\/www.europesays.com\/de\/1151893\/"},"modified":"2026-07-08T13:31:18","modified_gmt":"2026-07-08T13:31:18","slug":"nato-gipfel-solange-trump-regiert-wird-er-europa-bedraengen-meinung","status":"publish","type":"post","link":"https:\/\/www.europesays.com\/de\/1151893\/","title":{"rendered":"Nato-Gipfel: Solange Trump regiert, wird er Europa bedr\u00e4ngen &#8211; Meinung"},"content":{"rendered":"<p data-manual=\"paragraph\" data-schema-org-speakable=\"true\" class=\"css-1ygz9cx\">Jedes Jahr im Sommer, aber nicht nur dann, wiederholt sich das Beziehungsdrama zwischen <a href=\"https:\/\/www.sueddeutsche.de\/thema\/Donald_Trump\" rel=\"nofollow noopener\" target=\"_blank\">Donald Trump<\/a> und seinen europ\u00e4ischen Verb\u00fcndeten. Jedes Jahr versuchen die gewesenen Freunde und Gerade-noch-Partner aus Europa, den vollst\u00e4ndigen Bruch mit dem US-Pr\u00e4sidenten im Verteidigungsb\u00fcndnis <a href=\"https:\/\/www.sueddeutsche.de\/thema\/Nato\" rel=\"nofollow noopener\" target=\"_blank\">Nato<\/a> abzuwenden. Im vergangenen Jahr sollte ein Versprechen der Europ\u00e4er in der Nato, f\u00fcnf Prozent ihrer Wirtschaftsleistung f\u00fcr Verteidigung auszugeben, die transatlantische Allianz retten, was gerade noch gelang.<\/p>\n","protected":false},"excerpt":{"rendered":"Jedes Jahr im Sommer, aber nicht nur dann, wiederholt sich das Beziehungsdrama zwischen Donald Trump und seinen europ\u00e4ischen&hellip;\n","protected":false},"author":2,"featured_media":1151894,"comment_status":"","ping_status":"","sticky":false,"template":"","format":"standard","meta":{"footnotes":"","_share_on_mastodon":"0"},"categories":[3933],"tags":[331,332,147,106,548,663,158,3934,3935,452,13,345,148,4543,3074,14,6000,1159,15,12,37142,149,64],"class_list":["post-1151893","post","type-post","status-publish","format-standard","has-post-thumbnail","category-eu","tag-aktuelle-nachrichten","tag-aktuelle-news","tag-ausland","tag-donald-trump","tag-eu","tag-europa","tag-europaeische-union","tag-europe","tag-european-union","tag-groenland","tag-headlines","tag-iran","tag-leserdiskussion","tag-mark-rutte","tag-meinung","tag-nachrichten","tag-nahost","tag-nato","tag-news","tag-schlagzeilen","tag-skandinavien","tag-sueddeutsche-zeitung","tag-usa"],"share_on_mastodon":{"url":"https:\/\/pubeurope.com\/@de\/116884608459979222","error":""},"_links":{"self":[{"href":"https:\/\/www.europesays.com\/de\/wp-json\/wp\/v2\/posts\/1151893","targetHints":{"allow":["GET"]}}],"collection":[{"href":"https:\/\/www.europesays.com\/de\/wp-json\/wp\/v2\/posts"}],"about":[{"href":"https:\/\/www.europesays.com\/de\/wp-json\/wp\/v2\/types\/post"}],"author":[{"embeddable":true,"href":"https:\/\/www.europesays.com\/de\/wp-json\/wp\/v2\/users\/2"}],"replies":[{"embeddable":true,"href":"https:\/\/www.europesays.com\/de\/wp-json\/wp\/v2\/comments?post=1151893"}],"version-history":[{"count":0,"href":"https:\/\/www.europesays.com\/de\/wp-json\/wp\/v2\/posts\/1151893\/revisions"}],"wp:featuredmedia":[{"embeddable":true,"href":"https:\/\/www.europesays.com\/de\/wp-json\/wp\/v2\/media\/1151894"}],"wp:attachment":[{"href":"https:\/\/www.europesays.com\/de\/wp-json\/wp\/v2\/media?parent=1151893"}],"wp:term":[{"taxonomy":"category","embeddable":true,"href":"https:\/\/www.europesays.com\/de\/wp-json\/wp\/v2\/categories?post=1151893"},{"taxonomy":"post_tag","embeddable":true,"href":"https:\/\/www.europesays.com\/de\/wp-json\/wp\/v2\/tags?post=1151893"}],"curies":[{"name":"wp","href":"https:\/\/api.w.org\/{rel}","templated":true}]}}