{"id":1151928,"date":"2026-07-08T13:50:19","date_gmt":"2026-07-08T13:50:19","guid":{"rendered":"https:\/\/www.europesays.com\/de\/1151928\/"},"modified":"2026-07-08T13:50:19","modified_gmt":"2026-07-08T13:50:19","slug":"illegaler-lehrerparkplatz-in-dortmund-behoerden-pruefen-geldfluesse","status":"publish","type":"post","link":"https:\/\/www.europesays.com\/de\/1151928\/","title":{"rendered":"Illegaler Lehrerparkplatz in Dortmund: Beh\u00f6rden pr\u00fcfen Geldfl\u00fcsse"},"content":{"rendered":"<p>\t\tLehrer nutzten Parkplatz seit Jahrzehnten illegal<br \/>\n\t\t\t\t\tBeh\u00f6rden pr\u00fcfen jetzt auch die Geldfl\u00fcsse<\/p>\n<p>\t\t<img alt=\"\" src=\"https:\/\/www.europesays.com\/de\/wp-content\/uploads\/2025\/04\/630_0036_569218_.jpg\"  class=\"avatar avatar-36 photo avatar-default\" height=\"36\" width=\"36\" loading=\"eager\" decoding=\"async\"\/>\t\t<a class=\"article-author__name\" href=\"https:\/\/www.ruhrnachrichten.de\/author\/jens-ostrowski\/\" rel=\"author nofollow noopener\" target=\"_blank\">Jens Ostrowski<\/a><br \/>\n\t\tChefredakteur<\/p>\n<p>    <a href=\"https:\/\/www.ruhrnachrichten.de\/wp-content\/uploads\/2026\/07\/08\/13\/630_0900_6491842_-1648x824.jpg\" rel=\"nofollow noopener\" target=\"_blank\"><\/p>\n<p>            <img loading=\"lazy\" decoding=\"async\" src=\"https:\/\/www.europesays.com\/de\/wp-content\/uploads\/2026\/07\/630_0900_6491839_-640x428.jpg\" width=\"640\" height=\"428\"  alt=\"Parkplatz an der Gronaustra\u00dfe Dortmund\"\/><\/p>\n<p>    <\/a><br \/>\n    Der Sicherheitsdienst kontrollierte morgens die Zufahrt zum Parkplatz an der Gronaustra\u00dfe. Lehrkr\u00e4fte mit Parkausweis durften passieren, Sch\u00fclerinnen und Sch\u00fcler wurden abgewiesen. Nach Angaben der Stadt Dortmund wurde der Einsatz inzwischen untersagt. \u00a9 Leopold Achilles<\/p>\n<p class=\"article__teaser-text\">Beh\u00f6rden pr\u00fcfen nun auch die Geldfl\u00fcsse beim Lehrerparkplatz am Br\u00fcgmann-Block \u2013 nach Nachfragen unserer Redaktion zu Vertrag, Abrechnungen und Konten.<\/p>\n<p>3 Min Lesezeit<\/p>\n<p>Lehrer in der Verantwortung\u201eJuristisch komplex\u201cStadt kennt Vertrag nicht<\/p>\n","protected":false},"excerpt":{"rendered":"Lehrer nutzten Parkplatz seit Jahrzehnten illegal Beh\u00f6rden pr\u00fcfen jetzt auch die Geldfl\u00fcsse Jens Ostrowski Chefredakteur Der Sicherheitsdienst kontrollierte&hellip;\n","protected":false},"author":2,"featured_media":1151929,"comment_status":"","ping_status":"","sticky":false,"template":"","format":"standard","meta":{"footnotes":"","_share_on_mastodon":"0"},"categories":[1833],"tags":[36909,3364,29,217,30,3648,1209],"class_list":["post-1151928","post","type-post","status-publish","format-standard","has-post-thumbnail","category-dortmund","tag-berufskolleg","tag-de","tag-deutschland","tag-dortmund","tag-germany","tag-lokalpolitik","tag-nordrhein-westfalen"],"share_on_mastodon":{"url":"https:\/\/pubeurope.com\/@de\/116884685216517537","error":""},"_links":{"self":[{"href":"https:\/\/www.europesays.com\/de\/wp-json\/wp\/v2\/posts\/1151928","targetHints":{"allow":["GET"]}}],"collection":[{"href":"https:\/\/www.europesays.com\/de\/wp-json\/wp\/v2\/posts"}],"about":[{"href":"https:\/\/www.europesays.com\/de\/wp-json\/wp\/v2\/types\/post"}],"author":[{"embeddable":true,"href":"https:\/\/www.europesays.com\/de\/wp-json\/wp\/v2\/users\/2"}],"replies":[{"embeddable":true,"href":"https:\/\/www.europesays.com\/de\/wp-json\/wp\/v2\/comments?post=1151928"}],"version-history":[{"count":0,"href":"https:\/\/www.europesays.com\/de\/wp-json\/wp\/v2\/posts\/1151928\/revisions"}],"wp:featuredmedia":[{"embeddable":true,"href":"https:\/\/www.europesays.com\/de\/wp-json\/wp\/v2\/media\/1151929"}],"wp:attachment":[{"href":"https:\/\/www.europesays.com\/de\/wp-json\/wp\/v2\/media?parent=1151928"}],"wp:term":[{"taxonomy":"category","embeddable":true,"href":"https:\/\/www.europesays.com\/de\/wp-json\/wp\/v2\/categories?post=1151928"},{"taxonomy":"post_tag","embeddable":true,"href":"https:\/\/www.europesays.com\/de\/wp-json\/wp\/v2\/tags?post=1151928"}],"curies":[{"name":"wp","href":"https:\/\/api.w.org\/{rel}","templated":true}]}}