{"id":1152052,"date":"2026-07-08T14:59:14","date_gmt":"2026-07-08T14:59:14","guid":{"rendered":"https:\/\/www.europesays.com\/de\/1152052\/"},"modified":"2026-07-08T14:59:14","modified_gmt":"2026-07-08T14:59:14","slug":"duisburg-hier-gab-es-die-meisten-verkehrsunfaelle-2025-laut-unfallatlas","status":"publish","type":"post","link":"https:\/\/www.europesays.com\/de\/1152052\/","title":{"rendered":"Duisburg: Hier gab es die meisten Verkehrsunf\u00e4lle 2025 laut Unfallatlas"},"content":{"rendered":"<p class=\"text_ohne_einzug richtext text-em-55 !leading-serif mx-6 desktop:mx-0\">Etwa alle halbe Stunde gab es 2025 in <a href=\"https:\/\/rp-online.de\/thema\/duisburg\/\" rel=\"nofollow noopener\" target=\"_blank\">Duisburg<\/a> einen Verkehrsunfall. Das verriet bereits der Anfang Februar ver\u00f6ffentlichte Verkehrsbericht der Duisburger Polizei f\u00fcr das Vorjahr. Sie z\u00e4hlte insgesamt 16.959 Unf\u00e4lle auf den Stra\u00dfen im Stadtgebiet. Welche Ecken in der Stadt besonders unsicher sind, verr\u00e4t der <a href=\"https:\/\/unfallatlas.statistikportal.de\/\" target=\"_blank\" rel=\"nofollow noopener\">Unfallatlas<\/a>, der die Unf\u00e4lle mit Personensch\u00e4den punktgenau auf einer Karte anzeigt.<\/p>\n","protected":false},"excerpt":{"rendered":"Etwa alle halbe Stunde gab es 2025 in Duisburg einen Verkehrsunfall. Das verriet bereits der Anfang Februar ver\u00f6ffentlichte&hellip;\n","protected":false},"author":2,"featured_media":1152053,"comment_status":"","ping_status":"","sticky":false,"template":"","format":"standard","meta":{"footnotes":"","_share_on_mastodon":"0"},"categories":[1838],"tags":[78908,48,3364,29,3715,30,9907,1209,2624,32679,14734,8682],"class_list":["post-1152052","post","type-post","status-publish","format-standard","has-post-thumbnail","category-duisburg","tag-unfallatlas","tag-48","tag-de","tag-deutschland","tag-duisburg","tag-germany","tag-insgesamt","tag-nordrhein-westfalen","tag-unfaelle","tag-unfaellen","tag-vorfaelle","tag-xxx"],"share_on_mastodon":{"url":"https:\/\/pubeurope.com\/@de\/116884954606093849","error":""},"_links":{"self":[{"href":"https:\/\/www.europesays.com\/de\/wp-json\/wp\/v2\/posts\/1152052","targetHints":{"allow":["GET"]}}],"collection":[{"href":"https:\/\/www.europesays.com\/de\/wp-json\/wp\/v2\/posts"}],"about":[{"href":"https:\/\/www.europesays.com\/de\/wp-json\/wp\/v2\/types\/post"}],"author":[{"embeddable":true,"href":"https:\/\/www.europesays.com\/de\/wp-json\/wp\/v2\/users\/2"}],"replies":[{"embeddable":true,"href":"https:\/\/www.europesays.com\/de\/wp-json\/wp\/v2\/comments?post=1152052"}],"version-history":[{"count":0,"href":"https:\/\/www.europesays.com\/de\/wp-json\/wp\/v2\/posts\/1152052\/revisions"}],"wp:featuredmedia":[{"embeddable":true,"href":"https:\/\/www.europesays.com\/de\/wp-json\/wp\/v2\/media\/1152053"}],"wp:attachment":[{"href":"https:\/\/www.europesays.com\/de\/wp-json\/wp\/v2\/media?parent=1152052"}],"wp:term":[{"taxonomy":"category","embeddable":true,"href":"https:\/\/www.europesays.com\/de\/wp-json\/wp\/v2\/categories?post=1152052"},{"taxonomy":"post_tag","embeddable":true,"href":"https:\/\/www.europesays.com\/de\/wp-json\/wp\/v2\/tags?post=1152052"}],"curies":[{"name":"wp","href":"https:\/\/api.w.org\/{rel}","templated":true}]}}