{"id":1152229,"date":"2026-07-08T16:39:16","date_gmt":"2026-07-08T16:39:16","guid":{"rendered":"https:\/\/www.europesays.com\/de\/1152229\/"},"modified":"2026-07-08T16:39:16","modified_gmt":"2026-07-08T16:39:16","slug":"volksbank-duesseldorf-krefeld-neuss-fusion-ist-beschlossen","status":"publish","type":"post","link":"https:\/\/www.europesays.com\/de\/1152229\/","title":{"rendered":"Volksbank D\u00fcsseldorf Krefeld Neuss: Fusion ist beschlossen"},"content":{"rendered":"<p class=\"text_ohne_einzug richtext text-em-55 !leading-serif mx-6 desktop:mx-0\"> Jene Zusammenkunft, die eine Z\u00e4sur in der 145-j\u00e4hrigen Geschichte der <a href=\"https:\/\/rp-online.de\/thema\/volksbank\/\" rel=\"nofollow noopener\" target=\"_blank\">Volksbank<\/a> D\u00fcsseldorf <a href=\"https:\/\/rp-online.de\/thema\/neuss\/\" rel=\"nofollow noopener\" target=\"_blank\">Neuss<\/a> bedeutet, muss man sich als harmonischen Abend vorstellen. 7. Juli, das Zeughaus in Neuss, die Vertreterversammlung der Volksbank. Knapp 100 Menschen aus dem obersten Organ der Genossenschaftsbank kamen zusammen, um \u00fcber die Fusion mit der Volksbank <a href=\"https:\/\/rp-online.de\/thema\/krefeld\/\" rel=\"nofollow noopener\" target=\"_blank\">Krefeld<\/a> abzustimmen. Das Ergebnis fiel eindeutig aus.<\/p>\n","protected":false},"excerpt":{"rendered":"Jene Zusammenkunft, die eine Z\u00e4sur in der 145-j\u00e4hrigen Geschichte der Volksbank D\u00fcsseldorf Neuss bedeutet, muss man sich als&hellip;\n","protected":false},"author":2,"featured_media":1152230,"comment_status":"","ping_status":"","sticky":false,"template":"","format":"standard","meta":{"footnotes":"","_share_on_mastodon":"0"},"categories":[1831],"tags":[3364,11351,13395,29,3405,25560,30,5982,241862,3479,239628,10430,1209],"class_list":["post-1152229","post","type-post","status-publish","format-standard","has-post-thumbnail","category-duesseldorf","tag-de","tag-denkmal","tag-details","tag-deutschland","tag-duesseldorf","tag-fusion","tag-germany","tag-infos","tag-kiabi","tag-krefeld","tag-mellis","tag-neuss","tag-nordrhein-westfalen"],"share_on_mastodon":{"url":"https:\/\/pubeurope.com\/@de\/116885347653830244","error":""},"_links":{"self":[{"href":"https:\/\/www.europesays.com\/de\/wp-json\/wp\/v2\/posts\/1152229","targetHints":{"allow":["GET"]}}],"collection":[{"href":"https:\/\/www.europesays.com\/de\/wp-json\/wp\/v2\/posts"}],"about":[{"href":"https:\/\/www.europesays.com\/de\/wp-json\/wp\/v2\/types\/post"}],"author":[{"embeddable":true,"href":"https:\/\/www.europesays.com\/de\/wp-json\/wp\/v2\/users\/2"}],"replies":[{"embeddable":true,"href":"https:\/\/www.europesays.com\/de\/wp-json\/wp\/v2\/comments?post=1152229"}],"version-history":[{"count":0,"href":"https:\/\/www.europesays.com\/de\/wp-json\/wp\/v2\/posts\/1152229\/revisions"}],"wp:featuredmedia":[{"embeddable":true,"href":"https:\/\/www.europesays.com\/de\/wp-json\/wp\/v2\/media\/1152230"}],"wp:attachment":[{"href":"https:\/\/www.europesays.com\/de\/wp-json\/wp\/v2\/media?parent=1152229"}],"wp:term":[{"taxonomy":"category","embeddable":true,"href":"https:\/\/www.europesays.com\/de\/wp-json\/wp\/v2\/categories?post=1152229"},{"taxonomy":"post_tag","embeddable":true,"href":"https:\/\/www.europesays.com\/de\/wp-json\/wp\/v2\/tags?post=1152229"}],"curies":[{"name":"wp","href":"https:\/\/api.w.org\/{rel}","templated":true}]}}