{"id":1152307,"date":"2026-07-08T17:27:19","date_gmt":"2026-07-08T17:27:19","guid":{"rendered":"https:\/\/www.europesays.com\/de\/1152307\/"},"modified":"2026-07-08T17:27:19","modified_gmt":"2026-07-08T17:27:19","slug":"preussens-neuzugang-johansson-zum-auftakt-gegen-den-ex-club-sport","status":"publish","type":"post","link":"https:\/\/www.europesays.com\/de\/1152307\/","title":{"rendered":"Preu\u00dfens Neuzugang Johansson: Zum Auftakt gegen den Ex-Club | Sport"},"content":{"rendered":"<p><a class=\"skip-content skip-content--link\" href=\"#in-content-skip-link-target-v-0-0\">TTS-Player \u00fcberspringen\u21b5<\/a><a id=\"in-content-skip-link-target-v-0-0\" class=\"skip-content--target-link-hidden skip-content skip-content--target-link\" href=\"#in-content-skip-link-target-v-0-0\">Artikel weiterlesen<\/a><\/p>\n<p data-21134c99=\"0-4334\">Knapp einen Monat dauert&#8217;s noch, bis M\u00fcnsters Drittliga-Kicker endlich in ihre neue Saison (7.8.\/8.8.) starten. Und zwar wunschgem\u00e4\u00df mit einem Ausw\u00e4rtsspiel, damit der Stadion-Umbau an der Hammer Stra\u00dfe etwas weiter fortschreiten kann. F\u00fcr einen \u201eAdlertr\u00e4ger\u201c h\u00e4lt die Ansetzung des ersten Spieltages sofort eine besondere Herausforderung parat&#8230;<\/p>\n<p data-21134c99=\"0-4334\"><b>Neu-Preu\u00dfe Johansson. Zum Auftakt gegen den Ex-Club!<\/b><\/p>\n<p data-21134c99=\"0-4334\">Dass er so schnell wieder auf seine ehemaligen Team-Kollegen treffen w\u00fcrde, damit hatte Ryan Johansson (25) sicherlich nicht gerechnet. Doch der Luxemburger mit irischen Wurzeln muss direkt zum Auftakt der kommenden Spielzeit zur\u00fcck an alte Wirkungsst\u00e4tte \u2013 zum SV Wehen Wiesbaden. Das ergab der neue Spielplan des Deutschen Fu\u00dfball-Bundes (DFB), der am Mittwoch ver\u00f6ffentlicht wurde. Vor seinem Wechsel zu den \u201eSchwarz-Wei\u00df-Gr\u00fcnen\u201c trug der offensive Mittelfeldspieler zwei Jahre lang das Trikot des Hessen-Klubs. 72 Eins\u00e4tze und f\u00fcnf Tore lautet seine Bilanz. <\/p>\n<p data-21134c99=\"0-4334\"><b>Abgehakt! Jetzt will und muss er versuchen, mit den Preu\u00dfen dort drei wichtige Punkte einzufahren. 16-mal trafen M\u00fcnster und Wiesbaden in der Drittliga-Vergangenheit schon aufeinander. F\u00fcnfmal ging der SV Wehen als Sieger hervor, w\u00e4hrend die Preu\u00dfen vier Siege f\u00fcr sich verbuchen konnten. Sieben Partien endeten unentschieden. Keine Frage \u2013 gleich zu Beginn eine echte Standortbestimmung f\u00fcr das Team von Neu-Trainer Thomas W\u00f6rle (44).<\/b><\/p>\n<p><img decoding=\"async\" width=\"992\" height=\"558\" alt=\"Ex-Preu\u00dfen-Kapit\u00e4n Jorrit Hendrix (r.) tritt mit Fortuna D\u00fcsseldorf an einem Mittwochabend in M\u00fcnster an\" loading=\"lazy\" src=\"https:\/\/www.europesays.com\/de\/wp-content\/uploads\/2026\/07\/6cdd54fa0f7341cd7ae035db8151bf90,90588d47.jpeg\"   class=\"landscape\"\/><\/p>\n<p class=\"fig__caption__text\">Ex-Preu\u00dfen-Kapit\u00e4n Jorrit Hendrix (r.) tritt mit Fortuna D\u00fcsseldorf an einem Mittwochabend in M\u00fcnster an<\/p>\n<p>Foto: picture alliance\/BEAUTIFUL SPORTS<\/p>\n<p data-21134c99=\"0-4334\"><b>Hochspannung verspricht auch der \u201egoldene Oktober\u201c. Erst geht&#8217;s am 8. Spieltag daheim gegen Erz-Rivale Rot-Weiss Essen (10.10.),  ehe wenige Tage sp\u00e4ter \u2013 am ersten Wochenspieltag der Hinserie \u2013 die D\u00fcsseldorfer Fortuna im LVM-Stadion antreten muss. Mit Ex-Coach Alexander Ende (46) und den ehemaligen Preu\u00dfen-Profis Jorrit Hendrix (31) und Yassine Bouchama (29). <\/b><\/p>\n<p data-21134c99=\"0-4334\">Nicht minder interessant das Wiedersehen mit Sascha Hildmann (54). Durch seinen Doppelaufstieg von der 4. bis rauf in die 2. Liga wurde er zum erfolgreichsten Trainer in M\u00fcnsters langer Vereinsgeschichte. Inzwischen sitzt er jedoch auf der Bank von Jahn Regensburg. Und ist am 5. Dezember, im vorletzten Ausw\u00e4rtsspiel des Jahres 2026, Gastgeber der Preu\u00dfen. Mit 589 Kilometern bedeutet Regensburg im \u00dcbrigen die weiteste Reise f\u00fcr die Westfalen und ihre Fans in dieser 3. Liga.<\/p>\n<p data-21134c99=\"0-4334\"><b>Preu\u00dfens Hinrunden-Spielplan im \u00dcberblick:<\/b><\/p>\n<p data-21134c99=\"0-4334\"><b>1. Spieltag <\/b>(7.8.\/8.8.\/Sa.): <b>Wehen Wiesbaden<\/b> \u2013 Preu\u00dfen M\u00fcnster; <b>2. Spieltag<\/b> (15.8.\/Sa.): Preu\u00dfen M\u00fcnster \u2013 <b>Ingolstadt; 3. Spieltag <\/b>(29.8.\/Sa.): <b>Viktoria K\u00f6ln <\/b>\u2013 Preu\u00dfen M\u00fcnster; <b>4. Spieltag <\/b>(5.9.\/Sa.): Preu\u00dfen M\u00fcnster \u2013 <b>TSV Havelse; 5. Spieltag <\/b>(12.9.\/Sa.): <b>VfB Stuttgart II <\/b>\u2013 Preu\u00dfen M\u00fcnster; <b>6. Spieltag<\/b> (16.9.\/Mi.): Preu\u00dfen M\u00fcnster \u2013 <b>1. FC Saarbr\u00fccken;<\/b> <b>7. Spieltag <\/b>(19.9.\/Sa.): <b>Waldhof Mannheim <\/b>\u2013 Preu\u00dfen M\u00fcnster; <b>8. Spieltag <\/b>(10.10.\/Sa.): Preu\u00dfen M\u00fcnster \u2013 <b>Rot-Weiss Essen;<\/b> <b>9. Spieltag <\/b>(14.10.\/Mi.): Preu\u00dfen M\u00fcnster \u2013 <b>Fortuna D\u00fcsseldorf;<\/b> <b>10. Spieltag <\/b>(17.10.\/Sa.): <b>Gro\u00dfaspach <\/b>\u2013 Preu\u00dfen M\u00fcnster; <b>11. Spieltag <\/b>(24.10.\/Sa.): Preu\u00dfen M\u00fcnster \u2013 <b>Fortuna K\u00f6ln<\/b>; <b>12. Spieltag <\/b>(31.10.\/Sa.): <b>Alemannia Aachen<\/b> \u2013 Preu\u00dfen M\u00fcnster; <b>13. Spieltag <\/b>(7.11.\/Sa.): Preu\u00dfen M\u00fcnster \u2013 <b>MSV Duisburg<\/b>; <b>14. Spieltag <\/b>(21.11.\/Sa.): <b>TSG Hoffenheim II<\/b> \u2013 Preu\u00dfen M\u00fcnster; <b>15. Spieltag (<\/b>28.11.\/Sa.): Preu\u00dfen M\u00fcnster \u2013 <b>SC Verl<\/b>;  <b>16. Spieltag <\/b>(5.12.\/Sa.): <b>Jahn Regensburg<\/b> \u2013 Preu\u00dfen M\u00fcnster; <b>17. Spieltag <\/b>(12.12.\/Sa.): Preu\u00dfen M\u00fcnster \u2013 <b>SV Meppen<\/b>; <b>18. Spieltag<\/b> (19.12.\/Sa.): Hansa Rostock \u2013 <b>Preu\u00dfen M\u00fcnster<\/b>; 19. Spieltag (16.1.\/Sa.): Preu\u00dfen M\u00fcnster \u2013 <b>W\u00fcrzburger Kickers.  Die R\u00fcckrunde beginnt am 23. Januar 2027 und endet am 22. Mai 2027<\/b><\/p>\n<p><img decoding=\"async\" width=\"992\" height=\"1178\" alt=\"Der Mann am Mikro \u2013 Lucas Zeller! M\u00fcnsters Neuzugang war jetzt zu Gast im Podcast \u201ePreu\u00dfen Privat\u201c\" loading=\"lazy\" src=\"https:\/\/www.europesays.com\/de\/wp-content\/uploads\/2026\/07\/09ca5604df359fe7cd32792de35fab42,b9b84e70.jpeg\"   class=\"portrait\"\/><\/p>\n<p class=\"fig__caption__text\">Der Mann am Mikro \u2013 Lucas Zeller! M\u00fcnsters Neuzugang war jetzt zu Gast im Podcast \u201ePreu\u00dfen Privat\u201c<\/p>\n<p>Foto: Privat<\/p>\n<p data-21134c99=\"0-4334\"><b>\u25cf Achtung! Am Donnerstagmorgen (0:00 Uhr) geht die neue Folge vom beliebten Insider-Podcast \u201ePreu\u00dfen Privat\u201c aus der kultigen Bode-Stadionloge \u201eon air\u201c. Mit einem spannenden Gast \u2013 Neuzugang Lucas Zeller (26). Der baumlange Innenverteidiger erz\u00e4hlt darin unter anderem \u00fcber seine Jugend in Frankfurt, die \u201eRivalit\u00e4t\u201c zu Kickers Offenbach, seine schwierige Zeit im Nachwuchs von Hannover 96 und kl\u00e4rt zudem auf, was \u201eSchn\u00fcdel\u201c bedeutet. Dar\u00fcber hinaus spricht er \u00fcber seine Ziele mit den Preu\u00dfen und die ersten Eindr\u00fccke von seiner neuen Wahlheimat M\u00fcnster. Reinh\u00f6ren lohnt sich. Jederzeit kostenlos abrufbar unter www.preussenprivat.de und \u00fcberall dort, wo es gute Podcasts gibt.<\/b><\/p>\n","protected":false},"excerpt":{"rendered":"TTS-Player \u00fcberspringen\u21b5Artikel weiterlesen Knapp einen Monat dauert&#8217;s noch, bis M\u00fcnsters Drittliga-Kicker endlich in ihre neue Saison (7.8.\/8.8.) starten.&hellip;\n","protected":false},"author":2,"featured_media":1152308,"comment_status":"","ping_status":"","sticky":false,"template":"","format":"standard","meta":{"footnotes":"","_share_on_mastodon":"0"},"categories":[1843],"tags":[995,7658,7659,7654,3364,29,481,5085,996,30,7662,7661,8970,7653,1209,7655,7650,7651,146676,7656,25554,819,7657,7652,22506],"class_list":["post-1152307","post","type-post","status-publish","format-standard","has-post-thumbnail","category-muenster","tag-3-liga","tag-alsmann-goetz","tag-brinkmann-ansgar","tag-daube-dennis","tag-de","tag-deutschland","tag-dfb","tag-dfl","tag-dritte-liga","tag-germany","tag-hendrix-jorrit","tag-mees-joshua","tag-muenster","tag-niemeyer-peter","tag-nordrhein-westfalen","tag-pander-christian","tag-preussen-muenster","tag-preussenstadion","tag-remberg-nicolai","tag-schuth-joachim","tag-schwartz-alois","tag-sport-leuchtturm-essen","tag-sport-bild","tag-straesser-christoph","tag-sv-wehen-wiesbaden"],"share_on_mastodon":{"url":"https:\/\/pubeurope.com\/@de\/116885538613385878","error":""},"_links":{"self":[{"href":"https:\/\/www.europesays.com\/de\/wp-json\/wp\/v2\/posts\/1152307","targetHints":{"allow":["GET"]}}],"collection":[{"href":"https:\/\/www.europesays.com\/de\/wp-json\/wp\/v2\/posts"}],"about":[{"href":"https:\/\/www.europesays.com\/de\/wp-json\/wp\/v2\/types\/post"}],"author":[{"embeddable":true,"href":"https:\/\/www.europesays.com\/de\/wp-json\/wp\/v2\/users\/2"}],"replies":[{"embeddable":true,"href":"https:\/\/www.europesays.com\/de\/wp-json\/wp\/v2\/comments?post=1152307"}],"version-history":[{"count":0,"href":"https:\/\/www.europesays.com\/de\/wp-json\/wp\/v2\/posts\/1152307\/revisions"}],"wp:featuredmedia":[{"embeddable":true,"href":"https:\/\/www.europesays.com\/de\/wp-json\/wp\/v2\/media\/1152308"}],"wp:attachment":[{"href":"https:\/\/www.europesays.com\/de\/wp-json\/wp\/v2\/media?parent=1152307"}],"wp:term":[{"taxonomy":"category","embeddable":true,"href":"https:\/\/www.europesays.com\/de\/wp-json\/wp\/v2\/categories?post=1152307"},{"taxonomy":"post_tag","embeddable":true,"href":"https:\/\/www.europesays.com\/de\/wp-json\/wp\/v2\/tags?post=1152307"}],"curies":[{"name":"wp","href":"https:\/\/api.w.org\/{rel}","templated":true}]}}