{"id":1152383,"date":"2026-07-08T18:09:21","date_gmt":"2026-07-08T18:09:21","guid":{"rendered":"https:\/\/www.europesays.com\/de\/1152383\/"},"modified":"2026-07-08T18:09:21","modified_gmt":"2026-07-08T18:09:21","slug":"fortuna-koeln-startet-gegen-grossaspach-in-die-3-liga","status":"publish","type":"post","link":"https:\/\/www.europesays.com\/de\/1152383\/","title":{"rendered":"Fortuna K\u00f6ln startet gegen Gro\u00dfaspach in die 3. Liga"},"content":{"rendered":"<p>Nach Aufstieg <\/p>\n<p>Fortuna K\u00f6ln startet gegen Gro\u00dfaspach in die 3. Liga<\/p>\n<p>Aktualisiert am 08.07.2026 &#8211; 19:30 UhrLesedauer: 2 Min.<\/p>\n<p><a href=\"#focus-0\" class=\"transition-colors block text-current relative\" data-sctrack=\"FocusGalleryImage.Reference\"><img fetchpriority=\"high\" data-testid=\"Opener.Image\"   loading=\"eager\" src=\"https:\/\/www.europesays.com\/de\/wp-content\/uploads\/2026\/07\/fortuna-koeln-jubelt-der-klub-verlor-in-dieser-saison-kein-einziges-heimspiel.jpg\" alt=\"Fortuna K\u00f6ln jubelt: Der Klub verlor in dieser Saison kein einziges Heimspiel.\" title=\"Fortuna K\u00f6ln jubelt: Der Klub verlor in dieser Saison kein einziges Heimspiel.\" width=\"3628\" height=\"2041\" class=\"bg-[url:var(--lqipURL)] bg-cover bg-center flex h-full w-full max-w-full\" style=\"--lqipURL:url('https:\/\/images.t-online.de\/2026\/05\/a67uZBHQKb9p\/76x471:3628x2041\/fit-in\/150x0\/filters:blur(25)\/fortuna-koeln-jubelt-der-klub-verlor-in-dieser-saison-kein-einziges-heimspiel.jpg')\" decoding=\"async\"\/><img loading=\"lazy\" src=\"https:\/\/koeln.t-online.de\/s\/paper\/_next\/static\/media\/zoom-in.f7dae02f.svg\" alt=\"Vergr\u00f6\u00dfern des Bildes\" title=\"Vergr\u00f6\u00dfern des Bildes\" class=\"block h-[calc(var(--height)_\/_16_*_1rem)] w-[calc(var(--width)_\/_16_*_1rem)] max-w-none absolute right-8 bottom-8 rounded-4 bg-snow p-8\" style=\"--width:32;--height:32\" decoding=\"async\"\/><\/a><\/p>\n<p>Fortuna K\u00f6ln jubelt: Der Klub verlor in dieser Saison kein einziges Heimspiel. (Quelle: IMAGO\/Marco Bader)<\/p>\n<p><img loading=\"lazy\" src=\"https:\/\/koeln.t-online.de\/s\/paper\/_next\/static\/media\/audio-volume.6689034c.svg\" alt=\"\" title=\"\" class=\"block h-[calc(var(--height)_\/_16_*_1rem)] w-[calc(var(--width)_\/_16_*_1rem)] max-w-none group-hover:brightness-0 group-hover:invert\" style=\"--width:16;--height:16\" decoding=\"async\"\/>Vorlesen<\/p>\n<p>Aktuelle Zeit:0:00Gesamtdauer:0:00<\/p>\n<p>1x<\/p>\n<p class=\"text-center\">Jetzt neu bei t-online:<\/p>\n<p class=\"text-center\">Schriftgr\u00f6\u00dfe anpassen!<\/p>\n<p><img loading=\"lazy\" src=\"https:\/\/koeln.t-online.de\/s\/paper\/_next\/static\/media\/font-sizes.32942e33.svg\" alt=\"\" title=\"\" class=\"block h-[calc(var(--height)_\/_16_*_1rem)] w-[calc(var(--width)_\/_16_*_1rem)] max-w-none group-hover:hidden group-aria-expanded:hidden\" style=\"--width:16;--height:16\" decoding=\"async\"\/><img loading=\"lazy\" src=\"https:\/\/koeln.t-online.de\/s\/paper\/_next\/static\/media\/font-sizes-dark-mode.e382645c.svg\" alt=\"\" title=\"\" class=\"block h-[calc(var(--height)_\/_16_*_1rem)] w-[calc(var(--width)_\/_16_*_1rem)] max-w-none hidden group-hover:block group-aria-expanded:block\" style=\"--width:16;--height:16\" decoding=\"async\"\/><img loading=\"lazy\" src=\"https:\/\/koeln.t-online.de\/s\/paper\/_next\/static\/media\/sharing-menu-icon.1eb71368.svg\" alt=\"\" title=\"\" class=\"block h-[calc(var(--height)_\/_16_*_1rem)] w-[calc(var(--width)_\/_16_*_1rem)] max-w-none group-hover:brightness-0 group-hover:invert\" style=\"--width:16;--height:16\" decoding=\"async\"\/>Artikel teilen<\/p>\n<p class=\"font-bold text-18 leading-17 user-text-lg:text-22 user-text-xl:text-24\">Fortuna K\u00f6ln kehrt nach sieben Jahren in den Profifu\u00dfball zur\u00fcck. Nun steht der erste Gegner des Aufsteigers in der 3. Liga fest.<\/p>\n<p class=\"text-18 leading-17 user-text-lg:text-22 user-text-xl:text-24\">Jetzt ist klar, gegen wen <a href=\"https:\/\/www.t-online.de\/themen\/fortuna-koeln\/\" class=\"transition-colors cursor-pointer no-underline md:hover:text-magenta md:focus:text-magenta border-b border-solid border-current text-salemsfur md:hover:border-magenta\" data-tracking=\"{&quot;action&quot;:&quot;click&quot;,&quot;category&quot;:&quot;intextLink&quot;,&quot;label&quot;:&quot;https:\/\/www.t-online.de\/themen\/fortuna-koeln\/&quot;}\" data-sctrack=\"BodyAnchor\" rel=\"nofollow noopener\" target=\"_blank\">Fortuna K\u00f6ln<\/a> am ersten Spieltag der neuen Drittliga-Saison antreten muss. Der Aufsteiger aus der S\u00fcdstadt startet mit einem Ausw\u00e4rtsspiel bei der SG Sonnenhof Gro\u00dfaspach in die Spielzeit 2026\/27. Die Partie ist laut DFB-Datencenter f\u00fcr das Wochenende vom 8. bis 9. August angesetzt.<\/p>\n<p class=\"text-18 leading-17 user-text-lg:text-22 user-text-xl:text-24\">Damit steht f\u00fcr die Fortuna der erste Gegner nach der R\u00fcckkehr in den Profifu\u00dfball fest. Der Klub hatte sich in der vergangenen Saison die Meisterschaft in der Regionalliga West gesichert und damit den Aufstieg in die 3. Liga perfekt gemacht. Nach sieben Jahren ist Fortuna K\u00f6ln nun zur\u00fcck im bundesweiten Profifu\u00dfball.<\/p>\n<ul class=\"text-18 leading-17 block pl-24 *:pb-16 *:before:inline-block *:before:size-8 *:before:bg-magenta *:before:mt-0 *:before:mr-12 *:before:mb-2 *:before:-ml-[20px]\">\n<li><strong class=\"font-bold\">Fortuna K\u00f6ln feiert Aufstieg:<\/strong> <a href=\"https:\/\/koeln.t-online.de\/region\/koeln\/id_101248398\/fortuna-koeln-steigt-in-3-liga-auf-ob-burmester-gratuliert.html\" class=\"transition-colors cursor-pointer no-underline md:hover:text-magenta md:focus:text-magenta border-b border-solid border-current text-salemsfur md:hover:border-magenta\" data-tracking=\"{&quot;action&quot;:&quot;click&quot;,&quot;category&quot;:&quot;intextLink&quot;,&quot;label&quot;:&quot;\/region\/koeln\/id_101248398\/fortuna-koeln-steigt-in-3-liga-auf-ob-burmester-gratuliert.html&quot;}\" data-sctrack=\"BodyAnchor\" rel=\"nofollow noopener\" target=\"_blank\">OB Burmester gratuliert<\/a><\/li>\n<\/ul>\n<p class=\"text-18 leading-17 user-text-lg:text-22 user-text-xl:text-24\">Das erste Heimspiel im S\u00fcdstadion folgt am zweiten Spieltag \u2013 und hat es direkt in sich: Dann empf\u00e4ngt Fortuna K\u00f6ln <a href=\"https:\/\/aachen.t-online.de\/region\/aachen\/id_101334040\/spielplan-durchgesickert-alemannia-aachen-startet-mit-heimspiel.html\" class=\"transition-colors cursor-pointer no-underline md:hover:text-magenta md:focus:text-magenta border-b border-solid border-current text-salemsfur md:hover:border-magenta\" data-tracking=\"{&quot;action&quot;:&quot;click&quot;,&quot;category&quot;:&quot;intextLink&quot;,&quot;label&quot;:&quot;https:\/\/aachen.t-online.de\/region\/aachen\/id_101334040\/spielplan-durchgesickert-alemannia-aachen-startet-mit-heimspiel.html&quot;}\" data-sctrack=\"BodyAnchor\" rel=\"nofollow noopener\" target=\"_blank\">Alemannia Aachen.<\/a> Die Begegnung soll zwischen dem 14. und 16. August ausgetragen werden. Danach geht es f\u00fcr die Mannschaft von Trainer Matthias Mink zum SC Verl, ehe Anfang September das Derby gegen Fortuna D\u00fcsseldorf ansteht.<\/p>\n<p>Fortuna K\u00f6ln: Saisonfinale beim MSV Duisburg<\/p>\n<p class=\"text-18 leading-17 user-text-lg:text-22 user-text-xl:text-24\">Auch im weiteren Saisonverlauf warten mehrere interessante Duelle auf die S\u00fcdst\u00e4dter. Mitte Oktober reist Fortuna K\u00f6ln zu Rot-Weiss Essen, Ende November steht das erste K\u00f6lner Stadtduell bei Viktoria K\u00f6ln an. Das R\u00fcckspiel gegen Viktoria steigt Ende April im S\u00fcdstadion. Zum Saisonabschluss muss die Fortuna beim MSV Duisburg antreten.<\/p>\n<p class=\"text-18 leading-17 user-text-lg:text-22 user-text-xl:text-24\">Die genauen Ansto\u00dfzeiten und Spieltage werden in den n\u00e4chsten Tagen erwartet.<\/p>\n<p class=\"text-18 leading-17 user-text-lg:text-22 user-text-xl:text-24\">In der Vorsaison hatte die Fortuna die Regionalliga West mit 70 Punkten aus 34 Spielen gewonnen. Die K\u00f6lner holten 20 Siege, spielten zehnmal unentschieden und verloren nur vier Partien. Der Aufstieg war bereits vor dem letzten Spieltag perfekt.<\/p>\n","protected":false},"excerpt":{"rendered":"Nach Aufstieg Fortuna K\u00f6ln startet gegen Gro\u00dfaspach in die 3. Liga Aktualisiert am 08.07.2026 &#8211; 19:30 UhrLesedauer: 2&hellip;\n","protected":false},"author":2,"featured_media":1152384,"comment_status":"","ping_status":"","sticky":false,"template":"","format":"standard","meta":{"footnotes":"","_share_on_mastodon":"0"},"categories":[1828],"tags":[522,5876,29,481,49994,30,11876,1420,1209,23873,122632],"class_list":["post-1152383","post","type-post","status-publish","format-standard","has-post-thumbnail","category-koeln","tag-522","tag-aufstieg","tag-deutschland","tag-dfb","tag-fortuna-koeln","tag-germany","tag-grossaspach","tag-koeln","tag-nordrhein-westfalen","tag-profifussball","tag-suedstadion"],"share_on_mastodon":{"url":"https:\/\/pubeurope.com\/@de\/116885704628634322","error":""},"_links":{"self":[{"href":"https:\/\/www.europesays.com\/de\/wp-json\/wp\/v2\/posts\/1152383","targetHints":{"allow":["GET"]}}],"collection":[{"href":"https:\/\/www.europesays.com\/de\/wp-json\/wp\/v2\/posts"}],"about":[{"href":"https:\/\/www.europesays.com\/de\/wp-json\/wp\/v2\/types\/post"}],"author":[{"embeddable":true,"href":"https:\/\/www.europesays.com\/de\/wp-json\/wp\/v2\/users\/2"}],"replies":[{"embeddable":true,"href":"https:\/\/www.europesays.com\/de\/wp-json\/wp\/v2\/comments?post=1152383"}],"version-history":[{"count":0,"href":"https:\/\/www.europesays.com\/de\/wp-json\/wp\/v2\/posts\/1152383\/revisions"}],"wp:featuredmedia":[{"embeddable":true,"href":"https:\/\/www.europesays.com\/de\/wp-json\/wp\/v2\/media\/1152384"}],"wp:attachment":[{"href":"https:\/\/www.europesays.com\/de\/wp-json\/wp\/v2\/media?parent=1152383"}],"wp:term":[{"taxonomy":"category","embeddable":true,"href":"https:\/\/www.europesays.com\/de\/wp-json\/wp\/v2\/categories?post=1152383"},{"taxonomy":"post_tag","embeddable":true,"href":"https:\/\/www.europesays.com\/de\/wp-json\/wp\/v2\/tags?post=1152383"}],"curies":[{"name":"wp","href":"https:\/\/api.w.org\/{rel}","templated":true}]}}