{"id":1152447,"date":"2026-07-08T18:46:24","date_gmt":"2026-07-08T18:46:24","guid":{"rendered":"https:\/\/www.europesays.com\/de\/1152447\/"},"modified":"2026-07-08T18:46:24","modified_gmt":"2026-07-08T18:46:24","slug":"mundenheim-notfalleinsatz-zugverkehr-eingeschraenkt","status":"publish","type":"post","link":"https:\/\/www.europesays.com\/de\/1152447\/","title":{"rendered":"Mundenheim: Notfalleinsatz \u2013 Zugverkehr eingeschr\u00e4nkt"},"content":{"rendered":"<p><img loading=\"lazy\" decoding=\"async\" src=\"https:\/\/www.europesays.com\/de\/wp-content\/uploads\/2026\/07\/Notfalleinsatz-Bahnhof-Mundenheim.jpg\" alt=\"Notfalleinsatz Bahnhof Mundenheim\" width=\"1200\" height=\"807\" class=\"alignnone size-full wp-image-644846\"  \/>Ludwigshafen-Mundenheim \/ Metropolregion Rhein-Neckar \u2013 Am Bahnhof Ludwigshafen-Mundenheim kommt es derzeit zu einem gr\u00f6\u00dferen Einsatz von Polizei, Rettungsdienst und weiteren Einsatzkr\u00e4ften. Aufgrund eines Notfalleinsatzes im Gleisbereich ist die Bahnstrecke aktuell gesperrt.<\/p>\n<p>Dadurch kommt es im Bahnverkehr zu Versp\u00e4tungen, Teilausf\u00e4llen und Zugausf\u00e4llen. Reisende werden gebeten, ihre Verbindung vor Fahrtantritt zu \u00fcberpr\u00fcfen und mehr Zeit einzuplanen. Die Deutsche Bahn arbeitet an der Organisation des weiteren Zugverkehrs.<\/p>\n<p>Zu den Hintergr\u00fcnden des Einsatzes machen die Einsatzkr\u00e4fte derzeit keine n\u00e4heren Angaben. MRN-News berichtet aus R\u00fccksicht auf Betroffene und Angeh\u00f6rige bewusst nicht \u00fcber die n\u00e4heren Umst\u00e4nde.<\/p>\n<p class=\"post-modified-info\">Zuletzt aktualisiert am 8. Juli 2026, 17:11<\/p>\n","protected":false},"excerpt":{"rendered":"Ludwigshafen-Mundenheim \/ Metropolregion Rhein-Neckar \u2013 Am Bahnhof Ludwigshafen-Mundenheim kommt es derzeit zu einem gr\u00f6\u00dferen Einsatz von Polizei, Rettungsdienst&hellip;\n","protected":false},"author":2,"featured_media":1152448,"comment_status":"","ping_status":"","sticky":false,"template":"","format":"standard","meta":{"footnotes":"","_share_on_mastodon":"0"},"categories":[1845],"tags":[48519,1634,1739,2037,241911,2226,73599,2227,36942,3364,2030,29,588,9032,548,663,3934,30,13,25476,2096,25488,25489,81901,32072,14,14480,15,30914,9860,121,3906,5206,28951,1949,12,5720,2080],"class_list":["post-1152447","post","type-post","status-publish","format-standard","has-post-thumbnail","category-mannheim","tag-angehoerige","tag-baden-wuerttemberg","tag-bahn","tag-bahnhof","tag-bahnhof-mundenheim","tag-bahnstrecke","tag-bahnstrecke-gesperrt","tag-bahnverkehr","tag-betroffene","tag-de","tag-deutsche-bahn","tag-deutschland","tag-einsatz","tag-einsatzkraefte","tag-eu","tag-europa","tag-europe","tag-germany","tag-headlines","tag-ludwigshafen","tag-mannheim","tag-metropolregion","tag-metropolregion-rhein-neckar","tag-mrn-news","tag-mundenheim","tag-nachrichten","tag-neckar","tag-news","tag-notfalleinsatz","tag-organisation","tag-polizei","tag-rettungsdienst","tag-rhein","tag-rhein-neckar","tag-s-bahn","tag-schlagzeilen","tag-verspaetungen","tag-zugausfaelle"],"share_on_mastodon":{"url":"","error":"Validation failed: Text character limit of 500 exceeded"},"_links":{"self":[{"href":"https:\/\/www.europesays.com\/de\/wp-json\/wp\/v2\/posts\/1152447","targetHints":{"allow":["GET"]}}],"collection":[{"href":"https:\/\/www.europesays.com\/de\/wp-json\/wp\/v2\/posts"}],"about":[{"href":"https:\/\/www.europesays.com\/de\/wp-json\/wp\/v2\/types\/post"}],"author":[{"embeddable":true,"href":"https:\/\/www.europesays.com\/de\/wp-json\/wp\/v2\/users\/2"}],"replies":[{"embeddable":true,"href":"https:\/\/www.europesays.com\/de\/wp-json\/wp\/v2\/comments?post=1152447"}],"version-history":[{"count":0,"href":"https:\/\/www.europesays.com\/de\/wp-json\/wp\/v2\/posts\/1152447\/revisions"}],"wp:featuredmedia":[{"embeddable":true,"href":"https:\/\/www.europesays.com\/de\/wp-json\/wp\/v2\/media\/1152448"}],"wp:attachment":[{"href":"https:\/\/www.europesays.com\/de\/wp-json\/wp\/v2\/media?parent=1152447"}],"wp:term":[{"taxonomy":"category","embeddable":true,"href":"https:\/\/www.europesays.com\/de\/wp-json\/wp\/v2\/categories?post=1152447"},{"taxonomy":"post_tag","embeddable":true,"href":"https:\/\/www.europesays.com\/de\/wp-json\/wp\/v2\/tags?post=1152447"}],"curies":[{"name":"wp","href":"https:\/\/api.w.org\/{rel}","templated":true}]}}