{"id":1152660,"date":"2026-07-08T20:44:06","date_gmt":"2026-07-08T20:44:06","guid":{"rendered":"https:\/\/www.europesays.com\/de\/1152660\/"},"modified":"2026-07-08T20:44:06","modified_gmt":"2026-07-08T20:44:06","slug":"u19-spielerin-aus-essen-leonie-koepp-noch-ein-schritt-zum-em-titel","status":"publish","type":"post","link":"https:\/\/www.europesays.com\/de\/1152660\/","title":{"rendered":"U19-Spielerin aus Essen: Leonie K\u00f6pp &#8211; noch ein Schritt zum EM-Titel"},"content":{"rendered":"<p>            <img loading=\"lazy\" decoding=\"async\" class=\"ts-image\" src=\"https:\/\/www.europesays.com\/de\/wp-content\/uploads\/2026\/07\/wdr-essens-leonie-koepp-im-spiel-gegen-werder-bremen-in-aktion-100.jpg\" alt=\"Essens Leonie K\u00f6pp im Spiel gegen Werder Bremen in Aktion\" title=\"Essens Leonie K\u00f6pp im Spiel gegen Werder Bremen in Aktion | IMAGO\/STEINSIEK.CH\"\/><\/p>\n<p class=\"metatextline\">Stand: 08.07.2026 \u2022 17:10 Uhr<\/p>\n<p class=\"article-head__shorttext\">\n        <strong>Am Freitag steigt bei der U19-EM der Fu\u00dfballerinnen in Bosnien-Herzegowina das Endspiel zwischen Deutschland und Spanien. Mit dabei: Leonie K\u00f6pp aus Essen.<\/strong>\n    <\/p>\n<p class=\"textabsatz m-ten m-offset-one l-eight l-offset-two columns twelve\">Leonie K\u00f6pp f\u00fchlt sich gerade wie im siebten Himmel. &#8222;Es ist ein Traum&#8220;, sagt die 19-J\u00e4hrige. &#8222;Bei einer Europameisterschaft dabei zu sein, das habe ich mir von Kindheit an gew\u00fcnscht. Und jetzt stehe ich mit meinen Kolleginnen auch noch im Finale. Unglaublich&#8220;, sagt die St\u00fcrmerin im Gespr\u00e4ch mit wdr.de.<\/p>\n<p class=\"textabsatz m-ten m-offset-one l-eight l-offset-two columns twelve\">Die deutsche U19-Auswahl sorgt tats\u00e4chlich gerade f\u00fcr m\u00e4chtig Furore in Bpsnien-Herzegowina. Sicher, man war im erweiterten Favoritenkreis ins Turnier um den kontinentalen Titel gestartet. Doch dass das Team um Trainerin Melanie Behringer am Freitag (10.07.2026) im Endspiel gegen Spanien tats\u00e4chlich um den Titel spielt &#8211; das war so nicht zu erwarten.<\/p>\n<p>    Im Halbfinale \u00d6sterreich besiegt<\/p>\n<p class=\"textabsatz m-ten m-offset-one l-eight l-offset-two columns twelve\">Schon in der Vorrunde hatte das deutsche Team um K\u00f6pp \u00fcberzeugt &#8211; es gelangen Siege gegen Bosnien und gegen Schweden, lediglich gegen Polen musste man sich mit einem Remis begn\u00fcgen. Das reichte aber f\u00fcr den Gruppensieg und den damit verbundenen Einzug ins Halbfinale des Turniers. Dort ging es gegen \u00d6sterreich &#8211; und nach 120 spannenden Minuten siegte das deutsche Team durch einen Treffer von Tessa Zimmermann in der Verl\u00e4ngerung mit 1:0.<\/p>\n<p class=\"textabsatz m-ten m-offset-one l-eight l-offset-two columns twelve\">Der Jubel im deutschen Team kannte keine Grenzen &#8211; mitten drin Leonie K\u00f6pp, die im Laufe der zweiten Halbzeit eingewechselt worden war. &#8222;Wir haben in der Kabine noch gut gefeiert, aber wissen nat\u00fcrlich auch: Das n\u00e4chste wichtige Spiel ist schon sehr bald. Da mussten wir uns entsprechend bremsen&#8220;, erz\u00e4hlt die St\u00fcrmerin, die f\u00fcr die SGS <a href=\"https:\/\/www1.wdr.de\/nrw\/essen\/uebersicht-essen-100.html\" title=\"Essen\" class=\"textlink--extern\" target=\"_blank\" rel=\"noopener nofollow\">Essen<\/a> auf Torejagd geht.<\/p>\n<p>    Fu\u00dfball und Abi &#8211; im Gleichschritt<\/p>\n<p class=\"textabsatz m-ten m-offset-one l-eight l-offset-two columns twelve\">Die EM ist der vorl\u00e4ufige H\u00f6hepunkt der 19-j\u00e4hrigen Gesamtsch\u00fclerin, die in der Theo-Hesbach-Gesamtschule in Windberg bei M\u00f6nchengladbach im kommenden Jahr das Abi bauen wird &#8211; so der Plan. Momentan steht aber <a href=\"https:\/\/www1.wdr.de\/sport\/fussball\/uebersicht-fussball-100.html\" title=\"Der Fu\u00dfball in NRW im \u00dcberblick\" class=\"textlink--extern\" target=\"_blank\" rel=\"noopener nofollow\">Fu\u00dfball<\/a> an erster Stelle. Insgeheim ist das vielleicht schon l\u00e4nger so, denn Leonie stammt aus einer regelrecht fu\u00dfballverr\u00fcckten Familie.<\/p>\n<p class=\"textabsatz m-ten m-offset-one l-eight l-offset-two columns twelve\">Ihre drei \u00e4lteren Br\u00fcder nutzten in der Kindheit jede freie Minute f\u00fcr das Spiel, Leonie war schnell mit dabei &#8211; jeden Tag. Und schon bald landete sie im Verein. Der 1. FC M\u00f6nchengladbach mit seiner ambitionierten Jugendarbeit war eine gute Adresse, von dort ging sie als 14-J\u00e4hrige in den Nachwuchs der Gladbacher Borussia.<\/p>\n<p>    Von der Gladbacher Borussia in die U15-Auswahl<\/p>\n<p class=\"textabsatz m-ten m-offset-one l-eight l-offset-two columns twelve\">Und dann kam auch schon die Nationalmannschaft. F\u00fcr das U15-Team wurde sie nominiert, eine selbst f\u00fcr Leonie unglaublich schnelle Entwicklung. &#8222;Ich hab echt gedacht, wie krass das ist. Da spiele ich erst ein Jahr f\u00fcr die Borussia, und schon geht&#8217;s ins deutsche Auswahlteam.&#8220;<\/p>\n<p class=\"textabsatz m-ten m-offset-one l-eight l-offset-two columns twelve\">Weiter ging&#8217;s: Mit 16 spielte sie erstmals f\u00fcr die Borussia in der 2. Liga, ein Jahr sp\u00e4ter der n\u00e4chste Schritt: Wechsel in die Bundesliga zu SGS Essen. Dort ist sie auch heute noch, etablierte sich in der vergangenen Saison als Bundesligaspielerin. &#8222;Der Sprung in die Bundesliga war schon krass. Aber ich habe dort eine Menge dazugelernt. Alles geht viel schneller. Ich bin vor allem h\u00e4rter und widerstandsf\u00e4higer in den Zweik\u00e4mpfen geworden&#8220;, sagt sie.<\/p>\n<p>    Abstieg mit der SGS Essen<\/p>\n<p class=\"textabsatz m-ten m-offset-one l-eight l-offset-two columns twelve\">Leider konnte auch K\u00f6pp den Abstieg der Essenerinnen aus der Bundesliga nicht verhindern &#8211; n\u00e4chste Saison geht&#8217;s im Fu\u00dfball-Unterhaus vorerst weiter. Sollte nicht doch noch ein kurzfristiger Vereinswechsel dazwischen kommen. Ganz so unrealistisch ist das nicht, denn bei der EM stellt sich K\u00f6pp gerade sozusagen ins Schaufenster.<\/p>\n<p class=\"textabsatz m-ten m-offset-one l-eight l-offset-two columns twelve\">So richtig bewusst ist ihr das gar nicht, sie genie\u00dft eher die Zeit. Auf dem Zimmer ist sie mit Nelly Smolarczyk, einer Torfrau vom FC Union Berlin. Die beiden verstehen sich pr\u00e4chig, bezeichnen ihr Verh\u00e4ltnis selbst schon schwesternartig. &#8222;Wir kennen uns schon seit der U15, vertrauen uns total und teilen alles&#8220;, erkl\u00e4rt Leonie. Kosmetika, Klamotten &#8211; egal: Was der einen geh\u00f6rt, darf auch die andere benutzen.&#8220;<\/p>\n<p>    Freundschaft mit der Torfrau aus Berlin<\/p>\n<p class=\"textabsatz m-ten m-offset-one l-eight l-offset-two columns twelve\">Nur mit dem morgendlichen Aufstehen &#8211; da tun sich dann doch Unterschiede auf. &#8222;W\u00e4hrend ich lange brauche, ist Leonie direkt mit dem Weckerschellen hellwach. Als h\u00e4tte sie schon eine Dose Energy-Drink intus&#8220;, sagt Nelly. Hellwach sein &#8211; ist keine schlechte Empfehlung f\u00fcr das Endspiel am Freitag gegen die jungen Spanierinnen.<\/p>\n<p class=\"textabsatz m-ten m-offset-one l-eight l-offset-two columns twelve\">Unsere Quellen:<\/p>\n<ul class=\"bulletpoint-list \">\n<li>Homepage DFB<\/li>\n<li>Facebook-Account DFB<\/li>\n<li>Autorengespr\u00e4ch mit Leonie K\u00f6pp<\/li>\n<\/ul>\n<p class=\"textabsatz m-ten m-offset-one l-eight l-offset-two columns twelve\"><strong>Sendung: WDR.de<\/strong>, &#8222;Fu\u00dfballerin Leonni K\u00f6pp mit der U19 im EM Finale&#8220;, <strong>08.07.2026<\/strong>, 17:09 Uhr<\/p>\n<p>                                        <a class=\"backlink__link\" href=\"https:\/\/www1.wdr.de\/sport\/fussball\/leonie-koepp-em-bosnien-100.html\" rel=\"nofollow noopener\" target=\"_blank\"><\/p>\n<p>                                                <img decoding=\"async\" src=\"https:\/\/images.sportschau.de\/image\/9ef70e2e-6dd6-4b18-afd2-7063c40e8939\/AAABlap_yqU\/AAABnR8VW9w\/original\/lra-wdr-logo-100.svg\" alt=\"Westdeutscher Rundfunk\"\/><\/p>\n<p>                                        <\/a><\/p>\n","protected":false},"excerpt":{"rendered":"Stand: 08.07.2026 \u2022 17:10 Uhr Am Freitag steigt bei der U19-EM der Fu\u00dfballerinnen in Bosnien-Herzegowina das Endspiel zwischen&hellip;\n","protected":false},"author":2,"featured_media":1152661,"comment_status":"","ping_status":"","sticky":false,"template":"","format":"standard","meta":{"footnotes":"","_share_on_mastodon":"0"},"categories":[1834],"tags":[19118,3364,29,11403,3688,347,30,1209,265,28335,225],"class_list":["post-1152660","post","type-post","status-publish","format-standard","has-post-thumbnail","category-essen","tag-sgs-essen","tag-de","tag-deutschland","tag-em","tag-essen","tag-fussball","tag-germany","tag-nordrhein-westfalen","tag-sport","tag-u19","tag-wdr"],"share_on_mastodon":{"url":"","error":""},"_links":{"self":[{"href":"https:\/\/www.europesays.com\/de\/wp-json\/wp\/v2\/posts\/1152660","targetHints":{"allow":["GET"]}}],"collection":[{"href":"https:\/\/www.europesays.com\/de\/wp-json\/wp\/v2\/posts"}],"about":[{"href":"https:\/\/www.europesays.com\/de\/wp-json\/wp\/v2\/types\/post"}],"author":[{"embeddable":true,"href":"https:\/\/www.europesays.com\/de\/wp-json\/wp\/v2\/users\/2"}],"replies":[{"embeddable":true,"href":"https:\/\/www.europesays.com\/de\/wp-json\/wp\/v2\/comments?post=1152660"}],"version-history":[{"count":0,"href":"https:\/\/www.europesays.com\/de\/wp-json\/wp\/v2\/posts\/1152660\/revisions"}],"wp:featuredmedia":[{"embeddable":true,"href":"https:\/\/www.europesays.com\/de\/wp-json\/wp\/v2\/media\/1152661"}],"wp:attachment":[{"href":"https:\/\/www.europesays.com\/de\/wp-json\/wp\/v2\/media?parent=1152660"}],"wp:term":[{"taxonomy":"category","embeddable":true,"href":"https:\/\/www.europesays.com\/de\/wp-json\/wp\/v2\/categories?post=1152660"},{"taxonomy":"post_tag","embeddable":true,"href":"https:\/\/www.europesays.com\/de\/wp-json\/wp\/v2\/tags?post=1152660"}],"curies":[{"name":"wp","href":"https:\/\/api.w.org\/{rel}","templated":true}]}}