{"id":1152703,"date":"2026-07-08T21:08:44","date_gmt":"2026-07-08T21:08:44","guid":{"rendered":"https:\/\/www.europesays.com\/de\/1152703\/"},"modified":"2026-07-08T21:08:44","modified_gmt":"2026-07-08T21:08:44","slug":"totes-baby-in-berlin-polizei-startet-grosseinsatz-in-brennpunktsiedlung","status":"publish","type":"post","link":"https:\/\/www.europesays.com\/de\/1152703\/","title":{"rendered":"Totes Baby in Berlin: Polizei startet Gro\u00dfeinsatz in Brennpunktsiedlung"},"content":{"rendered":"<p>Gro\u00dfeinsatz in Berliner Brennpunktsiedlung <\/p>\n<p>Totes Baby: Feuerwehr bricht Wohnung auf<\/p>\n<p>Aktualisiert am 08.07.2026 &#8211; 18:49 UhrLesedauer: 2 Min.<\/p>\n<p><a href=\"#focus-0\" class=\"transition-colors block text-current relative\" data-sctrack=\"FocusGalleryImage.Reference\"><img fetchpriority=\"high\" data-testid=\"Opener.Image\"   loading=\"eager\" src=\"https:\/\/www.europesays.com\/de\/wp-content\/uploads\/2026\/07\/die-berliner-thermometersiedlung-ein-mann-von-der-gerichtsmedizin-schiebt-eine-bahre.jpg\" alt=\"Die Berliner Thermometersiedlung: Ein Mann von der Gerichtsmedizin schiebt eine Bahre.\" title=\"Die Berliner Thermometersiedlung: Ein Mann von der Gerichtsmedizin schiebt eine Bahre.\" width=\"800\" height=\"450\" class=\"bg-[url:var(--lqipURL)] bg-cover bg-center flex h-full w-full max-w-full\" style=\"--lqipURL:url('https:\/\/images.t-online.de\/2026\/07\/7pfIKHcSUF6g\/0x75:800x450\/fit-in\/150x0\/filters:blur(25)\/die-berliner-thermometersiedlung-ein-mann-von-der-gerichtsmedizin-schiebt-eine-bahre.jpg')\" decoding=\"async\"\/><img loading=\"lazy\" src=\"https:\/\/www.t-online.de\/s\/paper\/_next\/static\/media\/zoom-in.f7dae02f.svg\" alt=\"Vergr\u00f6\u00dfern des Bildes\" title=\"Vergr\u00f6\u00dfern des Bildes\" class=\"block h-[calc(var(--height)_\/_16_*_1rem)] w-[calc(var(--width)_\/_16_*_1rem)] max-w-none absolute right-8 bottom-8 rounded-4 bg-snow p-8\" style=\"--width:32;--height:32\" decoding=\"async\"\/><\/a><\/p>\n<p>Die Berliner Thermometersiedlung: Ein Mann von der Gerichtsmedizin schiebt eine Bahre. (Quelle: Annette Riedl\/dpa)<\/p>\n<p><img loading=\"lazy\" src=\"https:\/\/www.t-online.de\/s\/paper\/_next\/static\/media\/audio-volume.6689034c.svg\" alt=\"\" title=\"\" class=\"block h-[calc(var(--height)_\/_16_*_1rem)] w-[calc(var(--width)_\/_16_*_1rem)] max-w-none group-hover:brightness-0 group-hover:invert\" style=\"--width:16;--height:16\" decoding=\"async\"\/>Vorlesen<\/p>\n<p>Aktuelle Zeit:0:00Gesamtdauer:0:00<\/p>\n<p>1x<\/p>\n<p class=\"text-center\">Jetzt neu bei t-online:<\/p>\n<p class=\"text-center\">Schriftgr\u00f6\u00dfe anpassen!<\/p>\n<p><img loading=\"lazy\" src=\"https:\/\/www.t-online.de\/s\/paper\/_next\/static\/media\/font-sizes.32942e33.svg\" alt=\"\" title=\"\" class=\"block h-[calc(var(--height)_\/_16_*_1rem)] w-[calc(var(--width)_\/_16_*_1rem)] max-w-none group-hover:hidden group-aria-expanded:hidden\" style=\"--width:16;--height:16\" decoding=\"async\"\/><img loading=\"lazy\" src=\"https:\/\/www.t-online.de\/s\/paper\/_next\/static\/media\/font-sizes-dark-mode.e382645c.svg\" alt=\"\" title=\"\" class=\"block h-[calc(var(--height)_\/_16_*_1rem)] w-[calc(var(--width)_\/_16_*_1rem)] max-w-none hidden group-hover:block group-aria-expanded:block\" style=\"--width:16;--height:16\" decoding=\"async\"\/><img loading=\"lazy\" src=\"https:\/\/www.t-online.de\/s\/paper\/_next\/static\/media\/sharing-menu-icon.1eb71368.svg\" alt=\"\" title=\"\" class=\"block h-[calc(var(--height)_\/_16_*_1rem)] w-[calc(var(--width)_\/_16_*_1rem)] max-w-none group-hover:brightness-0 group-hover:invert\" style=\"--width:16;--height:16\" decoding=\"async\"\/>Artikel teilen<\/p>\n<p class=\"font-bold text-18 leading-17 user-text-lg:text-22 user-text-xl:text-24\">Ein totes Baby wird auf einem Hof gefunden. Die Polizei startet einen Gro\u00dfeinsatz.<\/p>\n<p class=\"text-18 leading-17 user-text-lg:text-22 user-text-xl:text-24\">Der Notruf ging morgens um 9.37 Uhr ein: In einer Berliner Hochhaussiedlung haben Zeugen am Mittwoch einen toten S\u00e4ugling entdeckt. Das sehr junge Kind habe in einem Hof im Stadtteil Lichterfelde auf dem Boden gelegen, sagte eine Polizeisprecherin. Das Baby sei wohl nur mehrere Stunden, h\u00f6chstens einen Tag alt gewesen, teilten die Beamten sp\u00e4ter mit. Laut der Zeitung &#8222;B.Z.&#8220; hing noch die Nabelschnur an dem Kind.<\/p>\n<p class=\"text-18 leading-17 user-text-lg:text-22 user-text-xl:text-24\">Die Mordkommission ermittelt. &#8222;Wir m\u00fcssen von einem Verbrechen ausgehen&#8220;, erkl\u00e4rte die Polizeisprecherin. Kriminaltechniker und Gerichtsmediziner waren vor Ort \u2013 eine Bahre mit einer schwarzen Tragetasche wurde in ein Auto geladen.<\/p>\n<ul class=\"text-18 leading-17 block pl-24 *:pb-16 *:before:inline-block *:before:size-8 *:before:bg-magenta *:before:mt-0 *:before:mr-12 *:before:mb-2 *:before:-ml-[20px]\">\n<li><strong class=\"font-bold\">Schwere Anschuldigungen:<\/strong> <a href=\"https:\/\/www.t-online.de\/nachrichten\/panorama\/kriminalitaet\/id_101333894\/mannheim-polizist-soll-zwei-frauen-vergewaltigt-haben.html\" class=\"transition-colors cursor-pointer no-underline md:hover:text-magenta md:focus:text-magenta border-b border-solid border-current text-salemsfur md:hover:border-magenta\" data-tracking=\"{&quot;action&quot;:&quot;click&quot;,&quot;category&quot;:&quot;intextLink&quot;,&quot;label&quot;:&quot;\/nachrichten\/panorama\/kriminalitaet\/id_101333894\/mannheim-polizist-soll-zwei-frauen-vergewaltigt-haben.html&quot;}\" data-sctrack=\"BodyAnchor\" rel=\"nofollow noopener\" target=\"_blank\">Deutscher Polizist soll zwei Frauen vergewaltigt haben<\/a><\/li>\n<li><strong class=\"font-bold\">&#8222;Weitere Trag\u00f6die bahnt sich an&#8220;:<\/strong> <a href=\"https:\/\/www.t-online.de\/nachrichten\/panorama\/tiere\/id_101333998\/buckelwal-hartwin-kurz-vor-deutschland-in-not.html\" class=\"transition-colors cursor-pointer no-underline md:hover:text-magenta md:focus:text-magenta border-b border-solid border-current text-salemsfur md:hover:border-magenta\" data-tracking=\"{&quot;action&quot;:&quot;click&quot;,&quot;category&quot;:&quot;intextLink&quot;,&quot;label&quot;:&quot;\/nachrichten\/panorama\/tiere\/id_101333998\/buckelwal-hartwin-kurz-vor-deutschland-in-not.html&quot;}\" data-sctrack=\"BodyAnchor\" rel=\"nofollow noopener\" target=\"_blank\">Buckelwal kurz vor Deutschland in Not<\/a><\/li>\n<\/ul>\n<p class=\"text-18 leading-17 user-text-lg:text-22 user-text-xl:text-24\">Der Fundort liegt in der sogenannten Thermometersiedlung, einem Berliner Brennpunktgebiet mit hoher Arbeitslosigkeit und Kinderarmut. &#8222;Ich dachte, es w\u00e4re wieder jemand aus dem Fenster gesprungen&#8220;, sagte ein Anwohner laut &#8222;Berliner Morgenpost&#8220; \u00fcber den Polizeieinsatz.<\/p>\n<p><a href=\"#focus-1\" class=\"transition-colors block text-current relative\" data-sctrack=\"FocusGalleryImage.Reference\"><img   loading=\"lazy\" src=\"https:\/\/www.europesays.com\/de\/wp-content\/uploads\/2026\/07\/der-fundort-wurde-weitraeumig-abgesperrt.jpg\" alt=\"Der Fundort wurde weitr\u00e4umig abgesperrt.\" title=\"Der Fundort wurde weitr\u00e4umig abgesperrt.\" width=\"2048\" height=\"1152\" class=\"h-full w-full max-w-full rounded-8\" decoding=\"async\"\/><img loading=\"lazy\" src=\"https:\/\/www.t-online.de\/s\/paper\/_next\/static\/media\/zoom-in.f7dae02f.svg\" alt=\"Vergr\u00f6\u00dfern des Bildes\" title=\"Vergr\u00f6\u00dfern des Bildes\" class=\"block h-[calc(var(--height)_\/_16_*_1rem)] w-[calc(var(--width)_\/_16_*_1rem)] max-w-none absolute right-8 bottom-8 rounded-4 bg-snow p-8\" style=\"--width:32;--height:32\" decoding=\"async\"\/>Der Fundort wurde weitr\u00e4umig abgesperrt. (Quelle: Annette Riedl\/dpa)<\/a><\/p>\n<p class=\"text-18 leading-17 user-text-lg:text-22 user-text-xl:text-24\">Eine andere Anwohnerin erkl\u00e4rte, sie sei &#8222;ma\u00dflos geschockt&#8220;. In einer lokalen Facebook-Gruppe werde bereits ausgiebig spekuliert: Waren die Eltern \u00fcberlastet? Hat der Vater auf die Mutter Druck ausge\u00fcbt? &#8222;Keiner kennt die Hintergr\u00fcnde oder die Mutter&#8220;, sagte die Anwohnerin dazu. &#8222;Es ist schrecklich, wenn jemand Mutma\u00dfungen anstellt, ohne genau zu wissen, was eigentlich passiert ist.&#8220;<\/p>\n<p class=\"text-18 leading-17 user-text-lg:text-22 user-text-xl:text-24\">Die Polizei sucht unterdessen die Eltern des Kindes. Beamtinnen und Beamte durchk\u00e4mmten den Wohnkomplex, wurden bisher aber nicht f\u00fcndig. Die Feuerwehr brach der Polizei zufolge eine verd\u00e4chtige Wohnung in dem Wohnkomplex auf. Diese sei aber frisch renoviert und leer gewesen, hie\u00df es. Die Nachbarn konnten sich auch nicht an eine schwangere Frau erinnern.<\/p>\n","protected":false},"excerpt":{"rendered":"Gro\u00dfeinsatz in Berliner Brennpunktsiedlung Totes Baby: Feuerwehr bricht Wohnung auf Aktualisiert am 08.07.2026 &#8211; 18:49 UhrLesedauer: 2 Min.&hellip;\n","protected":false},"author":2,"featured_media":1152704,"comment_status":"","ping_status":"","sticky":false,"template":"","format":"standard","meta":{"footnotes":"","_share_on_mastodon":"0"},"categories":[1825],"tags":[1434,1290,296,241944,29,985,136676,30,3786,1460,11481,121,241945],"class_list":["post-1152703","post","type-post","status-publish","format-standard","has-post-thumbnail","category-berlin","tag-1434","tag-baby","tag-berlin","tag-brennpunktsiedlung","tag-deutschland","tag-feuerwehr","tag-gerichtsmedizin","tag-germany","tag-grosseinsatz","tag-kind","tag-lichterfelde","tag-polizei","tag-thermometersiedlung"],"share_on_mastodon":{"url":"https:\/\/pubeurope.com\/@de\/116886408496311346","error":""},"_links":{"self":[{"href":"https:\/\/www.europesays.com\/de\/wp-json\/wp\/v2\/posts\/1152703","targetHints":{"allow":["GET"]}}],"collection":[{"href":"https:\/\/www.europesays.com\/de\/wp-json\/wp\/v2\/posts"}],"about":[{"href":"https:\/\/www.europesays.com\/de\/wp-json\/wp\/v2\/types\/post"}],"author":[{"embeddable":true,"href":"https:\/\/www.europesays.com\/de\/wp-json\/wp\/v2\/users\/2"}],"replies":[{"embeddable":true,"href":"https:\/\/www.europesays.com\/de\/wp-json\/wp\/v2\/comments?post=1152703"}],"version-history":[{"count":0,"href":"https:\/\/www.europesays.com\/de\/wp-json\/wp\/v2\/posts\/1152703\/revisions"}],"wp:featuredmedia":[{"embeddable":true,"href":"https:\/\/www.europesays.com\/de\/wp-json\/wp\/v2\/media\/1152704"}],"wp:attachment":[{"href":"https:\/\/www.europesays.com\/de\/wp-json\/wp\/v2\/media?parent=1152703"}],"wp:term":[{"taxonomy":"category","embeddable":true,"href":"https:\/\/www.europesays.com\/de\/wp-json\/wp\/v2\/categories?post=1152703"},{"taxonomy":"post_tag","embeddable":true,"href":"https:\/\/www.europesays.com\/de\/wp-json\/wp\/v2\/tags?post=1152703"}],"curies":[{"name":"wp","href":"https:\/\/api.w.org\/{rel}","templated":true}]}}