{"id":1152747,"date":"2026-07-08T21:35:15","date_gmt":"2026-07-08T21:35:15","guid":{"rendered":"https:\/\/www.europesays.com\/de\/1152747\/"},"modified":"2026-07-08T21:35:15","modified_gmt":"2026-07-08T21:35:15","slug":"daxlander-strassenfest-2026-eroeffnet-mit-fassanstich-und-musikprogramm","status":"publish","type":"post","link":"https:\/\/www.europesays.com\/de\/1152747\/","title":{"rendered":"Daxlander Stra\u00dfenfest 2026 er\u00f6ffnet mit Fassanstich und Musikprogramm"},"content":{"rendered":"<p class=\"mb-6 text-xs-varying md:text-m lg:text-l font-serif group-[.font-sans]:font-sans \">\n    An diesem Wochenende ist es wieder so weit: <strong class=\"font-bold\">Am 10. und 11. Juli 2026 l\u00e4dt der Stra\u00dfenfestverein Daxlanden zum 22. Daxlander Stra\u00dfenfest ein.<\/strong> Besucher erwarten zwei abwechslungsreiche Tage voller Musik, Begegnungen und guter Stimmung. Das verspricht der Stra\u00dfenfestverein Daxlanden in einer Pressemitteilung.\n  <\/p>\n<p>            Stra\u00dfenfest er\u00f6ffnet mit Fassanstich<\/p>\n<p class=\"mb-6 text-xs-varying md:text-m lg:text-l font-serif group-[.font-sans]:font-sans \">\n    <strong class=\"font-bold\">Offiziell er\u00f6ffnet wird das Stra\u00dfenfest am Freitag, 10. Juli, um 17 Uhr mit dem traditionellen Fassanstich durch B\u00fcrgermeister Albert K\u00e4uflein<\/strong>. F\u00fcr den musikalischen Rahmen sorgt der Musikverein Daxlanden, der den Auftakt des Festwochenendes begleitet.\n  <\/p>\n<p class=\"mb-6 text-xs-varying md:text-m lg:text-l font-serif group-[.font-sans]:font-sans \">\n    Mit den Einnahmen aus dem Verkauf von Speisen, Getr\u00e4nken und weiteren Angeboten finanzieren die teilnehmenden Vereine ihre Arbeit und st\u00e4rken insbesondere die Jugendarbeit. Damit tr\u00e4gt das Fest jedes Jahr dazu bei, das vielf\u00e4ltige Vereinsleben und den Zusammenhalt in Daxlanden zu f\u00f6rdern.\n  <\/p>\n","protected":false},"excerpt":{"rendered":"An diesem Wochenende ist es wieder so weit: Am 10. und 11. Juli 2026 l\u00e4dt der Stra\u00dfenfestverein Daxlanden&hellip;\n","protected":false},"author":2,"featured_media":1152748,"comment_status":"","ping_status":"","sticky":false,"template":"","format":"standard","meta":{"footnotes":"","_share_on_mastodon":"0"},"categories":[1844],"tags":[1634,138723,3364,29,30,8903,29008,241965],"class_list":["post-1152747","post","type-post","status-publish","format-standard","has-post-thumbnail","category-karlsruhe","tag-baden-wuerttemberg","tag-daxlanden","tag-de","tag-deutschland","tag-germany","tag-karlsruhe","tag-strassenfest","tag-strassenfestverein"],"share_on_mastodon":{"url":"https:\/\/pubeurope.com\/@de\/116886511736959651","error":""},"_links":{"self":[{"href":"https:\/\/www.europesays.com\/de\/wp-json\/wp\/v2\/posts\/1152747","targetHints":{"allow":["GET"]}}],"collection":[{"href":"https:\/\/www.europesays.com\/de\/wp-json\/wp\/v2\/posts"}],"about":[{"href":"https:\/\/www.europesays.com\/de\/wp-json\/wp\/v2\/types\/post"}],"author":[{"embeddable":true,"href":"https:\/\/www.europesays.com\/de\/wp-json\/wp\/v2\/users\/2"}],"replies":[{"embeddable":true,"href":"https:\/\/www.europesays.com\/de\/wp-json\/wp\/v2\/comments?post=1152747"}],"version-history":[{"count":0,"href":"https:\/\/www.europesays.com\/de\/wp-json\/wp\/v2\/posts\/1152747\/revisions"}],"wp:featuredmedia":[{"embeddable":true,"href":"https:\/\/www.europesays.com\/de\/wp-json\/wp\/v2\/media\/1152748"}],"wp:attachment":[{"href":"https:\/\/www.europesays.com\/de\/wp-json\/wp\/v2\/media?parent=1152747"}],"wp:term":[{"taxonomy":"category","embeddable":true,"href":"https:\/\/www.europesays.com\/de\/wp-json\/wp\/v2\/categories?post=1152747"},{"taxonomy":"post_tag","embeddable":true,"href":"https:\/\/www.europesays.com\/de\/wp-json\/wp\/v2\/tags?post=1152747"}],"curies":[{"name":"wp","href":"https:\/\/api.w.org\/{rel}","templated":true}]}}