{"id":1152817,"date":"2026-07-08T22:20:42","date_gmt":"2026-07-08T22:20:42","guid":{"rendered":"https:\/\/www.europesays.com\/de\/1152817\/"},"modified":"2026-07-08T22:20:42","modified_gmt":"2026-07-08T22:20:42","slug":"vertrag-fuer-probespieler-lok-leipzig-verpflichtet-klubsammler-sport","status":"publish","type":"post","link":"https:\/\/www.europesays.com\/de\/1152817\/","title":{"rendered":"Vertrag f\u00fcr Probespieler: Lok Leipzig verpflichtet Klubsammler | Sport"},"content":{"rendered":"<p><a class=\"skip-content skip-content--link\" href=\"#in-content-skip-link-target-v-0-0\">TTS-Player \u00fcberspringen\u21b5<\/a><a id=\"in-content-skip-link-target-v-0-0\" class=\"skip-content--target-link-hidden skip-content skip-content--target-link\" href=\"#in-content-skip-link-target-v-0-0\">Artikel weiterlesen<\/a><\/p>\n<p data-21134c99=\"0-1588\"><b>Der <\/b><a href=\"https:\/\/www.bild.de\/sport\/fussball\/lok-leipzig\/home-80643548.bild.html\" class=\"text-link\" rel=\"nofollow noopener\" target=\"_blank\"><b>FC Lok Leipzig<\/b><\/a><b> hat den n\u00e4chsten Vertrag einget\u00fctet. Patrick Vuc erh\u00e4lt einen Vertrag bis 2027.<\/b><\/p>\n<p data-21134c99=\"0-1588\">Als Probespieler war der Deutsch-Rum\u00e4ne bereits zum Trainingsauftakt und beim Test gegen Droy\u00dfig dabei. Zum Test gegen den tschechischen Zweitligisten Kladno (3:3) wurde er erneut eingeladen und \u00fcberzeugte. Sport-Gesch\u00e4ftsf\u00fchrer Toni Wachsmuth: \u201ePatrick hat bei uns in den ersten Trainingstagen und den beiden Testspielen einen guten Eindruck hinterlassen. Er ist in der Offensive variabel einsetzbar und wird uns so noch mehr M\u00f6glichkeiten geben.\u201c<\/p>\n<p>Lok Leipzig verpflichtet Patrick Vuc<\/p>\n<p data-21134c99=\"0-1588\">In der A-Junioren-Bundesliga lief der geb\u00fcrtige Baden-W\u00fcrttemberger f\u00fcr den SSV Reutlingen auf. \u00dcber den VfB Stuttgart II, die SpVgg Greuther F\u00fcrth II und den SGV Freiberg ging es f\u00fcr ihn im Sommer 2025 in die erste rum\u00e4nische Liga zum FC Hermannstadt, zu Beginn dieses Jahres dann eine Etage tiefer zu CSC Selimbar. Auff\u00e4llig dabei, dass er in den letzten zwei Jahren bei vier verschiedenen Vereinen spielte, aber trotzdem nicht wirklich viel Spielzeit bekam. Beim FC Lok hatte man zuletzt allerdings immer ein gutes H\u00e4ndchen, um talentierte Spieler zu erkennen und wieder aufzubauen. Das soll auch diesmal gelingen.<\/p>\n<p data-21134c99=\"0-1588\">\u201eIch freue mich riesig, hier zu sein. Die Verantwortlichen haben mir vom ersten Tag an ein gutes Gef\u00fchl gegeben. Jetzt m\u00f6chte ich mich schnell in die Mannschaft einfinden, hart arbeiten und mit meinen Leistungen zu einer guten Saison beitragen. Ich freue mich darauf, die Fans kennenzulernen und vor ihnen alles f\u00fcr den 1. FC Lok zu geben\u201c, sagt Neuzugang Nummer 5. <\/p>\n","protected":false},"excerpt":{"rendered":"TTS-Player \u00fcberspringen\u21b5Artikel weiterlesen Der FC Lok Leipzig hat den n\u00e4chsten Vertrag einget\u00fctet. Patrick Vuc erh\u00e4lt einen Vertrag bis&hellip;\n","protected":false},"author":2,"featured_media":1152818,"comment_status":"","ping_status":"","sticky":false,"template":"","format":"standard","meta":{"footnotes":"","_share_on_mastodon":"0"},"categories":[1832],"tags":[3364,29,30,71,3457,3459,3458,859,8112,4580,3460],"class_list":["post-1152817","post","type-post","status-publish","format-standard","has-post-thumbnail","category-leipzig","tag-de","tag-deutschland","tag-germany","tag-leipzig","tag-lok-leipzig","tag-regionalliga","tag-regionalliga-nordost","tag-sachsen","tag-sachsenpokal","tag-schmidt-andre","tag-sport-leuchtturm-leipzig"],"share_on_mastodon":{"url":"https:\/\/pubeurope.com\/@de\/116886688381247571","error":""},"_links":{"self":[{"href":"https:\/\/www.europesays.com\/de\/wp-json\/wp\/v2\/posts\/1152817","targetHints":{"allow":["GET"]}}],"collection":[{"href":"https:\/\/www.europesays.com\/de\/wp-json\/wp\/v2\/posts"}],"about":[{"href":"https:\/\/www.europesays.com\/de\/wp-json\/wp\/v2\/types\/post"}],"author":[{"embeddable":true,"href":"https:\/\/www.europesays.com\/de\/wp-json\/wp\/v2\/users\/2"}],"replies":[{"embeddable":true,"href":"https:\/\/www.europesays.com\/de\/wp-json\/wp\/v2\/comments?post=1152817"}],"version-history":[{"count":0,"href":"https:\/\/www.europesays.com\/de\/wp-json\/wp\/v2\/posts\/1152817\/revisions"}],"wp:featuredmedia":[{"embeddable":true,"href":"https:\/\/www.europesays.com\/de\/wp-json\/wp\/v2\/media\/1152818"}],"wp:attachment":[{"href":"https:\/\/www.europesays.com\/de\/wp-json\/wp\/v2\/media?parent=1152817"}],"wp:term":[{"taxonomy":"category","embeddable":true,"href":"https:\/\/www.europesays.com\/de\/wp-json\/wp\/v2\/categories?post=1152817"},{"taxonomy":"post_tag","embeddable":true,"href":"https:\/\/www.europesays.com\/de\/wp-json\/wp\/v2\/tags?post=1152817"}],"curies":[{"name":"wp","href":"https:\/\/api.w.org\/{rel}","templated":true}]}}