{"id":1152853,"date":"2026-07-08T22:40:32","date_gmt":"2026-07-08T22:40:32","guid":{"rendered":"https:\/\/www.europesays.com\/de\/1152853\/"},"modified":"2026-07-08T22:40:32","modified_gmt":"2026-07-08T22:40:32","slug":"jimi-blue-ochsenknecht-trotz-zahlung-muss-er-wieder-vor-gericht","status":"publish","type":"post","link":"https:\/\/www.europesays.com\/de\/1152853\/","title":{"rendered":"Jimi Blue Ochsenknecht: Trotz Zahlung muss er wieder vor Gericht"},"content":{"rendered":"<p>Nach \u00c4rger um Hotelrechnung <\/p>\n<p>Jimi Blue Ochsenknecht muss wieder vor Gericht<\/p>\n<p>08.07.2026 &#8211; 15:47 UhrLesedauer: 2 Min.<\/p>\n<p><a href=\"#focus-0\" class=\"transition-colors block text-current relative\" data-sctrack=\"FocusGalleryImage.Reference\"><img fetchpriority=\"high\" data-testid=\"Opener.Image\"   loading=\"eager\" src=\"https:\/\/www.europesays.com\/de\/wp-content\/uploads\/2026\/07\/jimi-blue-ochsenknecht-der-schauspieler-war-2025-fuer-mehrere-wochen-in-haft.jpg\" alt=\"Jimi Blue Ochsenknecht: Der Schauspieler war 2025 f\u00fcr mehrere Wochen in Haft.\" title=\"Jimi Blue Ochsenknecht: Der Schauspieler war 2025 f\u00fcr mehrere Wochen in Haft.\" width=\"4581\" height=\"2577\" class=\"bg-[url:var(--lqipURL)] bg-cover bg-center flex h-full w-full max-w-full\" style=\"--lqipURL:url('https:\/\/images.t-online.de\/2026\/07\/elPuh9EUI2LT\/987x779:4581x2577\/fit-in\/150x0\/filters:blur(25)\/jimi-blue-ochsenknecht-der-schauspieler-war-2025-fuer-mehrere-wochen-in-haft.jpg')\" decoding=\"async\"\/><img loading=\"lazy\" src=\"https:\/\/www.t-online.de\/s\/paper\/_next\/static\/media\/zoom-in.f7dae02f.svg\" alt=\"Vergr\u00f6\u00dfern des Bildes\" title=\"Vergr\u00f6\u00dfern des Bildes\" class=\"block h-[calc(var(--height)_\/_16_*_1rem)] w-[calc(var(--width)_\/_16_*_1rem)] max-w-none absolute right-8 bottom-8 rounded-4 bg-snow p-8\" style=\"--width:32;--height:32\" decoding=\"async\"\/><\/a><\/p>\n<p>Jimi Blue Ochsenknecht: Der Schauspieler war 2025 f\u00fcr mehrere Wochen in Haft. (Quelle: IMAGO\/Frank Hoermann\/SVEN SIMON)<\/p>\n<p><img loading=\"lazy\" src=\"https:\/\/www.t-online.de\/s\/paper\/_next\/static\/media\/audio-volume.6689034c.svg\" alt=\"\" title=\"\" class=\"block h-[calc(var(--height)_\/_16_*_1rem)] w-[calc(var(--width)_\/_16_*_1rem)] max-w-none group-hover:brightness-0 group-hover:invert\" style=\"--width:16;--height:16\" decoding=\"async\"\/>Vorlesen<\/p>\n<p>Aktuelle Zeit:0:00Gesamtdauer:0:00<\/p>\n<p>1x<\/p>\n<p class=\"text-center\">Jetzt neu bei t-online:<\/p>\n<p class=\"text-center\">Schriftgr\u00f6\u00dfe anpassen!<\/p>\n<p><img loading=\"lazy\" src=\"https:\/\/www.t-online.de\/s\/paper\/_next\/static\/media\/font-sizes.32942e33.svg\" alt=\"\" title=\"\" class=\"block h-[calc(var(--height)_\/_16_*_1rem)] w-[calc(var(--width)_\/_16_*_1rem)] max-w-none group-hover:hidden group-aria-expanded:hidden\" style=\"--width:16;--height:16\" decoding=\"async\"\/><img loading=\"lazy\" src=\"https:\/\/www.t-online.de\/s\/paper\/_next\/static\/media\/font-sizes-dark-mode.e382645c.svg\" alt=\"\" title=\"\" class=\"block h-[calc(var(--height)_\/_16_*_1rem)] w-[calc(var(--width)_\/_16_*_1rem)] max-w-none hidden group-hover:block group-aria-expanded:block\" style=\"--width:16;--height:16\" decoding=\"async\"\/><img loading=\"lazy\" src=\"https:\/\/www.t-online.de\/s\/paper\/_next\/static\/media\/sharing-menu-icon.1eb71368.svg\" alt=\"\" title=\"\" class=\"block h-[calc(var(--height)_\/_16_*_1rem)] w-[calc(var(--width)_\/_16_*_1rem)] max-w-none group-hover:brightness-0 group-hover:invert\" style=\"--width:16;--height:16\" decoding=\"async\"\/>Artikel teilen<\/p>\n<p class=\"font-bold text-18 leading-17 user-text-lg:text-22 user-text-xl:text-24\">Der Fall schien erledigt: Jimi Blue Ochsenknecht hatte die Hotelrechnung gezahlt und kam ohne Strafe davon. Doch nun hat ein Gericht diese Entscheidung gekippt.<\/p>\n<p class=\"text-18 leading-17 user-text-lg:text-22 user-text-xl:text-24\">Ende 2021 feierte <a href=\"https:\/\/www.t-online.de\/themen\/jimi-blue-ochsenknecht\/\" class=\"transition-colors cursor-pointer no-underline md:hover:text-magenta md:focus:text-magenta border-b border-solid border-current text-salemsfur md:hover:border-magenta\" data-tracking=\"{&quot;action&quot;:&quot;click&quot;,&quot;category&quot;:&quot;intextLink&quot;,&quot;label&quot;:&quot;\/themen\/jimi-blue-ochsenknecht\/&quot;}\" data-sctrack=\"BodyAnchor\" rel=\"nofollow noopener\" target=\"_blank\">Jimi Blue Ochsenknecht<\/a> in einem Vier-Sterne-Hotel in Kirchberg bei Kitzb\u00fchel seinen 30. Geburtstag. Die Rechnung \u00fcber 13.827,30 Euro blieb danach jahrelang unbezahlt. Im August 2025 schien die Sache vor dem Landesgericht Innsbruck schlie\u00dflich beigelegt: Ochsenknecht \u00fcbernahm Verantwortung, zahlte 18.000 Euro und kam ohne Strafe davon.<\/p>\n<p class=\"text-18 leading-17 user-text-lg:text-22 user-text-xl:text-24\">Doch damit ist der Fall nun doch nicht abgeschlossen. Die Staatsanwaltschaft Innsbruck legte Beschwerde gegen diese Entscheidung ein und bekam Recht. Das Oberlandesgericht Innsbruck hat der Beschwerde stattgegeben, wie unter anderem &#8222;oe24&#8220; berichtet. Der Prozess muss von vorn beginnen.<\/p>\n<ul class=\"text-18 leading-17 block pl-24 *:pb-16 *:before:inline-block *:before:size-8 *:before:bg-magenta *:before:mt-0 *:before:mr-12 *:before:mb-2 *:before:-ml-[20px]\">\n<li><strong class=\"font-bold\">Jimi Blue Ochsenknecht festgenommen:<\/strong> <a href=\"https:\/\/www.t-online.de\/unterhaltung\/stars\/id_100792734\/jimi-blue-ochsenknecht-in-u-haft-ex-freundin-yeliz-koc-begleicht-rechnung.html\" class=\"transition-colors cursor-pointer no-underline md:hover:text-magenta md:focus:text-magenta border-b border-solid border-current text-salemsfur md:hover:border-magenta\" data-tracking=\"{&quot;action&quot;:&quot;click&quot;,&quot;category&quot;:&quot;intextLink&quot;,&quot;label&quot;:&quot;\/unterhaltung\/stars\/id_100792734\/jimi-blue-ochsenknecht-in-u-haft-ex-freundin-yeliz-koc-begleicht-rechnung.html&quot;}\" data-sctrack=\"BodyAnchor\" rel=\"nofollow noopener\" target=\"_blank\">Diese Ex beglich seine Rechnung<\/a><\/li>\n<\/ul>\n<p class=\"text-18 leading-17 user-text-lg:text-22 user-text-xl:text-24\">Der Richtersenat habe entschieden, dass &#8222;die Verantwortung des Angeklagten und die geleistete Schadensgutmachung nicht ausreichen, um daraus eine von Unrechtsbewusstsein getragene Verantwortungs\u00fcbernahme abzuleiten&#8220;. Eine solche Verantwortungs\u00fcbernahme sei aber Voraussetzung daf\u00fcr, ein Strafverfahren auf diesem Weg einzustellen.<\/p>\n<p>Termin steht noch nicht fest<\/p>\n<p class=\"text-18 leading-17 user-text-lg:text-22 user-text-xl:text-24\">F\u00fcr Jimi Blue Ochsenknecht gibt es gegen diesen Beschluss keine weiteren rechtlichen M\u00f6glichkeiten. Das Verfahren wird nun am Landesgericht Innsbruck fortgesetzt. Wann der neue Prozesstermin stattfindet, steht noch nicht fest.<\/p>\n<p><img loading=\"lazy\" src=\"https:\/\/www.t-online.de\/s\/paper\/_next\/static\/media\/video-carousel-play.6f25714b.svg\" alt=\"\" title=\"\" class=\"block h-[calc(var(--height)_\/_16_*_1rem)] w-[calc(var(--width)_\/_16_*_1rem)] max-w-none undefined\" style=\"--height:12\" decoding=\"async\"\/><\/p>\n<p class=\"text-18 leading-17 user-text-lg:text-22 user-text-xl:text-24\">Dem Sohn von Schauspieler <a href=\"https:\/\/www.t-online.de\/themen\/uwe-ochsenknecht\/\" class=\"transition-colors cursor-pointer no-underline md:hover:text-magenta md:focus:text-magenta border-b border-solid border-current text-salemsfur md:hover:border-magenta\" data-tracking=\"{&quot;action&quot;:&quot;click&quot;,&quot;category&quot;:&quot;intextLink&quot;,&quot;label&quot;:&quot;\/themen\/uwe-ochsenknecht\/&quot;}\" data-sctrack=\"BodyAnchor\" rel=\"nofollow noopener\" target=\"_blank\">Uwe Ochsenknecht<\/a> wird schwerer Betrug vorgeworfen. Trotz mehrfacher Mahnungen, Ratenzahlungsangeboten und rechtskr\u00e4ftiger Zivilurteile hatte Jimi Blue Ochsenknecht die unbezahlte Rechnung des Hotels &#8222;Sonne&#8220; in Kirchberg bei Kitzb\u00fchel nie beglichen. Hotelchef Wilhelm Steindl erstattete schlie\u00dflich Anzeige.<\/p>\n<p class=\"text-18 leading-17 user-text-lg:text-22 user-text-xl:text-24\">Im Juni 2025 wurde Jimi Blue Ochsenknecht am Hamburger <a href=\"https:\/\/www.t-online.de\/themen\/flughafen\/\" class=\"transition-colors cursor-pointer no-underline md:hover:text-magenta md:focus:text-magenta border-b border-solid border-current text-salemsfur md:hover:border-magenta\" data-tracking=\"{&quot;action&quot;:&quot;click&quot;,&quot;category&quot;:&quot;intextLink&quot;,&quot;label&quot;:&quot;\/themen\/flughafen\/&quot;}\" data-sctrack=\"BodyAnchor\" rel=\"nofollow noopener\" target=\"_blank\">Flughafen<\/a> festgenommen und sa\u00df 23 Tage in Untersuchungshaft. Erst dann wurde der offene Betrag von 13.827,30 Euro bezahlt, woraufhin Ochsenknecht gegen Kaution freikam. F\u00fcr ihn gilt weiterhin die Unschuldsvermutung.<\/p>\n","protected":false},"excerpt":{"rendered":"Nach \u00c4rger um Hotelrechnung Jimi Blue Ochsenknecht muss wieder vor Gericht 08.07.2026 &#8211; 15:47 UhrLesedauer: 2 Min. Jimi&hellip;\n","protected":false},"author":2,"featured_media":1152854,"comment_status":"","ping_status":"","sticky":false,"template":"","format":"standard","meta":{"footnotes":"","_share_on_mastodon":"0"},"categories":[1776],"tags":[722,17161,1801,29,214,30,76854,49827,34322,108000,9290,1802,1997,215],"class_list":["post-1152853","post","type-post","status-publish","format-standard","has-post-thumbnail","category-prominente","tag-722","tag-17161","tag-celebrities","tag-deutschland","tag-entertainment","tag-germany","tag-hotelrechnung","tag-innsbruck","tag-jimi-blue-ochsenknecht","tag-kirchberg","tag-kitzbuehel","tag-prominente","tag-staatsanwaltschaft","tag-unterhaltung"],"share_on_mastodon":{"url":"","error":""},"_links":{"self":[{"href":"https:\/\/www.europesays.com\/de\/wp-json\/wp\/v2\/posts\/1152853","targetHints":{"allow":["GET"]}}],"collection":[{"href":"https:\/\/www.europesays.com\/de\/wp-json\/wp\/v2\/posts"}],"about":[{"href":"https:\/\/www.europesays.com\/de\/wp-json\/wp\/v2\/types\/post"}],"author":[{"embeddable":true,"href":"https:\/\/www.europesays.com\/de\/wp-json\/wp\/v2\/users\/2"}],"replies":[{"embeddable":true,"href":"https:\/\/www.europesays.com\/de\/wp-json\/wp\/v2\/comments?post=1152853"}],"version-history":[{"count":0,"href":"https:\/\/www.europesays.com\/de\/wp-json\/wp\/v2\/posts\/1152853\/revisions"}],"wp:featuredmedia":[{"embeddable":true,"href":"https:\/\/www.europesays.com\/de\/wp-json\/wp\/v2\/media\/1152854"}],"wp:attachment":[{"href":"https:\/\/www.europesays.com\/de\/wp-json\/wp\/v2\/media?parent=1152853"}],"wp:term":[{"taxonomy":"category","embeddable":true,"href":"https:\/\/www.europesays.com\/de\/wp-json\/wp\/v2\/categories?post=1152853"},{"taxonomy":"post_tag","embeddable":true,"href":"https:\/\/www.europesays.com\/de\/wp-json\/wp\/v2\/tags?post=1152853"}],"curies":[{"name":"wp","href":"https:\/\/api.w.org\/{rel}","templated":true}]}}