{"id":1152873,"date":"2026-07-08T22:52:21","date_gmt":"2026-07-08T22:52:21","guid":{"rendered":"https:\/\/www.europesays.com\/de\/1152873\/"},"modified":"2026-07-08T22:52:21","modified_gmt":"2026-07-08T22:52:21","slug":"pol-sl-oeffentlichkeitsfahndung-nach-einem-entwichenen-strafgefangenen-polizei","status":"publish","type":"post","link":"https:\/\/www.europesays.com\/de\/1152873\/","title":{"rendered":"POL-SL: \u00d6ffentlichkeitsfahndung nach einem entwichenen Strafgefangenen \/ Polizei &#8230;"},"content":{"rendered":"<p class=\"date\">08.07.2026 \u2013 20:00<\/p>\n<p class=\"customer\">\n                        <a class=\"story-customer\" title=\"weiter zum newsroom von Landespolizeidirektion Saarland\" href=\"https:\/\/www.presseportal.de\/blaulicht\/nr\/120462\" rel=\"nofollow noopener\" target=\"_blank\">Landespolizeidirektion Saarland<\/a>\n                    <\/p>\n<p><a class=\"glightbox event-trigger\" href=\"https:\/\/cache.pressmailing.net\/thumbnail\/story_hires\/abb02dac-b806-4171-890b-270a63c15f9c\/%C3%96F_Stegnitz.jpg.jpg\" data-description=\"Quelle: Polizei Saarland\" data-category=\"medialightbox\" data-action=\"click\" data-label=\"single\" data-value=\"6a4e9028270000fd2c2e0252\" rel=\"nofollow noopener\" target=\"_blank\"><img decoding=\"async\" height=\"540\" with=\"720\" src=\"https:\/\/www.europesays.com\/de\/wp-content\/uploads\/2026\/07\/pol-sl-ffentlichkeitsfahndung-nach-einem-entwichenen-strafgefangenen-polizei-sucht-44-j-hrigen-mario.jpeg\"   alt=\"POL-SL: \u00d6ffentlichkeitsfahndung nach einem entwichenen Strafgefangenen \/ Polizei sucht 44-j\u00e4hrigen Mario Stegnitz\" class=\"single\"\/><\/a><\/p>\n<p><a data-category=\"citylink-story-view\" data-action=\"click\" data-label=\"Citylink in Meldungsansicht\" class=\"story-city event-trigger\" href=\"https:\/\/www.presseportal.de\/regional\/Saarbr%FCcken%252FSchmelz\" title=\"News aus Saarbr\u00fccken\/Schmelz \" rel=\"nofollow noopener\" target=\"_blank\">Saarbr\u00fccken\/Schmelz<\/a> (ots)<\/p>\n<p>Die Polizei sucht den entwichenen Strafgefangenen Mario Stegnitz. Der 44-J\u00e4hrige fl\u00fcchtete bei einer genehmigten Ausf\u00fchrung im Bereich Schmelz. Die Polizei bittet die Bev\u00f6lkerung um Mithilfe und warnt zugleich vor einer direkten Kontaktaufnahme mit der Person.<\/p>\n<p>Herr Stegnitz verb\u00fc\u00dft derzeit eine langj\u00e4hrige Freiheitsstrafe. Am heutigen Tag entwich Herr Stegnitz gegen 15:00 Uhr im Rahmen einer genehmigten Ausf\u00fchrung in Schmelz.<\/p>\n<p>Die Person wird folgenderma\u00dfen beschrieben:<\/p>\n<p>   &#8211; 192 cm gro\u00df<br \/>\n   &#8211; schlanke Statur<br \/>\n   &#8211; schwarze Haare<br \/>\n   &#8211; schwarzer Oberlippenbart<br \/>\n   &#8211; braune Augen<br \/>\n   &#8211; Narbe am rechten Oberschenkel<br \/>\n   &#8211; T\u00e4towierung am linken Unterarm<br \/>\n   &#8211; trug ein cremefarbenes T-Shirt, eine lange, hellblaue Jeans,<br \/>\n     wei\u00dfe Turnschuhe der Marke Nike<\/p>\n<p>Die polizeilichen Fahndungsma\u00dfnahmen laufen auf Hochtouren.<\/p>\n<p>Sachdienliche Hinweise zum Aufenthalt der Person nimmt die Polizeiinspektion Saarbr\u00fccken-Stadt, Tel.: 0681\/9321-233 entgegen. Bei Sichtkontakt oder Antreffen der Person bitte sofort den Polizei Notruf 110 kontaktieren. Eine direkte Kontaktaufnahme zu der Person ist auf jeden Fall zu unterlassen. Zudem weist die Polizei darauf hin, keine Anhalter mitzunehmen.<\/p>\n<p class=\"contact-headline\">R\u00fcckfragen von Medienvertretern bitte an:<\/p>\n<p class=\"contact-text\">Landespolizeidirektion Saarland<br \/>Jens Dewes<br \/>Mainzer Stra\u00dfe 134-136<br \/>66121 Saarbr\u00fccken<br \/>Telefon: 0681\/ 962-8014<br \/>E-Mail: <a href=\"https:\/\/www.presseportal.de\/blaulicht\/pm\/120462\/mailto:lpd-presse@polizei.slpol.de\" class=\"uri-mailto\" rel=\"nofollow noopener\" target=\"_blank\">lpd-presse@polizei.slpol.de<\/a><br \/>Internet: <a target=\"_blank\" class=\"uri-ext outbound\" rel=\"noopener nofollow\" href=\"https:\/\/www.polizei.saarland.de\">www.polizei.saarland.de<\/a><br \/>Twitter: <a target=\"_blank\" class=\"uri-ext outbound\" rel=\"noopener nofollow\" href=\"https:\/\/twitter.com\/polizeisaarland?lang=de\">https:\/\/twitter.com\/polizeisaarland?lang=de<\/a><br \/>Facebook: <a target=\"_blank\" class=\"uri-ext outbound\" rel=\"noopener nofollow\" href=\"https:\/\/de-de.facebook.com\/Polizei.Saarland\">https:\/\/de-de.facebook.com\/Polizei.Saarland<\/a><br \/>Instagram: <a target=\"_blank\" class=\"uri-ext outbound\" rel=\"noopener nofollow\" href=\"https:\/\/www.instagram.com\/polizei_saarland\">https:\/\/www.instagram.com\/polizei_saarland<\/a><br \/>Youtube: <a target=\"_blank\" class=\"uri-ext outbound\" rel=\"noopener nofollow\" href=\"https:\/\/www.youtube.com\/channel\/UCjrFf1AVlv7NqaGzigS1R-g\">https:\/\/www.youtube.com\/channel\/UCjrFf1AVlv7NqaGzigS1R-g<\/a><\/p>\n<p class=\"originator\">Original-Content von: Landespolizeidirektion Saarland, \u00fcbermittelt durch news aktuell<\/p>\n<p>            <script async src=\"https:\/\/platform.twitter.com\/widgets.js\" charset=\"utf-8\"><\/script><script async src=\"\/\/www.instagram.com\/embed.js\"><\/script><\/p>\n","protected":false},"excerpt":{"rendered":"08.07.2026 \u2013 20:00 Landespolizeidirektion Saarland Saarbr\u00fccken\/Schmelz (ots) Die Polizei sucht den entwichenen Strafgefangenen Mario Stegnitz. Der 44-J\u00e4hrige fl\u00fcchtete&hellip;\n","protected":false},"author":2,"featured_media":1152874,"comment_status":"","ping_status":"","sticky":false,"template":"","format":"standard","meta":{"footnotes":"","_share_on_mastodon":"0"},"categories":[2],"tags":[29,30,13,177,14,15,121,178,180,179,181,12,38044,10,8,9,11],"class_list":["post-1152873","post","type-post","status-publish","format-standard","has-post-thumbnail","category-deutschland","tag-deutschland","tag-germany","tag-headlines","tag-kriminalitt","tag-nachrichten","tag-news","tag-polizei","tag-presse","tag-pressemeldung","tag-pressemitteilung","tag-pressemitteilungen","tag-schlagzeilen","tag-sl","tag-top-news","tag-top-meldungen","tag-topmeldungen","tag-topnews"],"share_on_mastodon":{"url":"https:\/\/pubeurope.com\/@de\/116886814560250348","error":""},"_links":{"self":[{"href":"https:\/\/www.europesays.com\/de\/wp-json\/wp\/v2\/posts\/1152873","targetHints":{"allow":["GET"]}}],"collection":[{"href":"https:\/\/www.europesays.com\/de\/wp-json\/wp\/v2\/posts"}],"about":[{"href":"https:\/\/www.europesays.com\/de\/wp-json\/wp\/v2\/types\/post"}],"author":[{"embeddable":true,"href":"https:\/\/www.europesays.com\/de\/wp-json\/wp\/v2\/users\/2"}],"replies":[{"embeddable":true,"href":"https:\/\/www.europesays.com\/de\/wp-json\/wp\/v2\/comments?post=1152873"}],"version-history":[{"count":0,"href":"https:\/\/www.europesays.com\/de\/wp-json\/wp\/v2\/posts\/1152873\/revisions"}],"wp:featuredmedia":[{"embeddable":true,"href":"https:\/\/www.europesays.com\/de\/wp-json\/wp\/v2\/media\/1152874"}],"wp:attachment":[{"href":"https:\/\/www.europesays.com\/de\/wp-json\/wp\/v2\/media?parent=1152873"}],"wp:term":[{"taxonomy":"category","embeddable":true,"href":"https:\/\/www.europesays.com\/de\/wp-json\/wp\/v2\/categories?post=1152873"},{"taxonomy":"post_tag","embeddable":true,"href":"https:\/\/www.europesays.com\/de\/wp-json\/wp\/v2\/tags?post=1152873"}],"curies":[{"name":"wp","href":"https:\/\/api.w.org\/{rel}","templated":true}]}}