{"id":1153123,"date":"2026-07-09T01:30:20","date_gmt":"2026-07-09T01:30:20","guid":{"rendered":"https:\/\/www.europesays.com\/de\/1153123\/"},"modified":"2026-07-09T01:30:20","modified_gmt":"2026-07-09T01:30:20","slug":"transfergeruechte-um-said-el-mala","status":"publish","type":"post","link":"https:\/\/www.europesays.com\/de\/1153123\/","title":{"rendered":"Transferger\u00fcchte um Said El Mala"},"content":{"rendered":"<p>Offensivtalent des 1. FC K\u00f6ln <\/p>\n<p>Ringen um Said El Mala: Mutter wohl mit Machtwort<\/p>\n<p>08.07.2026 &#8211; 17:46 UhrLesedauer: 2 Min.<\/p>\n<p><a href=\"#focus-0\" class=\"transition-colors block text-current relative\" data-sctrack=\"FocusGalleryImage.Reference\"><img fetchpriority=\"high\" data-testid=\"Opener.Image\"   loading=\"eager\" src=\"https:\/\/www.europesays.com\/de\/wp-content\/uploads\/2026\/07\/said-el-mala-beim-saisonfinale-gegen-den-fc-bayern-muenchen-das-offensivtalent-wird-von-zahlreichen-.jpeg\" alt=\"Said El Mala beim Saisonfinale gegen den FC Bayern M\u00fcnchen: Das Offensivtalent wird von zahlreichen Klubs umworben \u2013 ein unmittelbarer Wechsel ist aber wohl vom Tisch.\" title=\"Said El Mala beim Saisonfinale gegen den FC Bayern M\u00fcnchen: Das Offensivtalent wird von zahlreichen Klubs umworben \u2013 ein unmittelbarer Wechsel ist aber wohl vom Tisch.\" width=\"1272\" height=\"715\" class=\"bg-[url:var(--lqipURL)] bg-cover bg-center flex h-full w-full max-w-full\" style=\"--lqipURL:url('https:\/\/images.t-online.de\/2026\/07\/2Oa-iYiobrv-\/1244x345:1272x715\/fit-in\/150x0\/filters:blur(25)\/said-el-mala-beim-saisonfinale-gegen-den-fc-bayern-muenchen-das-offensivtalent-wird-von-zahlreichen-klubs-umworben-ein-unmittelbarer-wechsel-ist-aber-wohl-vom-tisch.jpg')\" decoding=\"async\"\/><img loading=\"lazy\" src=\"https:\/\/koeln.t-online.de\/s\/paper\/_next\/static\/media\/zoom-in.f7dae02f.svg\" alt=\"Vergr\u00f6\u00dfern des Bildes\" title=\"Vergr\u00f6\u00dfern des Bildes\" class=\"block h-[calc(var(--height)_\/_16_*_1rem)] w-[calc(var(--width)_\/_16_*_1rem)] max-w-none absolute right-8 bottom-8 rounded-4 bg-snow p-8\" style=\"--width:32;--height:32\" decoding=\"async\"\/><\/a><\/p>\n<p>Said El Mala beim Saisonfinale gegen den FC Bayern M\u00fcnchen: Das Offensivtalent wird von zahlreichen Klubs umworben \u2013 ein unmittelbarer Wechsel ist aber wohl vom Tisch. (Quelle: IMAGO\/Markus Ulmer\/imago)<\/p>\n<p><img loading=\"lazy\" src=\"https:\/\/koeln.t-online.de\/s\/paper\/_next\/static\/media\/audio-volume.6689034c.svg\" alt=\"\" title=\"\" class=\"block h-[calc(var(--height)_\/_16_*_1rem)] w-[calc(var(--width)_\/_16_*_1rem)] max-w-none group-hover:brightness-0 group-hover:invert\" style=\"--width:16;--height:16\" decoding=\"async\"\/>Vorlesen<\/p>\n<p>Aktuelle Zeit:0:00Gesamtdauer:0:00<\/p>\n<p>1x<\/p>\n<p class=\"text-center\">Jetzt neu bei t-online:<\/p>\n<p class=\"text-center\">Schriftgr\u00f6\u00dfe anpassen!<\/p>\n<p><img loading=\"lazy\" src=\"https:\/\/koeln.t-online.de\/s\/paper\/_next\/static\/media\/font-sizes.32942e33.svg\" alt=\"\" title=\"\" class=\"block h-[calc(var(--height)_\/_16_*_1rem)] w-[calc(var(--width)_\/_16_*_1rem)] max-w-none group-hover:hidden group-aria-expanded:hidden\" style=\"--width:16;--height:16\" decoding=\"async\"\/><img loading=\"lazy\" src=\"https:\/\/koeln.t-online.de\/s\/paper\/_next\/static\/media\/font-sizes-dark-mode.e382645c.svg\" alt=\"\" title=\"\" class=\"block h-[calc(var(--height)_\/_16_*_1rem)] w-[calc(var(--width)_\/_16_*_1rem)] max-w-none hidden group-hover:block group-aria-expanded:block\" style=\"--width:16;--height:16\" decoding=\"async\"\/><img loading=\"lazy\" src=\"https:\/\/koeln.t-online.de\/s\/paper\/_next\/static\/media\/sharing-menu-icon.1eb71368.svg\" alt=\"\" title=\"\" class=\"block h-[calc(var(--height)_\/_16_*_1rem)] w-[calc(var(--width)_\/_16_*_1rem)] max-w-none group-hover:brightness-0 group-hover:invert\" style=\"--width:16;--height:16\" decoding=\"async\"\/>Artikel teilen<\/p>\n<p class=\"font-bold text-18 leading-17 user-text-lg:text-22 user-text-xl:text-24\">Die Ger\u00fcchte um einen Wechsel von Said El Mala rei\u00dfen nicht ab. Nun kassiert offenbar ein weiterer Verein eine Absage \u2013 von der Familie.<\/p>\n<p class=\"text-18 leading-17 user-text-lg:text-22 user-text-xl:text-24\">Ein <a href=\"https:\/\/koeln.t-online.de\/region\/koeln\/id_101319246\/1-fc-koeln-rasmus-carstensen-wechselt-zurueck-in-die-heimat.html\" class=\"transition-colors cursor-pointer no-underline md:hover:text-magenta md:focus:text-magenta border-b border-solid border-current text-salemsfur md:hover:border-magenta\" data-tracking=\"{&quot;action&quot;:&quot;click&quot;,&quot;category&quot;:&quot;intextLink&quot;,&quot;label&quot;:&quot;\/region\/koeln\/id_101319246\/1-fc-koeln-rasmus-carstensen-wechselt-zurueck-in-die-heimat.html&quot;}\" data-sctrack=\"BodyAnchor\" rel=\"nofollow noopener\" target=\"_blank\">Wechsel von Said El Mala in die englische Premier League<\/a> ist offenbar erst einmal vom Tisch. Wie die &#8222;Sport Bild&#8220; berichtet, soll sich die Familie um Mutter und Beraterin Sabrina El Mala gegen einen Wechsel auf die Insel ausgesprochen haben \u2013 zumindest in Bezug auf die derzeit interessierten Vereine. Laut dem Bericht k\u00e4me nur ein Wechsel zu einem Verein aus dem obersten Regal infrage.<\/p>\n<p class=\"text-18 leading-17 user-text-lg:text-22 user-text-xl:text-24\">Doch das Interesse von Champions-League-Klubs wie Manchester City, Meister FC Arsenal oder auch Aston Villa ist gering. <a href=\"https:\/\/koeln.t-online.de\/region\/koeln\/id_101318414\/said-el-mala-gibt-der-fc-liverpool-vollgas-fuer-das-koelner-talent-.html\" class=\"transition-colors cursor-pointer no-underline md:hover:text-magenta md:focus:text-magenta border-b border-solid border-current text-salemsfur md:hover:border-magenta\" data-tracking=\"{&quot;action&quot;:&quot;click&quot;,&quot;category&quot;:&quot;intextLink&quot;,&quot;label&quot;:&quot;\/region\/koeln\/id_101318414\/said-el-mala-gibt-der-fc-liverpool-vollgas-fuer-das-koelner-talent-.html&quot;}\" data-sctrack=\"BodyAnchor\" rel=\"nofollow noopener\" target=\"_blank\">Einzig der FC Liverpool soll \u00fcber El Mala nachdenken<\/a>, allerdings nicht als erste Option in diesem Transfersommer. Ein Verbleib des 19 Jahre alten Fl\u00fcgelspielers am Gei\u00dfbockheim wird also durchaus wahrscheinlicher.<\/p>\n<p>Said El Mala: Verbleib beim 1. FC K\u00f6ln wird wahrscheinlicher<\/p>\n<p class=\"text-18 leading-17 user-text-lg:text-22 user-text-xl:text-24\">Denn nach dem FC Brentford und Brighton &amp; Hove Albion soll auch Newcastle United eine Absage von der Familie kassiert haben. <a href=\"https:\/\/www.t-online.de\/sport\/fussball\/bundesliga\/id_101328924\/rekord-transfer-tsg-hoffenheim-kassiert-50-millionen-fuer-bazoumana-toure.html\" class=\"transition-colors cursor-pointer no-underline md:hover:text-magenta md:focus:text-magenta border-b border-solid border-current text-salemsfur md:hover:border-magenta\" data-tracking=\"{&quot;action&quot;:&quot;click&quot;,&quot;category&quot;:&quot;intextLink&quot;,&quot;label&quot;:&quot;https:\/\/www.t-online.de\/sport\/fussball\/bundesliga\/id_101328924\/rekord-transfer-tsg-hoffenheim-kassiert-50-millionen-fuer-bazoumana-toure.html&quot;}\" data-sctrack=\"BodyAnchor\" rel=\"nofollow noopener\" target=\"_blank\">Die &#8222;Magpies&#8220; hatten allerdings erst vor Kurzem mit Bazoumana Tour\u00e9 ein weiteres Bundesliga-Talent von der TSG 1899 Hoffenheim verpflichtet.<\/a> Ein Wechsel war daher in den vergangenen Tagen schon in weite Ferne ger\u00fcckt.<\/p>\n<p class=\"text-18 leading-17 user-text-lg:text-22 user-text-xl:text-24\">Einzig Brighton, trainiert vom deutschen \u00dcbungsleiter Fabian H\u00fcrzeler, soll weiterhin nicht aufgegeben haben. Die &#8222;Seagulls&#8220; sind bekannt f\u00fcr die Entwicklung internationaler Top-Talente, unter anderem Ecuadors Mannschaftskapit\u00e4n Moises Caicedo oder der brasilianische Mittelst\u00fcrmer Joao Pedro entwickelten sich an der englischen S\u00fcdk\u00fcste. <a href=\"https:\/\/koeln.t-online.de\/region\/koeln\/id_101329856\/1-fc-koeln-englisches-talent-mikey-moore-als-ersatz-fuer-said-el-mala-.html\" class=\"transition-colors cursor-pointer no-underline md:hover:text-magenta md:focus:text-magenta border-b border-solid border-current text-salemsfur md:hover:border-magenta\" data-tracking=\"{&quot;action&quot;:&quot;click&quot;,&quot;category&quot;:&quot;intextLink&quot;,&quot;label&quot;:&quot;\/region\/koeln\/id_101329856\/1-fc-koeln-englisches-talent-mikey-moore-als-ersatz-fuer-said-el-mala-.html&quot;}\" data-sctrack=\"BodyAnchor\" rel=\"nofollow noopener\" target=\"_blank\">Erst in diesem Sommer verkaufte Brighton Verteidiger Jan Paul van Hecke f\u00fcr 60 Millionen Euro an die Tottenham Hotspur<\/a>.<\/p>\n<p>Absage an Newcastle United: Wagt Brighton einen letzten Versuch bei El Mala?<\/p>\n<p class=\"text-18 leading-17 user-text-lg:text-22 user-text-xl:text-24\">Das Umfeld d\u00fcrfte also f\u00fcr die Entwicklung Said El Malas f\u00f6rderlich sein. Nur mehren sich die Ger\u00fcchte, dass sich die Familie einen Verbleib in Deutschland w\u00fcnschen soll \u2013 zumindest in der kommenden Saison. Die geforderte Abl\u00f6sesumme von 50 Millionen Euro k\u00f6nnten in der Bundesliga aber wohl nur wenige Klubs zahlen. <a href=\"https:\/\/koeln.t-online.de\/region\/koeln\/id_101301820\/said-el-mala-borussia-dortmund-ueberrascht-mit-grossem-transferpaket.html\" class=\"transition-colors cursor-pointer no-underline md:hover:text-magenta md:focus:text-magenta border-b border-solid border-current text-salemsfur md:hover:border-magenta\" data-tracking=\"{&quot;action&quot;:&quot;click&quot;,&quot;category&quot;:&quot;intextLink&quot;,&quot;label&quot;:&quot;\/region\/koeln\/id_101301820\/said-el-mala-borussia-dortmund-ueberrascht-mit-grossem-transferpaket.html&quot;}\" data-sctrack=\"BodyAnchor\" rel=\"nofollow noopener\" target=\"_blank\">Borussia Dortmund, das weiterhin Interesse haben soll, w\u00fcrde diese Schmerzensgrenze f\u00fcr den 19-J\u00e4hrigen aber wohl nicht \u00fcberschreiten<\/a>.<\/p>\n<ul class=\"text-18 leading-17 block pl-24 *:pb-16 *:before:inline-block *:before:size-8 *:before:bg-magenta *:before:mt-0 *:before:mr-12 *:before:mb-2 *:before:-ml-[20px]\">\n<li><strong class=\"font-bold\">Newsblog<\/strong>: <a href=\"https:\/\/koeln.t-online.de\/region\/koeln\/id_101319246\/1-fc-koeln-rasmus-carstensen-wechselt-zurueck-in-die-heimat.html\" class=\"transition-colors cursor-pointer no-underline md:hover:text-magenta md:focus:text-magenta border-b border-solid border-current text-salemsfur md:hover:border-magenta\" data-tracking=\"{&quot;action&quot;:&quot;click&quot;,&quot;category&quot;:&quot;intextLink&quot;,&quot;label&quot;:&quot;\/region\/koeln\/id_101319246\/1-fc-koeln-rasmus-carstensen-wechselt-zurueck-in-die-heimat.html&quot;}\" data-sctrack=\"BodyAnchor\" rel=\"nofollow noopener\" target=\"_blank\">Alle aktuellen Nachrichten zum 1. FC K\u00f6ln<\/a><\/li>\n<li><strong class=\"font-bold\">Neue Trikots<\/strong>: <a href=\"https:\/\/koeln.t-online.de\/region\/koeln\/id_101329942\/1-fc-koeln-so-kommt-das-neue-trikot-bei-fans-an-umfrage.html\" class=\"transition-colors cursor-pointer no-underline md:hover:text-magenta md:focus:text-magenta border-b border-solid border-current text-salemsfur md:hover:border-magenta\" data-tracking=\"{&quot;action&quot;:&quot;click&quot;,&quot;category&quot;:&quot;intextLink&quot;,&quot;label&quot;:&quot;\/region\/koeln\/id_101329942\/1-fc-koeln-so-kommt-das-neue-trikot-bei-fans-an-umfrage.html&quot;}\" data-sctrack=\"BodyAnchor\" rel=\"nofollow noopener\" target=\"_blank\">Dieses Ergebnis kann den FC-Chefs nicht gefallen<\/a><\/li>\n<\/ul>\n<p class=\"text-18 leading-17 user-text-lg:text-22 user-text-xl:text-24\">Die K\u00f6lner Verantwortlichen stehen unter keinem Handlungsdruck, El Mala hat einen Vertrag bis 2030 \u2013 ohne Ausstiegsklausel. Eine weitere denkbare Option: Die K\u00f6lner werden sich mit einem Klub aus dem Ausland einig, El Mala wird aber noch eine Saison ans Gei\u00dfbockheim ausgeliehen, um Spielpraxis zu sammeln. Die Integration in der Premier League ist f\u00fcr deutsche Top-Talente nicht einfach \u2013 dass zeigt nicht zuletzt die Saison von Florian Wirtz beim FC Liverpool.<\/p>\n","protected":false},"excerpt":{"rendered":"Offensivtalent des 1. FC K\u00f6ln Ringen um Said El Mala: Mutter wohl mit Machtwort 08.07.2026 &#8211; 17:46 UhrLesedauer:&hellip;\n","protected":false},"author":2,"featured_media":1153124,"comment_status":"","ping_status":"","sticky":false,"template":"","format":"standard","meta":{"footnotes":"","_share_on_mastodon":"0"},"categories":[1828],"tags":[623,87238,18654,91559,29,15184,160633,10398,458,53288,954,30,235,1420,80389,1409,50637,1209,957,242001,96014,36503,968],"class_list":["post-1153123","post","type-post","status-publish","format-standard","has-post-thumbnail","category-koeln","tag-1-fc-koeln","tag-87238","tag-aston-villa","tag-brighton-hove-albion","tag-deutschland","tag-el-mala","tag-fabian-huerzeler","tag-fc-arsenal","tag-fc-bayern-muenchen","tag-fc-brentford","tag-fc-liverpool","tag-germany","tag-geruecht","tag-koeln","tag-machtwort","tag-manchester-city","tag-newcastle-united","tag-nordrhein-westfalen","tag-premier-league","tag-sabrina-el-mala","tag-said-el-mala","tag-saisonfinale","tag-tsg-1899-hoffenheim"],"share_on_mastodon":{"url":"https:\/\/pubeurope.com\/@de\/116887437912664122","error":""},"_links":{"self":[{"href":"https:\/\/www.europesays.com\/de\/wp-json\/wp\/v2\/posts\/1153123","targetHints":{"allow":["GET"]}}],"collection":[{"href":"https:\/\/www.europesays.com\/de\/wp-json\/wp\/v2\/posts"}],"about":[{"href":"https:\/\/www.europesays.com\/de\/wp-json\/wp\/v2\/types\/post"}],"author":[{"embeddable":true,"href":"https:\/\/www.europesays.com\/de\/wp-json\/wp\/v2\/users\/2"}],"replies":[{"embeddable":true,"href":"https:\/\/www.europesays.com\/de\/wp-json\/wp\/v2\/comments?post=1153123"}],"version-history":[{"count":0,"href":"https:\/\/www.europesays.com\/de\/wp-json\/wp\/v2\/posts\/1153123\/revisions"}],"wp:featuredmedia":[{"embeddable":true,"href":"https:\/\/www.europesays.com\/de\/wp-json\/wp\/v2\/media\/1153124"}],"wp:attachment":[{"href":"https:\/\/www.europesays.com\/de\/wp-json\/wp\/v2\/media?parent=1153123"}],"wp:term":[{"taxonomy":"category","embeddable":true,"href":"https:\/\/www.europesays.com\/de\/wp-json\/wp\/v2\/categories?post=1153123"},{"taxonomy":"post_tag","embeddable":true,"href":"https:\/\/www.europesays.com\/de\/wp-json\/wp\/v2\/tags?post=1153123"}],"curies":[{"name":"wp","href":"https:\/\/api.w.org\/{rel}","templated":true}]}}