{"id":1153133,"date":"2026-07-09T01:35:19","date_gmt":"2026-07-09T01:35:19","guid":{"rendered":"https:\/\/www.europesays.com\/de\/1153133\/"},"modified":"2026-07-09T01:35:19","modified_gmt":"2026-07-09T01:35:19","slug":"rosalie-brandenburg-wird-zur-besten-vorleserin-gekuert","status":"publish","type":"post","link":"https:\/\/www.europesays.com\/de\/1153133\/","title":{"rendered":"Rosalie Brandenburg wird zur besten Vorleserin gek\u00fcrt"},"content":{"rendered":"<p>Der Wettbewerb der dritten Klassen an der Bolandschule hat Tradition. Sechs Sch\u00fclerinnen und Sch\u00fcler traten gegeneinander an.\u00a0<\/p>\n<p>Herzebrock-Clarholz (ds) &#8211; \u00dcber drei Stufen geht es auf die B\u00fchne. Die nehmen sechs Sch\u00fclerinnen und Sch\u00fcler der Klassen 3a und 3b der Bolandschule, bevor sie auf dem Stuhl Platz nehmen. Dann wird es still in der Aula, die Drittkl\u00e4ssler fangen an zu lesen.<\/p>\n<p class=\"contextmenu caption\">Jury lauscht aufmerksam<\/p>\n<p>Nicht nur vor ihren Klassenkollegen und Lehrerinnen. Besonders aufmerksam h\u00f6rt eine Jury zu. Schlie\u00dflich gilt es, den besten Vorleser oder die beste Vorleserin zu finden. Johanna Thiessen, Rosalie Brandenburg, Moritz Dageroth, Leonard Kamzela, Amira Wittkamp und Mohamed Adnan, von ihren Klassen ausgew\u00e4hlt, lesen zum Auftakt Texte ihrer Wahl.<\/p>\n<p class=\"contextmenu caption\">Fremdtext wird gelesen<\/p>\n<p>Dann geht es in die zweite Runde. Dieses Mal gibt es einen Fremdtext, den Schulleiterin Solveig Poggel ausgesucht hat. <img decoding=\"async\" src=\"https:\/\/www.europesays.com\/de\/wp-content\/uploads\/2026\/07\/img_6715_452c1393_d34c_445a_a1b5_1f1ff7a4cc46.jpg\" class=\"img-responsive inline-image\"\/>Die Vorleser aus den Klassen 3a und 3b, (vorne, v. l.) Rosalie Brandenburg, Johanna Thiessen, Moritz Dageroth, (hinten, v. l.) Leonard Kamzela, Amira Wittkamp und Mohamed Adnan. Eine Passage aus dem Buch \u201eDie Kinder aus dem M\u00f6wenweg\u201c. Den Sch\u00fclern bleiben nur Minuten, um einen Blick darauf zu werfen, den Inhalt zu erfassen und sich Gedanken um Betonung, anspruchsvolle Stellen und mehr zu machen. \u201eEs ist allein schon toll, dass ihr ausgew\u00e4hlt worden seid. Ich dr\u00fccke euch die Daumen\u201c, motiviert Poggel die Kinder.<\/p>\n<p class=\"contextmenu caption\">Applaus f\u00fcr alle\u00a0<\/p>\n<p>Alle meistern die Aufgabe. Abstufungen erkennt die Jury dennoch. Ihr geh\u00f6ren Schulsozialarbeiterin Johanna Brinkrolf, Elisabeth Coldwell-Hoppe als ehemalige Lehrerin, Maria Wonnemann und Sabine Gaudecki vom B\u00fcchereiteam an. Nach kurzer Beratung und einem Lob f\u00fcr alle Vorleserinnen und Vorleser k\u00fcren sie Rosalie Brandenburg aus der 3a zur Gewinnerin, die unter den sechs Teilnehmern den besten Ton samt Lesefluss und anderen Kriterien getroffen hat. Die Drittkl\u00e4sslerin freut sich \u00fcber einen Buchgutschein als Preis. Viel Applaus gibt es f\u00fcr alle als Anerkennung.<\/p>\n<p>Texte und Fotos von die-glocke.de sind urheberrechtlich gesch\u00fctzt.<br \/>\n            Weiterverwendung nur mit Genehmigung der Chefredaktion.<\/p>\n","protected":false},"excerpt":{"rendered":"Der Wettbewerb der dritten Klassen an der Bolandschule hat Tradition. Sechs Sch\u00fclerinnen und Sch\u00fcler traten gegeneinander an.\u00a0 Herzebrock-Clarholz&hellip;\n","protected":false},"author":2,"featured_media":1153134,"comment_status":"","ping_status":"","sticky":false,"template":"","format":"standard","meta":{"footnotes":"","_share_on_mastodon":"0"},"categories":[1816],"tags":[1960,1958,1959,1957,1956,242004,1890,1797,23755,29,30,23754,25094,2337],"class_list":["post-1153133","post","type-post","status-publish","format-standard","has-post-thumbnail","category-brandenburg","tag-aktuelle-nachrichten-aus-berlin-und-brandenburg","tag-aktuelle-nachrichten-aus-brandenburg","tag-aktuelle-news-aus-berlin-und-brandenburg","tag-aktuelle-news-aus-brandenburg","tag-berlin-und-brandenburg","tag-bolandschule","tag-brandenburg","tag-buch","tag-clarholz","tag-deutschland","tag-germany","tag-herzebrock","tag-herzebrock-clarholz","tag-lesen"],"share_on_mastodon":{"url":"https:\/\/pubeurope.com\/@de\/116887455543669391","error":""},"_links":{"self":[{"href":"https:\/\/www.europesays.com\/de\/wp-json\/wp\/v2\/posts\/1153133","targetHints":{"allow":["GET"]}}],"collection":[{"href":"https:\/\/www.europesays.com\/de\/wp-json\/wp\/v2\/posts"}],"about":[{"href":"https:\/\/www.europesays.com\/de\/wp-json\/wp\/v2\/types\/post"}],"author":[{"embeddable":true,"href":"https:\/\/www.europesays.com\/de\/wp-json\/wp\/v2\/users\/2"}],"replies":[{"embeddable":true,"href":"https:\/\/www.europesays.com\/de\/wp-json\/wp\/v2\/comments?post=1153133"}],"version-history":[{"count":0,"href":"https:\/\/www.europesays.com\/de\/wp-json\/wp\/v2\/posts\/1153133\/revisions"}],"wp:featuredmedia":[{"embeddable":true,"href":"https:\/\/www.europesays.com\/de\/wp-json\/wp\/v2\/media\/1153134"}],"wp:attachment":[{"href":"https:\/\/www.europesays.com\/de\/wp-json\/wp\/v2\/media?parent=1153133"}],"wp:term":[{"taxonomy":"category","embeddable":true,"href":"https:\/\/www.europesays.com\/de\/wp-json\/wp\/v2\/categories?post=1153133"},{"taxonomy":"post_tag","embeddable":true,"href":"https:\/\/www.europesays.com\/de\/wp-json\/wp\/v2\/tags?post=1153133"}],"curies":[{"name":"wp","href":"https:\/\/api.w.org\/{rel}","templated":true}]}}