{"id":1153200,"date":"2026-07-09T02:14:30","date_gmt":"2026-07-09T02:14:30","guid":{"rendered":"https:\/\/www.europesays.com\/de\/1153200\/"},"modified":"2026-07-09T02:14:30","modified_gmt":"2026-07-09T02:14:30","slug":"viele-bauarbeiten-am-alten-markt-in-wuppertal","status":"publish","type":"post","link":"https:\/\/www.europesays.com\/de\/1153200\/","title":{"rendered":"Viele Bauarbeiten am Alten Markt in Wuppertal"},"content":{"rendered":"<p class=\"richtext text-em-55 !leading-serif mx-6 desktop:mx-0\">Bereits seit einigen Wochen f\u00fchren die WSW Arbeiten an der <strong class=\"font-bold dark:text-white-solid\">Schwebebahnhaltestelle Alter Markt<\/strong> durch. Seit knapp einer Woche, 29. Juni, ist der Bahnsteig in Fahrtrichtung Oberbarmen gesperrt, um H\u00e4ngeger\u00fcstarbeiten durchzuf\u00fchren. Die Arbeiten sollen noch knapp zwei Wochen dauern. Anschlie\u00dfend \u2013 voraussichtlich ab dem 20. Juli \u2013 folgt die Sperrung des gegen\u00fcberliegenden Bahnsteigs in Fahrtrichtung Vohwinkel. Fahrg\u00e4ste werden gebeten, auf die benachbarten Stationen Adlerbr\u00fccke und Werther Br\u00fccke auszuweichen oder parallel verkehrende Buslinien zu nutzen. <\/p>\n","protected":false},"excerpt":{"rendered":"Bereits seit einigen Wochen f\u00fchren die WSW Arbeiten an der Schwebebahnhaltestelle Alter Markt durch. Seit knapp einer Woche,&hellip;\n","protected":false},"author":2,"featured_media":1153201,"comment_status":"","ping_status":"","sticky":false,"template":"","format":"standard","meta":{"footnotes":"","_share_on_mastodon":"0"},"categories":[1840],"tags":[4453,242015,161229,10943,17655,46349,129423,18412,3364,29,4234,108558,30,1209,6397,52027,20178,17123,4418],"class_list":["post-1153200","post","type-post","status-publish","format-standard","has-post-thumbnail","category-wuppertal","tag-4453","tag-abschliessen","tag-abschliessenden","tag-anfang","tag-baustellen","tag-baustellenbereich","tag-baustellenlage","tag-bereich","tag-de","tag-deutschland","tag-fahrtrichtung","tag-fortschritte","tag-germany","tag-nordrhein-westfalen","tag-stadtwerke","tag-uellendahler","tag-wall","tag-wsw","tag-wuppertal"],"share_on_mastodon":{"url":"https:\/\/pubeurope.com\/@de\/116887608841640246","error":""},"_links":{"self":[{"href":"https:\/\/www.europesays.com\/de\/wp-json\/wp\/v2\/posts\/1153200","targetHints":{"allow":["GET"]}}],"collection":[{"href":"https:\/\/www.europesays.com\/de\/wp-json\/wp\/v2\/posts"}],"about":[{"href":"https:\/\/www.europesays.com\/de\/wp-json\/wp\/v2\/types\/post"}],"author":[{"embeddable":true,"href":"https:\/\/www.europesays.com\/de\/wp-json\/wp\/v2\/users\/2"}],"replies":[{"embeddable":true,"href":"https:\/\/www.europesays.com\/de\/wp-json\/wp\/v2\/comments?post=1153200"}],"version-history":[{"count":0,"href":"https:\/\/www.europesays.com\/de\/wp-json\/wp\/v2\/posts\/1153200\/revisions"}],"wp:featuredmedia":[{"embeddable":true,"href":"https:\/\/www.europesays.com\/de\/wp-json\/wp\/v2\/media\/1153201"}],"wp:attachment":[{"href":"https:\/\/www.europesays.com\/de\/wp-json\/wp\/v2\/media?parent=1153200"}],"wp:term":[{"taxonomy":"category","embeddable":true,"href":"https:\/\/www.europesays.com\/de\/wp-json\/wp\/v2\/categories?post=1153200"},{"taxonomy":"post_tag","embeddable":true,"href":"https:\/\/www.europesays.com\/de\/wp-json\/wp\/v2\/tags?post=1153200"}],"curies":[{"name":"wp","href":"https:\/\/api.w.org\/{rel}","templated":true}]}}