{"id":1153329,"date":"2026-07-09T03:37:18","date_gmt":"2026-07-09T03:37:18","guid":{"rendered":"https:\/\/www.europesays.com\/de\/1153329\/"},"modified":"2026-07-09T03:37:18","modified_gmt":"2026-07-09T03:37:18","slug":"neue-eisdiele-in-hagsfeld-wie-dieser-ghettoblaster-baden-wuerttemberg-erobern-will","status":"publish","type":"post","link":"https:\/\/www.europesays.com\/de\/1153329\/","title":{"rendered":"Neue Eisdiele in Hagsfeld: Wie dieser \u201eGhettoblaster\u201c Baden-W\u00fcrttemberg erobern will"},"content":{"rendered":"<p class=\"mb-6 text-xs-varying md:text-m lg:text-l font-serif group-[.font-sans]:font-sans \">\n    <a href=\"https:\/\/www.ka-news.de\/karlsruhe\/gastro-und-handel\/eis-aus-dem-ghettoblaster-karlsruhe-hat-eine-neue-attraktion-5-114485764\" target=\"_self\" class=\"underline \" rel=\"nofollow noopener\">Seit dem 26. Juli hat Wingseng Cheng seine Ghettoblaster-Eisdiele <strong class=\"font-bold\">\u201eChimi\u2018s Gelato\u201c<\/strong> beim ASV Hagsfeld er\u00f6ffnet.<\/a> Das am selben Tag geplante Sportfest des Vereins fiel <a href=\"https:\/\/www.ka-news.de\/karlsruhe\/wetter-karlsruhe-hitzewelle-vorerst-vorbei-gewitterwarnungen-aufgehoben-114460538\" target=\"_self\" class=\"underline \" rel=\"nofollow noopener\">wegen der Hitzewelle<\/a> in <a href=\"https:\/\/www.ka-news.de\/promis\/karlsruhe-kulturlandschaft-technologieregion-und-residenz-des-rechts-die-faecherstadt-im-ueberblick-art-2783253\" target=\"_self\" class=\"underline \" rel=\"nofollow noopener\">Karlsruhe<\/a> aus \u2013 die Er\u00f6ffnung fand dennoch statt. \u201eEis sei zum Gl\u00fcck ein schnelles Gesch\u00e4ft\u201c, erkl\u00e4rt Cheng gegen\u00fcber der Redaktion am 6. Juli \u2013 lange Warteschlangen gebe es deshalb nicht.\n  <\/p>\n<p>    <img decoding=\"async\" src=\"https:\/\/www.europesays.com\/de\/wp-content\/uploads\/2026\/07\/pxl20260706122221345portrait.jpg\" alt=\"Wingseng Cheng und seine Ghettoblaster-Eisdiele sorgen f\u00fcr medialen Hype.\" title=\"Wingseng Cheng und seine Ghettoblaster-Eisdiele sorgen f\u00fcr medialen Hype.\" loading=\"lazy\" class=\"h-full w-full object-cover\"\/><\/p>\n<p>      Icon vergr\u00f6\u00dfern<\/p>\n<p>    Wingseng Cheng und seine Ghettoblaster-Eisdiele sorgen f\u00fcr medialen Hype.<br \/>\n    Foto: Gerrit Lieb<\/p>\n<p>        Schlie\u00dfen <\/p>\n<p>      Icon Schlie\u00dfen<\/p>\n<p>        Icon vergr\u00f6\u00dfern<\/p>\n<p>        Icon verkleinern<\/p>\n<p>      Icon Pfeil bewegen<\/p>\n<p>    Wingseng Cheng und seine Ghettoblaster-Eisdiele sorgen f\u00fcr medialen Hype.<br \/>\n    Foto: Gerrit Lieb<\/p>\n<p>            G\u00e4ste kommen aus Berlin und der Slowakei<\/p>\n<p class=\"mb-6 text-xs-varying md:text-m lg:text-l font-serif group-[.font-sans]:font-sans \">\n    Das Konzept komme gut an: Gro\u00df und Klein h\u00e4tten Gefallen an der Eisdiele, aus deren Boxen Hits laufen, w\u00e4hrend im Wagen die Eisw\u00fcnsche zusammengestellt werden. <strong class=\"font-bold\">\u201eDie Kunden kommen wegen des Ghettoblasters \u2013 und bleiben dann f\u00fcrs Eis\u201c<\/strong>, sagt Cheng. So sei ein Besucher gar aus Berlin angereist, <strong class=\"font-bold\">ein anderer aus der Slowakei. <\/strong>\u201eEr hat spontan einen kurzen Stopp von der Autobahn aus eingelegt, nachdem er von uns in den Medien erfahren hatte\u201c, erz\u00e4hlt Cheng.\n  <\/p>\n<p>    <img decoding=\"async\" src=\"https:\/\/www.europesays.com\/de\/wp-content\/uploads\/2026\/07\/pxl20260706122120498portrait.jpg\" alt=\"Himbeer-Zitrone ist die beliebteste Eissorte.\" title=\"Himbeer-Zitrone ist die beliebteste Eissorte.\" loading=\"lazy\" class=\"h-full w-full object-cover\"\/><\/p>\n<p>      Icon vergr\u00f6\u00dfern<\/p>\n<p>    Himbeer-Zitrone ist die beliebteste Eissorte.<br \/>\n    Foto: Gerrit Lieb<\/p>\n<p>        Schlie\u00dfen <\/p>\n<p>      Icon Schlie\u00dfen<\/p>\n<p>        Icon vergr\u00f6\u00dfern<\/p>\n<p>        Icon verkleinern<\/p>\n<p>      Icon Pfeil bewegen<\/p>\n<p>    Himbeer-Zitrone ist die beliebteste Eissorte.<br \/>\n    Foto: Gerrit Lieb<\/p>\n<p>            Follower Friday: Instagram-Follower zahlen 30 Cent weniger<\/p>\n<p class=\"mb-6 text-xs-varying md:text-m lg:text-l font-serif group-[.font-sans]:font-sans \">\n    Freitags gibt es au\u00dferdem den Follower Friday: <strong class=\"font-bold\">Instagram-Follower zahlen pro Kugel\u00a01,50 Euro\u00a0statt\u00a01,80 Euro.<\/strong> In den kommenden Wochen ist zudem ein <strong class=\"font-bold\">Programm mit\u00a0DJ<\/strong>\u00a0geplant, der sein Pult auf dem Ghettoblaster aufbaut. Kommt das gut an, soll daraus ein fester Termin\u00a0an <strong class=\"font-bold\">jedem Samstag<\/strong>\u00a0werden.\n  <\/p>\n<p>    <img decoding=\"async\" src=\"https:\/\/www.europesays.com\/de\/wp-content\/uploads\/2026\/07\/pxl20260706130619669.jpg\" alt=\"Ghettoblaster-Eisdiele in Hagsfeld.\" title=\"Ghettoblaster-Eisdiele in Hagsfeld.\" loading=\"lazy\" class=\"h-full w-full object-cover\"\/><\/p>\n<p>      Icon vergr\u00f6\u00dfern<\/p>\n<p>    Ghettoblaster-Eisdiele in Hagsfeld.<br \/>\n    Foto: Gerrit Lieb<\/p>\n<p>        Schlie\u00dfen <\/p>\n<p>      Icon Schlie\u00dfen<\/p>\n<p>        Icon vergr\u00f6\u00dfern<\/p>\n<p>        Icon verkleinern<\/p>\n<p>      Icon Pfeil bewegen<\/p>\n<p>    Ghettoblaster-Eisdiele in Hagsfeld.<br \/>\n    Foto: Gerrit Lieb<\/p>\n<p>            Chimi\u2018s Gelato soll Franchise werden<\/p>\n<p class=\"mb-6 text-xs-varying md:text-m lg:text-l font-serif group-[.font-sans]:font-sans \">\n    Und auch \u00fcberregional hat Cheng bereits weitere Pl\u00e4ne geschmiedet: \u201eIn Zukunft will ich ein Franchise daraus machen.\u201c <strong class=\"font-bold\">\u201eChimi\u2019s Gelato\u201c soll es laut seiner Vorstellung bald in ganz Baden-W\u00fcrttemberg geben<\/strong>: F\u00fcr jede Stadt eine eigene Eisdiele, wie sein Gettoblaster \u2013 hinzu kommen Eisbecher und Tropfschutz f\u00fcr die Eist\u00fcte mit eigenem Logo.\n  <\/p>\n<p class=\"mb-6 text-xs-varying md:text-m lg:text-l font-serif group-[.font-sans]:font-sans \">\n    Sein Wunsch f\u00fcr den zweiten Standort sei Heidelberg. Die Anfrage sei laut Cheng bereits bei der Stadt eingegangen, doch eine Antwort stehe noch aus. Wenn das gekl\u00e4rt ist, soll die Suche nach dem ersten Franchise-Partner beginnen.\n  <\/p>\n<p>    <img decoding=\"async\" src=\"https:\/\/images.mgpd.de\/img\/114679674\/crop\/c16_9-w100\/893287308\/1738081513\/pxl20260706130706722.jpg\" alt=\"Ghettoblaster-Eisdiele in Hagsfeld.\" title=\"Ghettoblaster-Eisdiele in Hagsfeld.\" loading=\"lazy\" class=\"h-full w-full object-cover\"\/><\/p>\n<p>      Icon vergr\u00f6\u00dfern<\/p>\n<p>    Ghettoblaster-Eisdiele in Hagsfeld.<br \/>\n    Foto: Gerrit Lieb<\/p>\n<p>        Schlie\u00dfen <\/p>\n<p>      Icon Schlie\u00dfen<\/p>\n<p>        Icon vergr\u00f6\u00dfern<\/p>\n<p>        Icon verkleinern<\/p>\n<p>      Icon Pfeil bewegen<\/p>\n<p>    Ghettoblaster-Eisdiele in Hagsfeld.<br \/>\n    Foto: Gerrit Lieb<\/p>\n<p>            Karlsruhe hat ein vielf\u00e4ltiges Eisangebot \u2013 mehr K\u00fchles in der Waffel gibt es hier!<\/p>\n","protected":false},"excerpt":{"rendered":"Seit dem 26. Juli hat Wingseng Cheng seine Ghettoblaster-Eisdiele \u201eChimi\u2018s Gelato\u201c beim ASV Hagsfeld er\u00f6ffnet. Das am selben&hellip;\n","protected":false},"author":2,"featured_media":1153330,"comment_status":"","ping_status":"","sticky":false,"template":"","format":"standard","meta":{"footnotes":"","_share_on_mastodon":"0"},"categories":[1844],"tags":[46776,1634,296,3364,29,27475,72658,50241,30,148542,152,8903,7376],"class_list":["post-1153329","post","type-post","status-publish","format-standard","has-post-thumbnail","category-karlsruhe","tag-asv-hagsfeld","tag-baden-wuerttemberg","tag-berlin","tag-de","tag-deutschland","tag-eisdiele","tag-eiskugel","tag-franchise","tag-germany","tag-hagsfeld","tag-instagram","tag-karlsruhe","tag-slowakei"],"share_on_mastodon":{"url":"https:\/\/pubeurope.com\/@de\/116887937023887099","error":""},"_links":{"self":[{"href":"https:\/\/www.europesays.com\/de\/wp-json\/wp\/v2\/posts\/1153329","targetHints":{"allow":["GET"]}}],"collection":[{"href":"https:\/\/www.europesays.com\/de\/wp-json\/wp\/v2\/posts"}],"about":[{"href":"https:\/\/www.europesays.com\/de\/wp-json\/wp\/v2\/types\/post"}],"author":[{"embeddable":true,"href":"https:\/\/www.europesays.com\/de\/wp-json\/wp\/v2\/users\/2"}],"replies":[{"embeddable":true,"href":"https:\/\/www.europesays.com\/de\/wp-json\/wp\/v2\/comments?post=1153329"}],"version-history":[{"count":0,"href":"https:\/\/www.europesays.com\/de\/wp-json\/wp\/v2\/posts\/1153329\/revisions"}],"wp:featuredmedia":[{"embeddable":true,"href":"https:\/\/www.europesays.com\/de\/wp-json\/wp\/v2\/media\/1153330"}],"wp:attachment":[{"href":"https:\/\/www.europesays.com\/de\/wp-json\/wp\/v2\/media?parent=1153329"}],"wp:term":[{"taxonomy":"category","embeddable":true,"href":"https:\/\/www.europesays.com\/de\/wp-json\/wp\/v2\/categories?post=1153329"},{"taxonomy":"post_tag","embeddable":true,"href":"https:\/\/www.europesays.com\/de\/wp-json\/wp\/v2\/tags?post=1153329"}],"curies":[{"name":"wp","href":"https:\/\/api.w.org\/{rel}","templated":true}]}}